{"id":678868,"date":"2026-01-21T10:46:34","date_gmt":"2026-01-21T10:46:34","guid":{"rendered":"https:\/\/www.europesays.com\/fr\/678868\/"},"modified":"2026-01-21T10:46:34","modified_gmt":"2026-01-21T10:46:34","slug":"vosges-le-film-de-vincent-munier-le-chant-des-forets-dope-les-entrees-du-cinema-de-remiremont-vosgesmatin-fr","status":"publish","type":"post","link":"https:\/\/www.europesays.com\/fr\/678868\/","title":{"rendered":"Vosges. Le film de Vincent Munier, Le chant des for\u00eats , dope les entr\u00e9es du cin\u00e9ma de Remiremont &#8211; vosgesmatin.fr"},"content":{"rendered":"<ol>\n<li><a href=\"https:\/\/news.google.com\/rss\/articles\/CBMi3AFBVV95cUxOVHRCUDZqZ3NnNGVEdzlkQVFvUXlCZ3FvTVJZaUJyUGlQZk4tVmsxWnpfXzUzRDFyLWJ0SWM0QlNnY3EySVFyZTRKNEhnc0xOUGZ1VnBObjBsVVY5SDR6U053SmJIbDVNZ0dfSWlzbmhobV9MMW85MHpWdlBnT3k1TEF4ZFhhSFpJREJ4R0NrMUJwU21NcV80MWZfTzVYOTNvbEE2Q2JYX2traWo5QkdKVXNpbHpPMTNhYXM1emxYRlJUdkxaNmw2dFdEeEtyUWVBY3FUTThwQjR3TUZZ?oc=5\" target=\"_blank\" rel=\"noopener\">Vosges. Le film de Vincent Munier, Le chant des for\u00eats , dope les entr\u00e9es du cin\u00e9ma de Remiremont<\/a>&nbsp;&nbsp;vosgesmatin.fr<\/li>\n<li><a href=\"https:\/\/news.google.com\/rss\/articles\/CBMisgFBVV95cUxNVXhfeTNwS0tMYjFfd0FtTXJ2UnB6WFU3LXNvbmNrQnJkcWp0TmczS0xPSDRYMjNQd0szeEZQNTkzeVczR1RSaGdLNWVmUmdQVWxjdjkzSjRoSUlEMDVib1BRN0xONmNqM0xwZERsLWtKMWctRng4RUgxcEFMcGs4YWs1WC1LNnJuVURjUEdMbkVVODRlLUpaTFFYNnlfVGRxTVhjOGg5ZHdQWVFmNlVMNHh3?oc=5\" target=\"_blank\" rel=\"noopener\">Thueyts. Le chant des for\u00eats , ode \u00e0 la nature \u00e0 voir vendredi 23<\/a>&nbsp;&nbsp;ledauphine.com<\/li>\n<li><a href=\"https:\/\/news.google.com\/rss\/articles\/CBMipgFBVV95cUxPeGNCV3owYjZjOUdsVVR4eDB1eUJ2N0tQWDZHM3RHRDJnRTdxZVZCZXFCNU4tLXJ4S0dVbHZSSF9sdzROZ1FfZGEtZnlzWUVsaTFmWW1QS3BhV2Y1VFR6Y3dabnhZc0xFTXFkTVpWVURIMUZBeUdOWUZNdXZMTEdGVERlZUlDcmljcjEwWnVmSEt3RnI4NG9pQ1hsbjU0TU05ZWpmRXpn?oc=5\" target=\"_blank\" rel=\"noopener\">Stenay. Ecouter Le Chant des for\u00eats \u00e0 L\u2019autre cit\u00e9<\/a>&nbsp;&nbsp;estrepublicain.fr<\/li>\n<li><a href=\"https:\/\/news.google.com\/rss\/articles\/CBMiqwFBVV95cUxOZUt3UnJHTGJNZFZHYnVhUDV5Um1ES1pEbW52NXpZMDdXcUlXWk5jdVVaMXVYTEdZRnJBa3NFbnVFTDF3WHRCRWRWcWJJT3MxRVVJTUFRZ0Y5YXBuWnoxLWh4V0pnR3hXYml2bXF5b3ZzSUpyQlBsbDJIM2FwWG9VQ0lnRWlUcEctMWl5Q3J6VVlUU2ZLWEdSbC13Rkp2TFozd2VvNVZSOVVFWGc?oc=5\" target=\"_blank\" rel=\"noopener\">Documentaire : \u00ab\u00a0Le Chant des for\u00eats\u00a0\u00bb, une superbe immersion dans les Vosges<\/a>&nbsp;&nbsp;RTBF<\/li>\n<\/ol>\n","protected":false},"excerpt":{"rendered":"Vosges. Le film de Vincent Munier, Le chant des for\u00eats , dope les entr\u00e9es du cin\u00e9ma de Remiremont&nbsp;&nbsp;vosgesmatin.fr&hellip;\n","protected":false},"author":2,"featured_media":678869,"comment_status":"","ping_status":"","sticky":false,"template":"","format":"standard","meta":{"footnotes":""},"categories":[1358],"tags":[47,1348,1384,1385,650,1687,1386,58,1798,59,107,1011,27,18924,42861,774],"class_list":{"0":"post-678868","1":"post","2":"type-post","3":"status-publish","4":"format-standard","5":"has-post-thumbnail","7":"category-arts-et-design","8":"tag-actualite","9":"tag-arts","10":"tag-arts-and-design","11":"tag-arts-et-design","12":"tag-cinema","13":"tag-culture-loisirs","14":"tag-design","15":"tag-divertissement","16":"tag-edition-remiremont-gerardmer","17":"tag-entertainment","18":"tag-fil-info","19":"tag-fr","20":"tag-france","21":"tag-remiremont","22":"tag-remiremont-ville-88a","23":"tag-vosges"},"share_on_mastodon":{"url":"https:\/\/pubeurope.com\/@fr\/115932691380475786","error":""},"_links":{"self":[{"href":"https:\/\/www.europesays.com\/fr\/wp-json\/wp\/v2\/posts\/678868","targetHints":{"allow":["GET"]}}],"collection":[{"href":"https:\/\/www.europesays.com\/fr\/wp-json\/wp\/v2\/posts"}],"about":[{"href":"https:\/\/www.europesays.com\/fr\/wp-json\/wp\/v2\/types\/post"}],"author":[{"embeddable":true,"href":"https:\/\/www.europesays.com\/fr\/wp-json\/wp\/v2\/users\/2"}],"replies":[{"embeddable":true,"href":"https:\/\/www.europesays.com\/fr\/wp-json\/wp\/v2\/comments?post=678868"}],"version-history":[{"count":0,"href":"https:\/\/www.europesays.com\/fr\/wp-json\/wp\/v2\/posts\/678868\/revisions"}],"wp:featuredmedia":[{"embeddable":true,"href":"https:\/\/www.europesays.com\/fr\/wp-json\/wp\/v2\/media\/678869"}],"wp:attachment":[{"href":"https:\/\/www.europesays.com\/fr\/wp-json\/wp\/v2\/media?parent=678868"}],"wp:term":[{"taxonomy":"category","embeddable":true,"href":"https:\/\/www.europesays.com\/fr\/wp-json\/wp\/v2\/categories?post=678868"},{"taxonomy":"post_tag","embeddable":true,"href":"https:\/\/www.europesays.com\/fr\/wp-json\/wp\/v2\/tags?post=678868"}],"curies":[{"name":"wp","href":"https:\/\/api.w.org\/{rel}","templated":true}]}}