{"id":678962,"date":"2026-01-21T11:42:17","date_gmt":"2026-01-21T11:42:17","guid":{"rendered":"https:\/\/www.europesays.com\/fr\/678962\/"},"modified":"2026-01-21T11:42:17","modified_gmt":"2026-01-21T11:42:17","slug":"philippe-aghion-il-faut-rehabiliter-la-politique-industrielle-en-europe","status":"publish","type":"post","link":"https:\/\/www.europesays.com\/fr\/678962\/","title":{"rendered":"Philippe Aghion: \u00ab\u00a0Il faut r\u00e9habiliter la politique industrielle en Europe\u00a0\u00bb"},"content":{"rendered":"<p>L&rsquo;Europe ne doit pas se laisser faire face \u00e0 Donald Trump. C&rsquo;est le message transmis dans une interview \u00e0 la RTS du prix Nobel d&rsquo;\u00e9conomie 2025 Philippe Aghion. Il faut d\u00e9fendre le Groenland, mais il voit aussi une opportunit\u00e9 unique pour l&rsquo;Europe de se renforcer<\/p>\n<p>Il ne faut pas c\u00e9der. Il faut s&rsquo;inspirer de Winston Churchill et dire \u00ab\u00a0non\u00a0\u00bb \u00e0 Donald Trump qui veut s&rsquo;attribuer le Groenland. Voil\u00e0 le message de Philippe Aghion, professeur d&rsquo;\u00e9conomie et laur\u00e9at du Nobel 2025. Pour le professeur au Coll\u00e8ge de France et \u00e0 l&rsquo;Insead, \u00ab\u00a0le danger de c\u00e9der, c&rsquo;est qu&rsquo;on ne s&rsquo;arr\u00eate jamais\u00a0\u00bb.<\/p>\n<p>Comment? Rencontr\u00e9 au Forum \u00e9conomique mondial \u00e0 Davos, Philippe Aghion \u00e9voque une riposte par les droits de douane, ce qu&rsquo;Emmanuel Macron a aussi cit\u00e9 dans son discours au WEF mardi. Mais Ursula von der Leyen qui s&rsquo;est exprim\u00e9e juste avant le pr\u00e9sident fran\u00e7ais a \u00e9t\u00e9 tr\u00e8s claire. Pour la pr\u00e9sidente de la Commission europ\u00e9enne, ce n&rsquo;est pas la solution. Rench\u00e9rir avec des taxes ne peut mener qu&rsquo;\u00e0 une escalade.<\/p>\n<p>Un moment charni\u00e8re pour l&rsquo;Europe<\/p>\n<p>Au-del\u00e0 de la r\u00e9action de court terme, l&rsquo;\u00e9conomiste fran\u00e7ais estime que l&rsquo;Europe est \u00e0 un moment charni\u00e8re, o\u00f9 les ambitions de Donald Trump sur le Groenland doivent faire l&rsquo;effet d&rsquo;un \u00e9lectrochoc pour relancer l&rsquo;int\u00e9gration europ\u00e9enne, \u00e0 commencer par la d\u00e9fense. Ensuite, poursuit-il, \u00ab\u00a0il faut que l&rsquo;Europe investisse davantage dans l&rsquo;innovation de rupture\u00a0\u00bb.<\/p>\n<blockquote class=\"rts-quote quote\">\n<p class=\"q-text\">Il faut que l&rsquo;Europe devienne l&rsquo;endroit o\u00f9 l&rsquo;innovation et la prochaine grande innovation se fassent<\/p>\n<p>  Philippe Aghion <\/p><\/blockquote>\n<p>Pour cela, il faut selon lui appliquer le rapport Draghi sur la comp\u00e9titivit\u00e9. L&rsquo;ancien pr\u00e9sident de la Banque centrale europ\u00e9enne et du conseil italien a publi\u00e9 en septembre 2024 des recommandations pour que l&rsquo;Europe rattrape son retard par rapport \u00e0 la Chine et aux Etats-Unis. Un rapport auquel Philippe Aghion a contribu\u00e9: \u00ab\u00a0Il faut que l&rsquo;Europe utilise ses atouts, qu&rsquo;elle les mette en valeur pour devenir \u00e0 nouveau un fer de lance de l&rsquo;innovation\u00a0\u00bb.<\/p>\n<p>Et il voit des signes positifs, comme le d\u00e9part de Yann LeCun, le sp\u00e9cialiste intelligence artificielle de Meta (Facebook) qui retourne en France pour cr\u00e9er sa start-up. \u00ab\u00a0Il faut que l&rsquo;Europe devienne l&rsquo;endroit o\u00f9 l&rsquo;innovation et la prochaine grande innovation se fassent.\u00a0\u00bb<\/p>\n<p>\u00ab\u00a0Renforcer le march\u00e9 unique\u00a0\u00bb<\/p>\n<p>En parall\u00e8le, le Vieux continent doit renforcer son march\u00e9 unique pour les biens et services et mettre en place les moyens de financer cette innovation, quitte \u00e0 impliquer un petit nombre de pays tr\u00e8s motiv\u00e9s au d\u00e9part avant de l&rsquo;\u00e9largir. \u00ab\u00a0Il faut \u00e9galement un march\u00e9 des capitaux et des investisseurs institutionnels, du capital risque pour d\u00e9velopper tout un \u00e9cosyst\u00e8me financier de l&rsquo;innovation dont nous manquons en Europe\u00a0\u00bb, poursuit l&rsquo;\u00e9conomiste. Qui mart\u00e8le: \u00ab\u00a0Il faut r\u00e9habiliter la politique industrielle en Europe\u00a0\u00bb. Il cite le DARPA, l&rsquo;agence de l&rsquo;arm\u00e9e am\u00e9ricaine pour l&rsquo;innovation qui finance la recherche dans des domaines jug\u00e9s strat\u00e9giques.<\/p>\n<p>Dans sa relance de l&rsquo;Europe, la Suisse a toute sa place, soutient Philippe Aghion, car les valeurs sont identiques: \u00ab\u00a0Nos valeurs, c&rsquo;est la libert\u00e9. Maintenant, on n&rsquo;est plus libre de parler comme on veut aux \u00c9tats-Unis. Chez nous, en Europe, on a la libert\u00e9. Le mod\u00e8le social, c&rsquo;est en Europe. On ne veut pas le mod\u00e8le social am\u00e9ricain, l&rsquo;environnement, c&rsquo;est chez nous \u00e9galement. On a des valeurs que nous d\u00e9fendons et c&rsquo;est pour \u00e7a que c&rsquo;est important que nous soyons le fer de lance de l&rsquo;innovation.\u00a0\u00bb<\/p>\n<p>Si Philippe Aghion est relativement optimiste pour l&rsquo;Europe, c&rsquo;est parce qu&rsquo;elle change quand elle est dans une situation d&rsquo;urgence. Il fait r\u00e9f\u00e9rence \u00e0 la crise du covid, suffisamment grave pour la pousser \u00e0 mettre en place des emprunts communs \u00e0 l&rsquo;\u00e9chelle de l&rsquo;Europe. Ou \u00e0 la crise de la dette o\u00f9 elle a d\u00fb s&rsquo;allier pour \u00e9viter l&rsquo;implosion de la zone euro.<\/p>\n<p class=\"sources\">Mathilde Farine<\/p>\n","protected":false},"excerpt":{"rendered":"L&rsquo;Europe ne doit pas se laisser faire face \u00e0 Donald Trump. C&rsquo;est le message transmis dans une interview&hellip;\n","protected":false},"author":2,"featured_media":678963,"comment_status":"","ping_status":"","sticky":false,"template":"","format":"standard","meta":{"footnotes":""},"categories":[1586],"tags":[11,75,33,6359,1777,674,1011,27,5701,223,26991,12,58519,316,2543,25,767,8619,8620],"class_list":{"0":"post-678962","1":"post","2":"type-post","3":"status-publish","4":"format-standard","5":"has-post-thumbnail","7":"category-europe","8":"tag-actualites","9":"tag-donald-trump","10":"tag-economie","11":"tag-economie-et-finances","12":"tag-eu","13":"tag-europe","14":"tag-fr","15":"tag-france","16":"tag-innovation","17":"tag-intelligence-artificielle","18":"tag-macro-economie","19":"tag-news","20":"tag-philippe-aghion","21":"tag-politique","22":"tag-relations-internationales","23":"tag-republique-francaise","24":"tag-science-et-technologie","25":"tag-technologie-de-linformation-et-informatique","26":"tag-technologie-et-ingenierie"},"share_on_mastodon":{"url":"https:\/\/pubeurope.com\/@fr\/115932911629686405","error":""},"_links":{"self":[{"href":"https:\/\/www.europesays.com\/fr\/wp-json\/wp\/v2\/posts\/678962","targetHints":{"allow":["GET"]}}],"collection":[{"href":"https:\/\/www.europesays.com\/fr\/wp-json\/wp\/v2\/posts"}],"about":[{"href":"https:\/\/www.europesays.com\/fr\/wp-json\/wp\/v2\/types\/post"}],"author":[{"embeddable":true,"href":"https:\/\/www.europesays.com\/fr\/wp-json\/wp\/v2\/users\/2"}],"replies":[{"embeddable":true,"href":"https:\/\/www.europesays.com\/fr\/wp-json\/wp\/v2\/comments?post=678962"}],"version-history":[{"count":0,"href":"https:\/\/www.europesays.com\/fr\/wp-json\/wp\/v2\/posts\/678962\/revisions"}],"wp:featuredmedia":[{"embeddable":true,"href":"https:\/\/www.europesays.com\/fr\/wp-json\/wp\/v2\/media\/678963"}],"wp:attachment":[{"href":"https:\/\/www.europesays.com\/fr\/wp-json\/wp\/v2\/media?parent=678962"}],"wp:term":[{"taxonomy":"category","embeddable":true,"href":"https:\/\/www.europesays.com\/fr\/wp-json\/wp\/v2\/categories?post=678962"},{"taxonomy":"post_tag","embeddable":true,"href":"https:\/\/www.europesays.com\/fr\/wp-json\/wp\/v2\/tags?post=678962"}],"curies":[{"name":"wp","href":"https:\/\/api.w.org\/{rel}","templated":true}]}}