{"id":678978,"date":"2026-01-21T11:55:21","date_gmt":"2026-01-21T11:55:21","guid":{"rendered":"https:\/\/www.europesays.com\/fr\/678978\/"},"modified":"2026-01-21T11:55:21","modified_gmt":"2026-01-21T11:55:21","slug":"eric-coquerel-lfi-appelle-la-fifa-a-deplacer-la-competition-hors-des-etats-unis","status":"publish","type":"post","link":"https:\/\/www.europesays.com\/fr\/678978\/","title":{"rendered":"\u00c9ric Coquerel (LFI) appelle la Fifa \u00e0 d\u00e9placer la comp\u00e9tition hors des \u00c9tats-Unis"},"content":{"rendered":"<p>\n    Le d\u00e9put\u00e9 invite la Fifa \u00e0 organiser la prochaine \u00e9dition uniquement au Mexique et au Canada.<\/p>\n<p class=\"fig-paragraph\">Le d\u00e9put\u00e9 LFI \u00c9ric Coquerel appelle mardi la Fifa \u00e0 ne jouer la Coupe du monde cet \u00e9t\u00e9 qu&rsquo;au Mexique et au Canada, en r\u00e9action \u00e0 la politique internationale du pr\u00e9sident am\u00e9ricain Donald Trump. \u00abS\u00e9rieux, on imagine aller jouer la Coupe du monde de foot dans un pays qui agresse ses voisins, menace d&rsquo;envahir le Groenland, d\u00e9truit le droit international, veut torpiller l&rsquo;ONU, instaure une milice fasciste et raciste dans son pays, y attaque les oppositions, interdit d&rsquo;acc\u00e8s \u00e0 l&rsquo;\u00e9preuve les supporters d&rsquo;une quinzaine de pays, pr\u00e9voit de bannir des stades tout signe LGBT etc&#8230;?\u00bb, \u00e9crit-il sur X. \u00abLa question se pose s\u00e9rieusement d&rsquo;autant qu&rsquo;il est encore possible de se recentrer sur le Mexique et le Canada\u00bb, juge le pr\u00e9sident de la commission des Finances de l&rsquo;Assembl\u00e9e nationale.<\/p>\n<p class=\"fig-paragraph\">\u00c0 moins de cinq mois du d\u00e9but de la coupe de Monde (11 juin-19 juillet), qui se joue dans trois pays (\u00c9tats-Unis, Canada, Mexique), un tel changement d&rsquo;attitude de la Fifa para\u00eet cependant peu probable. Lors du tirage au sort de la comp\u00e9tition d\u00e9but d\u00e9cembre, son pr\u00e9sident Gianni Infantino avait mis les petits plats dans les grands \u00e0 l&rsquo;\u00e9gard de Donald Trump en lui remettant son premier \u00abprix de la paix\u00bb de la f\u00e9d\u00e9ration de football.<\/p>\n<p>                                            <a class=\"fig-a11y-skip\" href=\"#fig-a11y-skip-main-inarticle\" data-module=\"a11y-skip\" data-context=\"was @visible\"><br \/>\n    Passer la publicit\u00e9<br \/>\n<\/a>            <\/p>\n<p class=\"fig-paragraph\"><strong>\u00c0 VOIR AUSSI &#8211; <\/strong>France et Norv\u00e8ge, Br\u00e9sil et Maroc&#8230; La composition des groupes pour la Coupe du monde 2026<\/p>\n","protected":false},"excerpt":{"rendered":"Le d\u00e9put\u00e9 invite la Fifa \u00e0 organiser la prochaine \u00e9dition uniquement au Mexique et au Canada. Le d\u00e9put\u00e9&hellip;\n","protected":false},"author":2,"featured_media":678979,"comment_status":"","ping_status":"","sticky":false,"template":"","format":"standard","meta":{"footnotes":""},"categories":[1410],"tags":[1981,451,6714,814,20535,63,1011,27,955,28931,4589,1463,28930,1980,60],"class_list":{"0":"post-678978","1":"post","2":"type-post","3":"status-publish","4":"format-standard","5":"has-post-thumbnail","7":"category-football","8":"tag-classement","9":"tag-coupe-du-monde","10":"tag-coupe-du-monde-2022","11":"tag-direct","12":"tag-eliminatoires","13":"tag-football","14":"tag-fr","15":"tag-france","16":"tag-match","17":"tag-phase-de-groupes","18":"tag-phase-finale","19":"tag-qatar","20":"tag-qualif","21":"tag-resultats","22":"tag-sports"},"share_on_mastodon":{"url":"https:\/\/pubeurope.com\/@fr\/115932962741730481","error":""},"_links":{"self":[{"href":"https:\/\/www.europesays.com\/fr\/wp-json\/wp\/v2\/posts\/678978","targetHints":{"allow":["GET"]}}],"collection":[{"href":"https:\/\/www.europesays.com\/fr\/wp-json\/wp\/v2\/posts"}],"about":[{"href":"https:\/\/www.europesays.com\/fr\/wp-json\/wp\/v2\/types\/post"}],"author":[{"embeddable":true,"href":"https:\/\/www.europesays.com\/fr\/wp-json\/wp\/v2\/users\/2"}],"replies":[{"embeddable":true,"href":"https:\/\/www.europesays.com\/fr\/wp-json\/wp\/v2\/comments?post=678978"}],"version-history":[{"count":0,"href":"https:\/\/www.europesays.com\/fr\/wp-json\/wp\/v2\/posts\/678978\/revisions"}],"wp:featuredmedia":[{"embeddable":true,"href":"https:\/\/www.europesays.com\/fr\/wp-json\/wp\/v2\/media\/678979"}],"wp:attachment":[{"href":"https:\/\/www.europesays.com\/fr\/wp-json\/wp\/v2\/media?parent=678978"}],"wp:term":[{"taxonomy":"category","embeddable":true,"href":"https:\/\/www.europesays.com\/fr\/wp-json\/wp\/v2\/categories?post=678978"},{"taxonomy":"post_tag","embeddable":true,"href":"https:\/\/www.europesays.com\/fr\/wp-json\/wp\/v2\/tags?post=678978"}],"curies":[{"name":"wp","href":"https:\/\/api.w.org\/{rel}","templated":true}]}}