{"id":678991,"date":"2026-01-21T12:04:10","date_gmt":"2026-01-21T12:04:10","guid":{"rendered":"https:\/\/www.europesays.com\/fr\/678991\/"},"modified":"2026-01-21T12:04:10","modified_gmt":"2026-01-21T12:04:10","slug":"david-et-victoria-beckham-leur-ancienne-ferme-anglaise-a-14-millions-deuros","status":"publish","type":"post","link":"https:\/\/www.europesays.com\/fr\/678991\/","title":{"rendered":"David et Victoria Beckham, leur ancienne ferme anglaise \u00e0 14 millions d\u2019euros"},"content":{"rendered":"<p>Ils se rencontrent en 1997, elle est alors au sommet avec les<br \/>\nSpice Girls, lui commence \u00e0 encha\u00eener les buts avec Manchester<br \/>\nUnited. David et Victoria Beckham forment depuis bient\u00f4t 30 ans<br \/>\nl\u2019un des couples les plus embl\u00e9matiques de la culture populaire<br \/>\nbritannique. Leur mariage, c\u00e9l\u00e9br\u00e9 en grande pompe en 1999, a<br \/>\nmarqu\u00e9 le d\u00e9but d\u2019une vie partag\u00e9e sous les projecteurs, entre<br \/>\nsport, musique, mode et business. David Beckham, v\u00e9ritable l\u00e9gende<br \/>\ndu football, a connu une carri\u00e8re exceptionnelle en club comme en<br \/>\ns\u00e9lection, avant de devenir copropri\u00e9taire de l\u2019Inter Miami CF. De<br \/>\nson c\u00f4t\u00e9, Victoria Beckham a op\u00e9r\u00e9 une reconversion remarqu\u00e9e dans<br \/>\nl\u2019univers de la mode, en lan\u00e7ant sa propre marque \u00e9ponyme.<br \/>\nEnsemble, ils ont quatre enfants\u00a0: Brooklyn, Romeo, Cruz et<br \/>\nHarper.<\/p>\n<p>Maison des Beckham, un cocon champ\u00eatre ultra luxe dans les<br \/>\nCotswolds<\/p>\n<p>Il y a encore quelques ann\u00e9es, les Beckham faisaient la une pour<br \/>\nleur ch\u00e2teau surnomm\u00e9 le <strong>Beckingham Palace<\/strong>. En<br \/>\n2026, place au charme brut de la campagne anglaise. Depuis pr\u00e8s de<br \/>\ndix ans, <strong>David et Victoria Beckham<\/strong> se retrouvent<br \/>\nloin du tumulte londonien dans leur <strong>manoir situ\u00e9 dans les<br \/>\nCotswolds<\/strong>, \u00e0 trois heures de route de <a href=\"https:\/\/www.lejournaldelamaison.fr\/le-journal-de-la-maison\/reportages-maisons\/julien-clerc-maison-londres-installation-famille-raisons-522749.html\" target=\"_blank\" rel=\"noopener\"><br \/>\n<strong>Londres<\/strong><\/a>, un havre de paix devenu leur<br \/>\nr\u00e9sidence secondaire pr\u00e9f\u00e9r\u00e9e.<\/p>\n<p>Ce <strong>domaine class\u00e9 Grade II<\/strong>, achet\u00e9 fin 2016<br \/>\npour environ <strong data-start=\"806\" data-end=\"830\">7,3 millions<br \/>\nd\u2019euros<\/strong>, est aujourd\u2019hui estim\u00e9 \u00e0 <strong>plus de 14<br \/>\nmillions d\u2019euros<\/strong>. Install\u00e9e pr\u00e8s de <strong>Chipping<br \/>\nNorton<\/strong>, non loin de la tr\u00e8s pris\u00e9e <strong>Soho<br \/>\nFarmhouse<\/strong>, la propri\u00e9t\u00e9 s\u2019\u00e9tend sur plusieurs hectares,<br \/>\navec <strong>grange r\u00e9nov\u00e9e, piscine<\/strong>, <strong>lac de<br \/>\nbaignade naturel<\/strong>, <a href=\"https:\/\/www.lejournaldelamaison.fr\/le-journal-de-la-maison\/reportages-maisons\/mbappe-villa-la-finca-madrid-luxe-securite-520023.html\" target=\"_blank\" rel=\"noopener\"><br \/>\n<strong>terrain de football<\/strong><\/a>, <strong>sauna<br \/>\nestonien<\/strong>, <strong>jardin potager<\/strong>,<br \/>\n<strong>verger<\/strong>, <strong>ruches<\/strong> et m\u00eame une<br \/>\n<strong>tente safari de 61 000 dollars<\/strong>. Le tout con\u00e7u avec<br \/>\nl\u2019aide du paysagiste <strong>Marcus Barnett<\/strong>, plusieurs<br \/>\nfois prim\u00e9 au <strong>Chelsea Flower Show<\/strong>.<\/p>\n<p>Un int\u00e9rieur \u00e0 la campagne, mais version Beckham<\/p>\n<p>Une fois la grille franchie, l\u2019ambiance est pos\u00e9e :<br \/>\n<strong>boiseries rustiques<\/strong>, <strong>murs en<br \/>\npierre<\/strong>, <strong>canap\u00e9 vert capitonn\u00e9<\/strong>,<br \/>\n<strong>chemin\u00e9e en brique<\/strong> et <strong>\u0153uvres de Tracey<br \/>\nEmin<\/strong> (une artiste contemporaine britannique tr\u00e8s c\u00e9l\u00e8bre).<br \/>\nLa cuisine affiche un <a href=\"https:\/\/www.lejournaldelamaison.fr\/le-journal-de-la-maison\/decoration-par-style\/deco-par-style\/couleurs-interieur-campagne-chic-qui-ne-sont-ni-le-blanc-ni-le-beige-470965.html\" target=\"_blank\" rel=\"noopener\"><br \/>\nstyle <strong>campagne chic<\/strong><\/a>, avec <strong>briques<br \/>\napparentes<\/strong>, <strong>armoires en bois brut<\/strong>,<br \/>\n<strong>\u00e9tag\u00e8res ouvertes<\/strong>, <strong>grande table<br \/>\nfamiliale<\/strong> et un <strong>four \u00e0 bois<\/strong> \u00e0 faire p\u00e2lir<br \/>\nn\u2019importe quel chef.<\/p>\n<p>Dans la s\u00e9rie <strong>Beckham<\/strong> sur Netflix, on aper\u00e7oit<br \/>\n<strong>David Beckham<\/strong> dans sa <strong>cave \u00e0 vin<\/strong>,<br \/>\nentour\u00e9 de bouteilles soigneusement rang\u00e9es. \u00ab\u00a0Le samedi<br \/>\nmatin, je me prom\u00e8ne ici. Je suis l\u00e0 de 11 heures \u00e0 21 heures, 22<br \/>\nheures, parfois plus tard, \u00e0 faire des grillades.\u00a0\u00bb<br \/>\nraconte-t-il dans l\u2019\u00e9pisode 3, \u00e0 propos de la grande tente<br \/>\next\u00e9rieure mont\u00e9e pr\u00e8s de <a href=\"https:\/\/www.lejournaldelamaison.fr\/le-journal-de-la-maison\/reportages-maisons\/maisons-reportages-maisons\/sadio-mane-sa-villa-en-construction-pres-de-bourges-533801.html\" target=\"_blank\" rel=\"noopener\"><br \/>\nla piscine<\/a>. Et pour ceux qui doutent encore du style de vie<br \/>\n<strong>\u00ab\u00a0slow luxury\u00a0\u00bb<\/strong> du couple, Victoria partageait il y<br \/>\na peu une vid\u00e9o TikTok dans laquelle elle montre<br \/>\n<strong>David<\/strong> s\u00a0\u00bboccupant de ses <strong>ruches<\/strong>,<br \/>\npendant que <strong>Harper<\/strong> peint les paysages.<br \/>\n\u00ab\u00a0Je voulais un endroit o\u00f9 nous pourrions nous<br \/>\n\u00e9vader\u00a0\u00bb, r\u00e9sume l\u2019ancien footballeur.<\/p>\n<blockquote class=\"instagram-media\" style=\"background: #ffffff;border: 0;margin: 1px;width: 100%;padding: 0;max-width: 500px;\" data-instgrm-permalink=\"https:\/\/www.instagram.com\/p\/DJSDkXQIBlY\/?img_index=1\" data-instgrm-version=\"14\"\/><p>\nDe Londres \u00e0 Miami, les autres<br \/>\nr\u00e9sidences des Beckham<\/p>\n<p>Leur base principale reste leur <strong>maison g\u00e9orgienne de<br \/>\nHolland Park<\/strong>, \u00e0 <strong>Londres<\/strong>, acquise en 2013<br \/>\npour 37,9 millions de dollars et enti\u00e8rement r\u00e9nov\u00e9e pour pr\u00e8s de<br \/>\n10 millions. On y trouve une <strong>piscine int\u00e9rieure<\/strong>,<br \/>\n<a href=\"https:\/\/www.lejournaldelamaison.fr\/le-journal-de-la-maison\/reportages-maisons\/maisons-reportages-maisons\/lara-fabian-paix-maison-250mc2b2-bromont-quebec-528482.html\" target=\"_blank\" rel=\"noopener\"><br \/>\n<strong>salle de sport<\/strong><\/a>, <strong>salon de<br \/>\ncoiffure<\/strong>, <strong>dressing g\u00e9ant<\/strong>, <strong>chambre<br \/>\nforte insonoris\u00e9e<\/strong>\u2026 et m\u00eame un <strong>tunnel d\u2019\u00e9vacuation<br \/>\nsous le jardin<\/strong>, selon plusieurs sources.<\/p>\n<p>Mais c\u2019est \u00e0 <a href=\"https:\/\/www.lejournaldelamaison.fr\/le-journal-de-la-maison\/reportages-maisons\/appartements\/charles-leclerc-appartement-luxueux-miam-simulateur-486402.html\" target=\"_blank\" rel=\"noopener\"><br \/>\n<strong>Miami<\/strong><\/a>, en 2023, que le couple a frapp\u00e9 fort :<br \/>\nun <strong>manoir de 80 millions de dollars<\/strong> situ\u00e9 sur<br \/>\n<strong>North Bay Road<\/strong>, face \u00e0 la <strong>baie de<br \/>\nBiscayne<\/strong>. Con\u00e7u par <strong>Choeff Levy Fischman<\/strong>,<br \/>\nla demeure compte <strong>9 chambres<\/strong>, <strong>9 salles de<br \/>\nbains<\/strong>, <strong>salle de sport<\/strong>,<br \/>\n<strong>spa<\/strong>, <strong>salle de cin\u00e9ma<\/strong>,<br \/>\n<strong>cuisine ext\u00e9rieure<\/strong> et <strong>vue<br \/>\npanoramique<\/strong>. Un cran au-dessus de leur <strong>penthouse<br \/>\ndans la tour One Thousand Museum<\/strong> sign\u00e9 <strong>Zaha<br \/>\nHadid<\/strong>, acquis en 2020 pour 24 millions de dollars. En<br \/>\nparall\u00e8le, les Beckham poss\u00e8dent aussi des biens \u00e0<br \/>\n<strong>Duba\u00ef<\/strong>, <strong>Madrid<\/strong>, <strong>la C\u00f4te<br \/>\nd\u2019Azur<\/strong>, sans oublier leurs premi\u00e8res acquisitions \u00e0<br \/>\n<strong>Manchester<\/strong>. Le tout formant un<br \/>\n<strong>portefeuille immobilier<\/strong> aussi impressionnant<br \/>\nqu\u2019\u00e9clectique, \u00e0 l\u2019image de leur parcours depuis leurs d\u00e9buts dans<br \/>\nles ann\u00e9es 90.<\/p>\n<p><script async src=\"\/\/www.instagram.com\/embed.js\"><\/script><\/p>\n","protected":false},"excerpt":{"rendered":"Ils se rencontrent en 1997, elle est alors au sommet avec les Spice Girls, lui commence \u00e0 encha\u00eener&hellip;\n","protected":false},"author":2,"featured_media":678992,"comment_status":"","ping_status":"","sticky":false,"template":"","format":"standard","meta":{"footnotes":""},"categories":[8],"tags":[5659,13041,8108,46611,3031,3396,28745,3226,68249,10183,8842,58,69925,59,12219,77555,9095,1011,27,757,3289,4657,3946,10650,77703,77702,35018,1969,9066,27192,33322],"class_list":{"0":"post-678991","1":"post","2":"type-post","3":"status-publish","4":"format-standard","5":"has-post-thumbnail","7":"category-divertissement","8":"tag-5659","9":"tag-a","10":"tag-ancienne","11":"tag-anglaise","12":"tag-au","13":"tag-avec","14":"tag-beckham","15":"tag-campagne","16":"tag-chic","17":"tag-deuros","18":"tag-david","19":"tag-divertissement","20":"tag-endroit","21":"tag-entertainment","22":"tag-et","23":"tag-evader","24":"tag-ferme","25":"tag-fr","26":"tag-france","27":"tag-je","28":"tag-leur","29":"tag-millions","30":"tag-nous","31":"tag-ou","32":"tag-pisci","33":"tag-pourrions","34":"tag-spectaculaire","35":"tag-style","36":"tag-un","37":"tag-victoria","38":"tag-voulais"},"share_on_mastodon":{"url":"https:\/\/pubeurope.com\/@fr\/115932998942846493","error":""},"_links":{"self":[{"href":"https:\/\/www.europesays.com\/fr\/wp-json\/wp\/v2\/posts\/678991","targetHints":{"allow":["GET"]}}],"collection":[{"href":"https:\/\/www.europesays.com\/fr\/wp-json\/wp\/v2\/posts"}],"about":[{"href":"https:\/\/www.europesays.com\/fr\/wp-json\/wp\/v2\/types\/post"}],"author":[{"embeddable":true,"href":"https:\/\/www.europesays.com\/fr\/wp-json\/wp\/v2\/users\/2"}],"replies":[{"embeddable":true,"href":"https:\/\/www.europesays.com\/fr\/wp-json\/wp\/v2\/comments?post=678991"}],"version-history":[{"count":0,"href":"https:\/\/www.europesays.com\/fr\/wp-json\/wp\/v2\/posts\/678991\/revisions"}],"wp:featuredmedia":[{"embeddable":true,"href":"https:\/\/www.europesays.com\/fr\/wp-json\/wp\/v2\/media\/678992"}],"wp:attachment":[{"href":"https:\/\/www.europesays.com\/fr\/wp-json\/wp\/v2\/media?parent=678991"}],"wp:term":[{"taxonomy":"category","embeddable":true,"href":"https:\/\/www.europesays.com\/fr\/wp-json\/wp\/v2\/categories?post=678991"},{"taxonomy":"post_tag","embeddable":true,"href":"https:\/\/www.europesays.com\/fr\/wp-json\/wp\/v2\/tags?post=678991"}],"curies":[{"name":"wp","href":"https:\/\/api.w.org\/{rel}","templated":true}]}}