{"id":67901,"date":"2025-05-01T22:28:24","date_gmt":"2025-05-01T22:28:24","guid":{"rendered":"https:\/\/www.europesays.com\/fr\/67901\/"},"modified":"2025-05-01T22:28:24","modified_gmt":"2025-05-01T22:28:24","slug":"hortense-suit-vic-a-bordeaux-marc-apprend-que-paul-aime-toujours-rose-le-resume-de-lepisode-1167-du-vendredi-2-mai-2025","status":"publish","type":"post","link":"https:\/\/www.europesays.com\/fr\/67901\/","title":{"rendered":"Hortense suit Vic \u00e0 Bordeaux, Marc apprend que Paul aime toujours Rose&#8230; Le r\u00e9sum\u00e9 de l\u2019\u00e9pisode 1167 du vendredi 2 mai 2025"},"content":{"rendered":"<p class=\"articleContent-meta\">\n        Hier \u00e0 18:55 &#8211; par             Naomie Boree<\/p>\n<p>                    Tweeter<\/p>\n<p>                    Partager sur Facebook<\/p>\n<p>                        <img decoding=\"async\" src=\"https:\/\/www.europesays.com\/fr\/wp-content\/uploads\/2025\/05\/zoi-severin-et-loan-becmont-d-ici-tout-commence-ont-repondu-a-notre-interview-guess-who.jpg\" alt=\"Player Video\" class=\"player-applyRatio poster exclude-seedtag\"\/><\/p>\n<p>Dans Ici tout commence ce vendredi 2 mai 2025, Hortense prend la d\u00e9cision de suivre Vic \u00e0 Bordeaux pour son traitement contre le cancer. Marc  organise une cr\u00e9maill\u00e8re surprise pour Rose et apprend pendant la soir\u00e9e que Paul tente de s\u00e9duire sa femme. Teyssier accepte que Ga\u00ebtan reprenne les cours de nutrition. <\/p>\n<p><b>Dans l\u2019\u00e9pisode d\u2019<\/b><b>Ici tout commence<\/b><b> du vendredi 2 mai<\/b>&#8230; <a href=\"https:\/\/www.programme.tv\/news\/series\/262088-ici-tout-commence-en-avance-vic-est-entre-la-vie-et-la-mort-lionel-fait-peur-a-emi-et-ines-metamorphose-teyssier-le-resume-de-lepisode-1165-du-mercredi-30-avril-2025\/\" target=\"_blank\" rel=\"noopener\">Hortense tente de convaincre Vic d&rsquo;\u00eatre soign\u00e9e par son m\u00e9decin,<\/a> au lieu de descendre \u00e0 Bordeaux pour suivre le traitement pr\u00e9conis\u00e9 par le m\u00e9decin de leur m\u00e8re. Enzo fait ses adieux \u00e0 l&rsquo;institut afin de suivre la jeune malade \u00e0 Bordeaux. Teyssier \u00e9value In\u00e8s pour son stage et prend la d\u00e9cision de nommer Ga\u00ebtan professeur de nutrition. Marc organise une f\u00eate surprise pour son emm\u00e9nagement avec Rose, mais la soir\u00e9e ne se passe pas comme pr\u00e9vu&#8230;<\/p>\n<p><b>Ici tout commence<\/b><b> en avance : <\/b>Hortense fait le choix de suivre Vic \u00e0 Bordeaux<\/p>\n<p>Vic pr\u00e9f\u00e8re \u00eatre soign\u00e9e de son cancer du sein \u00e0 Bordeaux, par le m\u00e9decin recommand\u00e9 par sa m\u00e8re et non pas celui conseill\u00e9 par Hortense, situ\u00e9 pr\u00e8s de l&rsquo;Institut. Mehdi encourage Hortense \u00e0 suivre Vic \u00e0 Bordeaux et lui explique qu&rsquo;il pourra faire des compromis en envisageant de rejoindre l&rsquo;\u00e9cole de cuisine de la ville, d\u00e8s la rentr\u00e9e. Hortense d\u00e9cide de suivre sa soeur et quitte l&rsquo;Institut. En attendant, le couple se verra les week-ends. De son c\u00f4t\u00e9, Enzo fait ses adieux au directeur et \u00e0 l&rsquo;ensemble du corps professoral, ainsi qu&rsquo;\u00e0 ses \u00e9l\u00e8ves, pour aussi suivre sa petite amie \u00e0 Bordeaux. Vic, elle, encourage son compagnon \u00e0 ne pas l\u00e2cher son poste de co-directeur pour venir avec elle et lui demande de rester \u00e0 l&rsquo;\u00e9cole. Enzo ne se prononce pas et semble r\u00e9fl\u00e9chir \u00e0 la suggestion.<\/p>\n<p>                                    <b>Ici tout commence<\/b><b> en avance : Paul r\u00e9v\u00e8le \u00e0 Marc qu&rsquo;il y a plus que de l&rsquo;amiti\u00e9 entre Rose et lui<\/b><\/p>\n<p>Marc est en pleine organisation de la cr\u00e9maill\u00e8re surprise pour Rose. <a href=\"https:\/\/www.programme.tv\/news\/series\/262014-ici-tout-commence-en-avance-furieux-teyssier-vire-fauvel-marc-et-rose-passent-un-cap-dans-leur-relation-le-resume-de-lepisode-1163-du-lundi-28-avril-2025\/\" target=\"_blank\" rel=\"noopener\">Cette derni\u00e8re a crois\u00e9 son ex-compagnon, Paul, <\/a>et lui a propos\u00e9 d&rsquo;aller boire un verre. Face \u00e0 son ancien partenaire, elle r\u00e9v\u00e8le qu&rsquo;elle s&rsquo;appr\u00eate \u00e0 emm\u00e9nager avec son petit ami, tandis que Marc fait irruption dans le bar, o\u00f9 il est surpris de retrouver Rose en compagnie de son ex. Lorsque Paul part, Rose rassure con compagnon sur la nature de leur relation, assurant qu&rsquo;ils sont rest\u00e9s amis. Plus tard, Marc emm\u00e8ne Rose chez eux, o\u00f9 elle d\u00e9couvre la f\u00eate surprise organis\u00e9e par son partenaire, en pr\u00e9sence de ses amis de l&rsquo;Institut et ainsi que de Jos\u00e9phine, une jeune femme fan du chef Leroy qui ambitionne d&rsquo;int\u00e9grer l&rsquo;\u00e9cole d\u00e8s la rentr\u00e9e. Plus t\u00f4t dans la journ\u00e9e, elle a visit\u00e9 l&rsquo;\u00e9tablissement aux c\u00f4t\u00e9s de Jasmine et de Souleymane, qui semble d\u00e9j\u00e0 sous le charme. Invit\u00e9 par Marc, Paul est de passage \u00e0 la soir\u00e9e, au cours de laquelle il lui insinue qu&rsquo;il y a toujours de l&rsquo;amour entre Rose et lui. Le compagnon de Rose est sous le choc.<\/p>\n<p>                <b>Ici tout commence<\/b><b> en avance : Teyssier offre le poste de professeur de nutrition \u00e0 Ga\u00ebtan<\/b><\/p>\n<p>Il est l&rsquo;heure pour Teyssier d&rsquo;\u00e9valuer son assistante en stage, In\u00e8s. La jeune adolescente de 15 ans rappelle au directeur qu&rsquo;elle a nomm\u00e9 les deux \u00e9l\u00e8ves qu&rsquo;il d\u00e9teste pour la corv\u00e9e du composte : Tom et Gaspard. Teyssier lui accorde la note de 20\/20. De son c\u00f4t\u00e9, Alice vante les m\u00e9rites de Ga\u00ebtan aupr\u00e8s du directeur et lui sugg\u00e8re de lui donner le poste de professeur de nutrition, <a href=\"https:\/\/www.programme.tv\/news\/series\/261970-ici-tout-commence-en-avance-mehdi-balance-le-cancer-de-vic-a-hortense-et-s-en-prend-a-doria-fauvel-le-resume-de-lepisode-1161-du-jeudi-24-avril-2025\/\" target=\"_blank\" rel=\"noopener\">apr\u00e8s le d\u00e9part de la cheffe Fauvel<\/a>. Teyssier accepte la proposition et Ga\u00ebtan est heureux d&rsquo;apprendre que sa compagne a pris les choses en main sur le sujet.<\/p>\n<p>Rejoignez-nous sur Google News !<\/p>\n<p class=\"articleContent-pushTagline\">Abonnez-vous \u00e0 <a href=\"https:\/\/news.google.com\/publications\/CAAiEJwr-IZFXDFoZD1ePbkC_VcqFAgKIhCcK_iGRVwxaGQ9Xj25Av1X\" target=\"_blank\" rel=\"noopener\">T\u00e9l\u00e9 2 semaines sur Google News<\/a> pour ne manquer aucune info !<\/p>\n","protected":false},"excerpt":{"rendered":"Hier \u00e0 18:55 &#8211; par Naomie Boree Tweeter Partager sur Facebook Dans Ici tout commence ce vendredi 2&hellip;\n","protected":false},"author":2,"featured_media":67902,"comment_status":"","ping_status":"","sticky":false,"template":"","format":"standard","meta":{"footnotes":""},"categories":[2817],"tags":[1111,11,1997,1777,674,16019,1011,27,16020,620,16018,2173,5249,12,2219,25,12660,199,12661],"class_list":{"0":"post-67901","1":"post","2":"type-post","3":"status-publish","4":"format-standard","5":"has-post-thumbnail","7":"category-bordeaux","8":"tag-actu","9":"tag-actualites","10":"tag-bordeaux","11":"tag-eu","12":"tag-europe","13":"tag-feuilleton","14":"tag-fr","15":"tag-france","16":"tag-guess-who","17":"tag-ici-tout-commence","18":"tag-ici-tout-commence-en-avance","19":"tag-interview","20":"tag-mytf1-max","21":"tag-news","22":"tag-nouvelle-aquitaine","23":"tag-republique-francaise","24":"tag-syndication","25":"tag-tf1","26":"tag-tm"},"share_on_mastodon":{"url":"https:\/\/pubeurope.com\/@fr\/114434939603657509","error":""},"_links":{"self":[{"href":"https:\/\/www.europesays.com\/fr\/wp-json\/wp\/v2\/posts\/67901","targetHints":{"allow":["GET"]}}],"collection":[{"href":"https:\/\/www.europesays.com\/fr\/wp-json\/wp\/v2\/posts"}],"about":[{"href":"https:\/\/www.europesays.com\/fr\/wp-json\/wp\/v2\/types\/post"}],"author":[{"embeddable":true,"href":"https:\/\/www.europesays.com\/fr\/wp-json\/wp\/v2\/users\/2"}],"replies":[{"embeddable":true,"href":"https:\/\/www.europesays.com\/fr\/wp-json\/wp\/v2\/comments?post=67901"}],"version-history":[{"count":0,"href":"https:\/\/www.europesays.com\/fr\/wp-json\/wp\/v2\/posts\/67901\/revisions"}],"wp:featuredmedia":[{"embeddable":true,"href":"https:\/\/www.europesays.com\/fr\/wp-json\/wp\/v2\/media\/67902"}],"wp:attachment":[{"href":"https:\/\/www.europesays.com\/fr\/wp-json\/wp\/v2\/media?parent=67901"}],"wp:term":[{"taxonomy":"category","embeddable":true,"href":"https:\/\/www.europesays.com\/fr\/wp-json\/wp\/v2\/categories?post=67901"},{"taxonomy":"post_tag","embeddable":true,"href":"https:\/\/www.europesays.com\/fr\/wp-json\/wp\/v2\/tags?post=67901"}],"curies":[{"name":"wp","href":"https:\/\/api.w.org\/{rel}","templated":true}]}}