{"id":679036,"date":"2026-01-21T12:30:21","date_gmt":"2026-01-21T12:30:21","guid":{"rendered":"https:\/\/www.europesays.com\/fr\/679036\/"},"modified":"2026-01-21T12:30:21","modified_gmt":"2026-01-21T12:30:21","slug":"les-tricolores-a-lheure-de-la-rentree","status":"publish","type":"post","link":"https:\/\/www.europesays.com\/fr\/679036\/","title":{"rendered":"Les Tricolores \u00e0 l&rsquo;heure de la rentr\u00e9e"},"content":{"rendered":"<p style=\"text-align: justify;\"><strong>Sortez vos starting-blocks et prenez vos pointes, c\u2019est l\u2019heure de la rentr\u00e9e ! Premi\u00e8re \u00e9tape du circuit Premium <a style=\"color: #000000;\" href=\"https:\/\/stadion-actu.fr\/meeting-de-nantes-aucun-retard-a-lallumage-pour-yanis-meziane-et-aurel-manga\/\" target=\"_blank\" rel=\"noopener\">Athl\u00e9<\/a> Tour, le Meeting de Nantes organise sa douzi\u00e8me \u00e9dition ce vendredi 23 janvier au Stadium Pierre-Quinon. <\/strong><strong>Amandine Brossier (400 m), B\u00e9r\u00e9nice Petit (perche) et plusieurs des meilleurs jeunes fran\u00e7ais <\/strong><strong>figurent parmi le contingent qui prendra part \u00e0 la r\u00e9union de la cit\u00e9 des Ducs. Un \u00e9v\u00e9nement qui fait aussi la part belle aux <\/strong><strong>athl\u00e8tes handisport qui seront mis en lumi\u00e8re. <\/strong><strong>La comp\u00e9tition sera \u00e0 suivre en direct et en int\u00e9gralit\u00e9 sur la cha\u00eene YouTube de Stadion. Analyse des <\/strong><strong style=\"color: #000000;\">principaux temps forts attendus.<\/strong><\/p>\n<p>\u00a0<\/p>\n<p><strong>60 m Femmes : La lutte s\u2019annonce passionnante<\/strong><\/p>\n<ul>\n<li><strong>Date et Heure<\/strong> : Vendredi 23 janvier \u2013 19h30 (s\u00e9ries) \/ 20h50 (finales) <\/li>\n<li><strong>Minima WA pour les Mondiaux de Torun<\/strong> : 7\u203320<\/li>\n<li><strong>Victoire 2025<\/strong> : Orlann Oliere en 7\u203330<\/li>\n<li><strong>Record du Meeting<\/strong> : Carolle Zahi en 7\u203315 (2018)<\/li>\n<\/ul>\n<p style=\"text-align: justify;\">Laur\u00e9ate lors des \u00e9ditions 2022 et 2024, l\u2019exp\u00e9riment\u00e9e portugaise<strong> Lor\u00e8ne Bazolo<\/strong> (7\u203317 en 2022, 42 ans) revient sur le tartan lig\u00e9rien pour tenter de grimper une nouvelle fois sur la plus haute marche du podium. Elle y trouvera une belle opposition incarn\u00e9e par la p\u00e9pite britannique <strong>Mabel Akande<\/strong> (7\u203324 en 2026), vice-championne d\u2019Europe U20 sur 100 m en 2025. Une course o\u00f9 seront aussi pr\u00e9sentes les Tricolores <strong>Sarah Richard-Mingas<\/strong> (7\u203336 en 2025), membre de l\u2019\u00e9quipe de France sur le relais 4\u00d7100 m, excellente quatri\u00e8me de la finale des JO de Paris, <strong>No\u00e9mie Denon<\/strong>\u00a0(7\u203341 en 2025), vice-championne de France Elite du 100 m et du 200 m en 2025, l\u2019espoir\u00a0<strong style=\"text-align: justify;\">Vanessa Lokuli<\/strong> (7\u203330 en 2025), championne de France U23 l\u2019hiver dernier sur 60 m, <strong style=\"color: #000000;\">Pamera Losange<\/strong>\u00a0(7\u203338 en 2019), championne de France Elite du 200 m en plein air (2023) et en salle (2024),\u00a0<strong style=\"color: #000000;\">Naomily Oeslick<\/strong> (7\u203339 en 2026) et la junior\u00a0<strong>Lohane Gerbier<\/strong> (7\u203351 en 2025), championne de France U20 sur 100 m en 11\u203331.<\/p>\n<p>\u00a0<\/p>\n<p><strong>60 m Hommes : De nombreux pr\u00e9tendants \u00e0 la victoire<\/strong><\/p>\n<ul>\n<li><strong>Date et Heure<\/strong> : Vendredi 23 janvier \u2013 19h40 (s\u00e9ries) \/ 21h05 (finales) <\/li>\n<li><strong>Minima WA pour les Mondiaux de Torun<\/strong> : 6\u203359<\/li>\n<li><strong>Victoire 2025<\/strong> : Mamadou Fall Sarr en 6\u203361<\/li>\n<li><strong>Record du Meeting<\/strong> : Kyle De Escofet (2017) et Mamadou Fall Sarr (2025) en 6\u203361<\/li>\n<\/ul>\n<p style=\"text-align: justify;\">Qui sera flash\u00e9 en premier ce vendredi \u00e0 21h05 ? Le recordman cubain sur la ligne droite en salle <strong>Jenns Reynold Fernandez Alfonso<\/strong> poss\u00e8de la meilleure performance des engag\u00e9s avec un chrono de 6\u203348 (2024) et a dans le viseur le record du Meeting de Nantes cod\u00e9tenu par le Britannique Kyle De Escofet (6\u203361 en 2017) et le S\u00e9n\u00e9galais Mamadou Fall Sarr (6\u203361 en 2025). La lutte pour la gagne devrait aussi concerner\u00a0le Sud-Africain\u00a0<strong>Tsebo Matsoso<\/strong>\u00a0(6\u203359 en 2025), le Nig\u00e9rian\u00a0<strong>Alaba Olukunle Akintola<\/strong>\u00a0(6\u203360 en 2025),\u00a0le Portugais <strong>Carlos Nascimento<\/strong> (6\u203361 en 2025), sans oublier le Mauricien du NMA <strong>Orph\u00e9e Topize<\/strong>, vainqueur des R\u00e9gionaux des Pays de la Loire en 6\u203373.<\/p>\n<p style=\"text-align: justify;\">Les cartes tricolores se porteront sur <strong>William Aguessy<\/strong> (6\u203364 en 2023), en bronze aux \u00ab\u00a0Elite\u00a0\u00bb 2025 sur 100 m \u00e0 Talence, <strong>Dylan Vermont<\/strong>\u00a0(6\u203370 en 2024),\u00a0<strong>Edmilson Varela<\/strong> (6\u203371 en 2024), <strong>Harold Achi-Yao<\/strong> (6\u203373 en 2022),\u00a0l\u2019espoir<strong>\u00a0Lenny Chanteur<\/strong> (6\u203375 en 2024), champion d\u2019Europe U20 du 4\u00d7100 m l\u2019\u00e9t\u00e9 dernier \u00e0 Tampere (Finlande), et le sprinteur du Nantes M\u00e9tropole Athl\u00e9tisme <strong>Dejan Ottou<\/strong> (6\u203387), champion d\u2019Europe cadets 2022 du 200 m.<\/p>\n<p>\u00a0<\/p>\n<p><strong>400 m Femmes : Amandine Brossier en reconqu\u00eate face \u00e0 une championne olympique<\/strong><\/p>\n<ul>\n<li><strong>Date et Heure<\/strong> : Vendredi 23 janvier \u2013 20h05 (finales directes)<\/li>\n<li><strong>Minima WA pour les Mondiaux de Torun<\/strong> : 51\u203375<\/li>\n<li><strong>Victoire 2025<\/strong> : Eva Santidrian en 52\u203383<\/li>\n<li><strong>Record du Meeting<\/strong> : Louise Maraval en 52\u203358 (2024)<\/li>\n<\/ul>\n<p style=\"text-align: justify;\">Imp\u00e9riale \u00e0 Nantes en 2022 puis troisi\u00e8me en 2023, l\u2019Angevine <strong>Amandine Brossier<\/strong> (51\u203367 en 2024, 50\u203343 en plein air en 2024 \u00e0 Monaco) est de retour sur l\u2019anneau nantais et fera sa rentr\u00e9e des classes. La deuxi\u00e8me performeuse de l\u2019histoire sur le double tour de piste en salle, derri\u00e8re Marie-Jos\u00e9 P\u00e9rec (51\u203344 en 1996 \u00e0 Li\u00e9vin), devra se m\u00e9fier de plusieurs de ses adversaires, \u00e0 commencer par la pointure am\u00e9ricaine <strong>Quanera Hayes<\/strong> (51\u203309 en 2016), championne olympique \u00e0 Paris en 2024 sur le 4\u00d7400 m mixte et double championne du monde (2017 et 2025) sur le relais 4\u00d7400 m f\u00e9minin, ainsi que\u00a0vainqueure de la finale de la Diamond League en 2021. Les Tch\u00e8ques <strong style=\"color: #000000;\">Lada Vondrova<\/strong> (51\u203341 en 2024) et <strong style=\"color: #000000;\">Tereza Petrzilkova<\/strong> (51\u203388 en 2024), ainsi que sa camarade du collectif du 4\u00d7400 m tricolore <strong>Emma Montoya<\/strong> (53\u203302 en 2024) leur donneront \u00e9galement une r\u00e9plique de qualit\u00e9.<\/p>\n<p>\u00a0<\/p>\n<p><strong>60 m haies Femmes : Alia Armstrong sort du lot<\/strong><\/p>\n<ul>\n<li><strong>Date et Heure<\/strong> : Vendredi 23 janvier \u2013 19h00 (s\u00e9ries) \/ 21h20 (finales) <\/li>\n<li><strong>Minima WA pour les Mondiaux de Torun<\/strong> : 8\u203302<\/li>\n<li><strong>Victoire 2025<\/strong> : Jyothi Yarraji en 8\u203304<\/li>\n<li><strong>Record du Meeting<\/strong> : Cyr\u00e9na Samba-Mayela en 7\u203395 (2023)<\/li>\n<\/ul>\n<p style=\"text-align: justify;\">Le 60 m haies f\u00e9minin devrait valoir le coup d\u2019\u0153il avec la participation de l\u2019Am\u00e9ricaine <strong>Alia Armstrong <\/strong>(7\u203381 en 2025), quatri\u00e8me des Mondiaux de Eugene en 2022 et d\u00e9j\u00e0 flash\u00e9e en 12\u203332 (2025) sur 100 m haies, chassera un gros chrono. La course pourrait aussi sourire \u00e0 la Nig\u00e9riane <strong>Adaobi Tabugbo<\/strong> (7\u203399 en 2025), la Polonaise <strong>Marika Majewska<\/strong> (8\u203306 en 2024), en bronze \u00e0 l\u2019Euro U20 en 2021 sur 100 m haies, et \u00e0 la Malgache <strong>Sidonie Fiadanantsoa<\/strong> (8\u203307 en 2024) qui peuvent toutes viser le podium, au cours d\u2019une course qui s\u2019annonce tr\u00e8s dense et serr\u00e9e. <\/p>\n<p style=\"text-align: justify;\">Un peu plus loin, on retrouve <strong>Clara Ingoglia<\/strong> (8\u203318 en 2025), championne de France chez les \u00ab\u00a0Nationaux\u00a0\u00bb l\u2019an pass\u00e9, <strong style=\"color: #000000;\">M\u00e9lissa Benfatah<\/strong> (8\u203319 en 2025), vice-championne d\u2019Europe 2025 du 100 m haies chez les U20, <strong>Laura Montauban<\/strong> (8\u203323 en 2025), championne de France U20 sur 100 m haies en 2025, et la junior <strong>Tha\u00efs Cursaz<\/strong> (8\u203356), double championne de France cadettes sur 60 m haies (2024 et 2025). Les performances seront de toute \u00e9vidence au rendez-vous.<\/p>\n<p>\u00a0<\/p>\n<p><strong>60 m haies Hommes : Les hurdlers tricolores en force<\/strong><\/p>\n<ul>\n<li><strong>Date et Heure<\/strong> : Vendredi 23 janvier \u2013 19h15 (s\u00e9ries) \/ 21h35 (finales)<\/li>\n<li><strong>Minima WA pour les Mondiaux de Torun<\/strong> : 7\u203365<\/li>\n<li><strong>Victoire 2025<\/strong> : Aurel Manga en 7\u203360<\/li>\n<li><strong>Record du Meeting<\/strong> : Wilhem Belocian (en s\u00e9ries, 2024) et Dimitri Bascou (2015) en 7\u203354<\/li>\n<\/ul>\n<p style=\"text-align: justify;\">Le 60 m haies masculin promet d\u2019\u00eatre un temps fort du meeting. Le Jama\u00efcain <strong>Giano Roberts<\/strong>, champion universitaire NCAA en 2023 et cr\u00e9dit\u00e9 de 7\u203355 au cours de sa carri\u00e8re, le champion national de R\u00e9publique tch\u00e8que <strong>Jonas Kolomaznik<\/strong> (7\u203364 en 2025), le S\u00e9n\u00e9galais <strong>Louis Fran\u00e7ois Mendy<\/strong> (13\u203318 sur 110 m haies en 2023) et le Mauricien du NMA\u00a0<strong style=\"color: #000000;\">J\u00e9r\u00e9mie Lararaudeuse<\/strong> (7\u203365) seront \u00e0 suivre de pr\u00e8s. Les courses avec obstacles devraient offrir du grand spectacle avec les hurdlers fran\u00e7ais <strong>M<\/strong><strong>att\u00e9o Ngo<\/strong> (7\u203365), l\u2019olympien <strong>Rapha\u00ebl Mohamed<\/strong> (7\u203368 en 2025), <strong>J\u00e9r\u00e9mie Nzoungou<\/strong> (7\u203369 en 2026), <strong>Thomas Wilkes<\/strong> (7\u203371 en 2026),<strong>\u00a0<\/strong><strong>L\u00e9o El Achkar<\/strong> (7\u203376) et <strong>Ronan Greff<\/strong> (7\u203376).<\/p>\n<p>\u00a0<\/p>\n<p><strong>Perche Femmes : B\u00e9r\u00e9nice Petit au bout du sautoir<\/strong><\/p>\n<ul>\n<li style=\"text-align: left;\"><strong>Date et Heure<\/strong> : Vendredi 23 janvier \u2013 19h00 <\/li>\n<li style=\"text-align: left;\"><strong>Minima WA pour les Mondiaux de Torun<\/strong> : 4,70 m<\/li>\n<li style=\"text-align: left;\"><strong>Victoire 2025<\/strong> : Misaki Morota avec 4,40 m<\/li>\n<li style=\"text-align: left;\"><strong>Record du Meeting<\/strong> : Misaki Morota avec 4,40 m (2025)<\/li>\n<\/ul>\n<p style=\"text-align: justify;\">Les spectateurs auront le privil\u00e8ge d\u2019assister, pour la sixi\u00e8me fois \u00e0 Nantes, \u00e0 un concours de saut \u00e0 la perche. Parmi les engag\u00e9es, on compte notamment sur <strong>B\u00e9r\u00e9nice Petit<\/strong>, vice-championne de France Elite en titre, qui vient de signer la plus belle victoire de sa carri\u00e8re dimanche dernier au <a style=\"color: #000000;\" href=\"https:\/\/stadion-actu.fr\/resultats-du-week-end-record-de-france-espoirs-adele-gay-sur-1500-m-au-luxembourg\/\" target=\"_blank\" rel=\"noopener\">Luxembourg<\/a> en franchissant 4,45 m. Deuxi\u00e8me dans la cit\u00e9 des Ducs en 2024, l\u2019Orl\u00e9anaise (7e performeuse hexagonale de tous les temps avec 4,54 m) pourrait devenir la perchiste la plus haute de l\u2019\u00e9crin nantais chez les dames. Un titre honorifique actuellement d\u00e9tenu par la Japonaise Misaki Morota avec 4,40 m lors de la pr\u00e9c\u00e9dente \u00e9dition. Les pensionnaires de l\u2019EA Mondeville H\u00e9rouville<strong>\u00a0<\/strong><strong>Louise Boulent<\/strong> (4,36 m), championne de France U20 \u00e0 Albi en 2024, et <strong>Nayah Cauvin<\/strong> (4,36 m), vice-championne de France Elite en salle 2025, ainsi que la prometteuse cadette <strong>Isild Drouet<\/strong> (4,15 m), qui pourrait s\u2019emparer du record de France de sa cat\u00e9gorie dans le courant de la saison (4,25 m par Emma Brentel en 2019), figurent \u00e9galement sur la start-list.<\/p>\n<p>\u00a0<\/p>\n<p><strong>Il faudra avoir les yeux partout<\/strong><\/p>\n<p style=\"text-align: justify;\">Parmi les autres \u00e9preuves et temps forts de la soir\u00e9e \u00e0 mettre en exergue, le concours de longueur f\u00e9minin rassemblera l\u2019Ivoirienne <strong>Marie-Jeanne Ourega<\/strong> (6,58 m en 2022), la Fran\u00e7aise <strong>Vanessa Lokuli<\/strong> (6,46 m en 2026) et la Slovaque <strong>Paula Peroncikova<\/strong> (6,44 m en 2025), et le 400 m messieurs devrait se r\u00e9sumer \u00e0 un duel entre <strong>Maxime Wassmer<\/strong> (46\u203374 en 2025), vice-champion d\u2019Europe U23 sur 4\u00d7400 m en 2025, et <strong>Simon Deschamps<\/strong> (47\u203318 en 2025), champion de France Elite du 400 m haies en 2025. <\/p>\n<p style=\"text-align: justify;\">Le Pr\u00e9-Meeting sera aussi d\u2019un bon niveau avec les juniors <strong>Ma\u00ebl-Bephassou-Lannurien<\/strong> (7\u203374), en argent lors du Festival Olympique de la Jeunesse Europ\u00e9enne sur 110 m haies,\u00a0 et <strong>Travis Collet<\/strong> (7\u203377), troisi\u00e8me sur 400 m sur la m\u00eame comp\u00e9tition continentale, qui croiseront le fer sur 60 m haies. On restera attentif \u00e0 la prestation de\u00a0la cadette <strong style=\"color: #000000;\">Ma\u00ebva Foret<\/strong> (24\u203321 en 2025), align\u00e9e sur 200 m. Avec l\u2019accompagnement du Cr\u00e9dit Mutuel, de plus en plus de meetings fran\u00e7ais ont l\u2019excellente id\u00e9e d\u2019int\u00e9grer cet hiver des \u00e9preuves handisport \u00e0 leur programme. Le Meeting de Nantes a en effet souhait\u00e9 innover en accueillant un 60 m, un 400 m et un concours de longueur qui verra \u00e0 l\u2019\u0153uvre le double m\u00e9daill\u00e9 paralympique <strong>Ronan Pallier<\/strong> (55 ans).<\/p>\n<p>\u00a0<\/p>\n<\/p>\n<p>\u00a0<\/p>\n<p><strong>En direct sur la cha\u00eene YouTube de Stadion<\/strong><\/p>\n<p style=\"text-align: justify;\">Stadion propose, aux fans d\u2019athl\u00e9tisme que nous sommes et que vous \u00eates, une retransmission de la comp\u00e9tition. Pour suivre en direct et en int\u00e9gralit\u00e9 le Meeting de Nantes ce vendredi, il suffira de vous brancher sur <strong><a style=\"color: #5791c4;\" href=\"https:\/\/www.youtube.com\/@stadion-actu\/streams\" target=\"_blank\" rel=\"noopener\">notre cha\u00eene YouTube<\/a><\/strong> d\u00e8s 19h00, gr\u00e2ce aux images fournies par les organisateurs.<\/p>\n<p style=\"text-align: left;\">Cr\u00e9dit photo : <strong>Jean-Luc Juvin<\/strong> \/ STADION<\/p>\n","protected":false},"excerpt":{"rendered":"Sortez vos starting-blocks et prenez vos pointes, c\u2019est l\u2019heure de la rentr\u00e9e ! Premi\u00e8re \u00e9tape du circuit Premium&hellip;\n","protected":false},"author":2,"featured_media":679037,"comment_status":"","ping_status":"","sticky":false,"template":"","format":"standard","meta":{"footnotes":""},"categories":[2818],"tags":[5734,1111,11,77706,4132,814,1777,674,1011,27,77707,766,12,2636,5240,25],"class_list":{"0":"post-679036","1":"post","2":"type-post","3":"status-publish","4":"format-standard","5":"has-post-thumbnail","7":"category-nantes","8":"tag-5734","9":"tag-actu","10":"tag-actualites","11":"tag-amandine-brossier","12":"tag-athletisme","13":"tag-direct","14":"tag-eu","15":"tag-europe","16":"tag-fr","17":"tag-france","18":"tag-meeting-de-nantes","19":"tag-nantes","20":"tag-news","21":"tag-pays-de-la-loire","22":"tag-programme","23":"tag-republique-francaise"},"share_on_mastodon":{"url":"https:\/\/pubeurope.com\/@fr\/115933100392206106","error":""},"_links":{"self":[{"href":"https:\/\/www.europesays.com\/fr\/wp-json\/wp\/v2\/posts\/679036","targetHints":{"allow":["GET"]}}],"collection":[{"href":"https:\/\/www.europesays.com\/fr\/wp-json\/wp\/v2\/posts"}],"about":[{"href":"https:\/\/www.europesays.com\/fr\/wp-json\/wp\/v2\/types\/post"}],"author":[{"embeddable":true,"href":"https:\/\/www.europesays.com\/fr\/wp-json\/wp\/v2\/users\/2"}],"replies":[{"embeddable":true,"href":"https:\/\/www.europesays.com\/fr\/wp-json\/wp\/v2\/comments?post=679036"}],"version-history":[{"count":0,"href":"https:\/\/www.europesays.com\/fr\/wp-json\/wp\/v2\/posts\/679036\/revisions"}],"wp:featuredmedia":[{"embeddable":true,"href":"https:\/\/www.europesays.com\/fr\/wp-json\/wp\/v2\/media\/679037"}],"wp:attachment":[{"href":"https:\/\/www.europesays.com\/fr\/wp-json\/wp\/v2\/media?parent=679036"}],"wp:term":[{"taxonomy":"category","embeddable":true,"href":"https:\/\/www.europesays.com\/fr\/wp-json\/wp\/v2\/categories?post=679036"},{"taxonomy":"post_tag","embeddable":true,"href":"https:\/\/www.europesays.com\/fr\/wp-json\/wp\/v2\/tags?post=679036"}],"curies":[{"name":"wp","href":"https:\/\/api.w.org\/{rel}","templated":true}]}}