{"id":679064,"date":"2026-01-21T12:46:10","date_gmt":"2026-01-21T12:46:10","guid":{"rendered":"https:\/\/www.europesays.com\/fr\/679064\/"},"modified":"2026-01-21T12:46:10","modified_gmt":"2026-01-21T12:46:10","slug":"plus-dun-millier-de-manifestants-kurdes-rassembles-aux-invalides-onze-interpellations","status":"publish","type":"post","link":"https:\/\/www.europesays.com\/fr\/679064\/","title":{"rendered":"plus d\u2019un millier de manifestants kurdes rassembl\u00e9s aux Invalides, onze interpellations"},"content":{"rendered":"<p>\n    \u00abSuite \u00e0 des jets de projectiles, dont un mortier d\u2019artifice, en leur direction, les forces de l\u2019ordre sont intervenues en vue de la dispersion du rassemblement\u00bb, souligne la pr\u00e9fecture de police de Paris.<\/p>\n<p class=\"fig-paragraph\">Onze personnes ont \u00e9t\u00e9 interpell\u00e9es apr\u00e8s des incidents en marge d&rsquo;un rassemblement non d\u00e9clar\u00e9 de la\u00a0<a href=\"http:\/\/www.lefigaro.fr\/faits-divers\/kurdes-tues-a-paris-colere-et-pleurs-lors-de-l-hommage-de-la-communaute-20230103\" data-fig-type=\"Article\" data-gtm-custom-categorie=\"navigation\" data-gtm-custom-action=\"crossclick\" data-gtm-custom-label=\"Contextuel\" data-gtm-event=\"customEventSPE\" data-fig-domain=\"LEFIGARO\" target=\"_blank\" rel=\"noopener\">communaut\u00e9 kurde<\/a>\u00a0ayant r\u00e9uni 1.200 personnes selon les autorit\u00e9s mardi soir \u00e0 Paris, a indiqu\u00e9 mercredi la pr\u00e9fecture de police \u00e0 l&rsquo;AFP. Ce rassemblement s&rsquo;est d\u00e9roul\u00e9 de 17H00 \u00e0 19H45 mardi soir, sur la place des Invalides, d\u00e9taille la pr\u00e9fecture de police (PP) de Paris.<\/p>\n<p class=\"fig-paragraph\">\u00abSuite \u00e0 des jets de projectiles, dont un\u00a0<a href=\"http:\/\/www.lefigaro.fr\/actualite-france\/nouvel-an-pourquoi-est-il-si-facile-de-se-procurer-des-mortiers-d-artifice-utilises-contre-la-police-20251230\" data-fig-type=\"Article\" data-gtm-custom-categorie=\"navigation\" data-gtm-custom-action=\"crossclick\" data-gtm-custom-label=\"Contextuel\" data-gtm-event=\"customEventSPE\" data-fig-domain=\"LEFIGARO\" target=\"_blank\" rel=\"noopener\">mortier d&rsquo;artifice<\/a> , en leur direction, les forces de l&rsquo;ordre sont intervenues en vue de la dispersion du rassemblement\u00bb, souligne la PP. Onze personnes ont \u00e9t\u00e9 interpell\u00e9es pour regroupement en vue de commettre des d\u00e9gradations ainsi que violences sur personnes d\u00e9positaires de l&rsquo;autorit\u00e9 publique. Quatre policiers ont \u00e9t\u00e9 l\u00e9g\u00e8rement bless\u00e9s.<\/p>\n<p>                                            <a class=\"fig-a11y-skip\" href=\"#fig-a11y-skip-main-inarticle\" data-module=\"a11y-skip\" data-context=\"was @visible\"><br \/>\n    Passer la publicit\u00e9<br \/>\n<\/a>            <\/p>\n<p>                                            Plusieurs manifestations en France<\/p>\n<p class=\"fig-paragraph\">D&rsquo;autres manifestations ont \u00e9t\u00e9 organis\u00e9es en France, notamment \u00e0\u00a0<a href=\"http:\/\/www.lefigaro.fr\/actualite-france\/prise-d-otages-de-l-airbus-de-marignane-ces-54-heures-d-angoisse-et-16-minutes-de-guerre-qui-ont-forge-la-legende-du-gign-20241225\" data-fig-type=\"Article\" data-gtm-custom-categorie=\"navigation\" data-gtm-custom-action=\"crossclick\" data-gtm-custom-label=\"Contextuel\" data-gtm-event=\"customEventSPE\" data-fig-domain=\"LEFIGARO\" target=\"_blank\" rel=\"noopener\">Marignane\u00a0<\/a>(Bouches-du-Rh\u00f4ne) o\u00f9 400 personnes se sont r\u00e9unies. Neuf policiers ont \u00e9t\u00e9 bless\u00e9s, selon une source polici\u00e8re \u00e0 l&rsquo;AFP. \u00c0 Villiers-le-Bel (Val-d&rsquo;Oise), il y eu huit interpellations et deux policiers l\u00e9g\u00e8rement bless\u00e9s.<\/p>\n<p class=\"fig-paragraph\">Selon une autre source polici\u00e8re, un rassemblement inopin\u00e9 avait d\u00e9j\u00e0 eu lieu, lundi soir, place de la R\u00e9publique \u00e0 Paris, r\u00e9unissant 400 personnes en soutien \u00e0 la r\u00e9sistance de\u00a0<a href=\"http:\/\/www.lefigaro.fr\/international\/syrie-comment-ahmed-al-charaa-a-defait-les-kurdes-grace-au-lachage-americain-20260120\" data-fig-type=\"Article\" data-gtm-custom-categorie=\"navigation\" data-gtm-custom-action=\"crossclick\" data-gtm-custom-label=\"Contextuel\" data-gtm-event=\"customEventSPE\" data-fig-domain=\"LEFIGARO\" target=\"_blank\" rel=\"noopener\">la province syrienne du Rojava<\/a>\u00a0et pour d\u00e9noncer les assassinats en cours de Kurdes par\u00a0<a href=\"http:\/\/www.lefigaro.fr\/international\/l-etat-islamique-revendique-un-attentat-contre-un-restaurant-chinois-a-kaboul-20260119\" data-fig-type=\"NewsFlash\" data-gtm-custom-categorie=\"navigation\" data-gtm-custom-action=\"crossclick\" data-gtm-custom-label=\"Contextuel\" data-gtm-event=\"customEventSPE\" data-fig-domain=\"LEFIGARO\" target=\"_blank\" rel=\"noopener\">les djihadistes de l&rsquo;Etat islamique<\/a>\u00a0(EI).<\/p>\n<p class=\"fig-paragraph\">Les forces de l&rsquo;ordre ont d\u00fb intervenir apr\u00e8s des d\u00e9bordements et des jets de projectiles. Toujours selon cette source polici\u00e8re, un groupe d&rsquo;environ 60 personnes a investi les locaux de l&rsquo;h\u00f4pital Saint-Louis, sans commettre de d\u00e9gradation. Cinq interpellations ont eu lieu et six policiers ont \u00e9t\u00e9 l\u00e9g\u00e8rement bless\u00e9s.<\/p>\n","protected":false},"excerpt":{"rendered":"\u00abSuite \u00e0 des jets de projectiles, dont un mortier d\u2019artifice, en leur direction, les forces de l\u2019ordre sont&hellip;\n","protected":false},"author":2,"featured_media":679065,"comment_status":"","ping_status":"","sticky":false,"template":"","format":"standard","meta":{"footnotes":""},"categories":[1888],"tags":[11,1777,674,1011,27,15516,38913,1272,12,626,25],"class_list":{"0":"post-679064","1":"post","2":"type-post","3":"status-publish","4":"format-standard","5":"has-post-thumbnail","7":"category-paris","8":"tag-actualites","9":"tag-eu","10":"tag-europe","11":"tag-fr","12":"tag-france","13":"tag-interpellations","14":"tag-kurdes","15":"tag-manifestations","16":"tag-news","17":"tag-paris","18":"tag-republique-francaise"},"share_on_mastodon":{"url":"https:\/\/pubeurope.com\/@fr\/115933163573899878","error":""},"_links":{"self":[{"href":"https:\/\/www.europesays.com\/fr\/wp-json\/wp\/v2\/posts\/679064","targetHints":{"allow":["GET"]}}],"collection":[{"href":"https:\/\/www.europesays.com\/fr\/wp-json\/wp\/v2\/posts"}],"about":[{"href":"https:\/\/www.europesays.com\/fr\/wp-json\/wp\/v2\/types\/post"}],"author":[{"embeddable":true,"href":"https:\/\/www.europesays.com\/fr\/wp-json\/wp\/v2\/users\/2"}],"replies":[{"embeddable":true,"href":"https:\/\/www.europesays.com\/fr\/wp-json\/wp\/v2\/comments?post=679064"}],"version-history":[{"count":0,"href":"https:\/\/www.europesays.com\/fr\/wp-json\/wp\/v2\/posts\/679064\/revisions"}],"wp:featuredmedia":[{"embeddable":true,"href":"https:\/\/www.europesays.com\/fr\/wp-json\/wp\/v2\/media\/679065"}],"wp:attachment":[{"href":"https:\/\/www.europesays.com\/fr\/wp-json\/wp\/v2\/media?parent=679064"}],"wp:term":[{"taxonomy":"category","embeddable":true,"href":"https:\/\/www.europesays.com\/fr\/wp-json\/wp\/v2\/categories?post=679064"},{"taxonomy":"post_tag","embeddable":true,"href":"https:\/\/www.europesays.com\/fr\/wp-json\/wp\/v2\/tags?post=679064"}],"curies":[{"name":"wp","href":"https:\/\/api.w.org\/{rel}","templated":true}]}}