{"id":679081,"date":"2026-01-21T12:55:09","date_gmt":"2026-01-21T12:55:09","guid":{"rendered":"https:\/\/www.europesays.com\/fr\/679081\/"},"modified":"2026-01-21T12:55:09","modified_gmt":"2026-01-21T12:55:09","slug":"direct-pluie-inondation-et-crues-en-bretagne-la-route-de-penhors-effondree-les-quais-de-quimperle-inondes-letelegramme-fr","status":"publish","type":"post","link":"https:\/\/www.europesays.com\/fr\/679081\/","title":{"rendered":"DIRECT &#8211; Pluie-inondation et crues en Bretagne : la route de Penhors effondr\u00e9e, les quais de Quimperl\u00e9 inond\u00e9s &#8211; letelegramme.fr"},"content":{"rendered":"<ol>\n<li><a href=\"https:\/\/news.google.com\/rss\/articles\/CBMi5wFBVV95cUxOTmgwaW9ZcS1HVzE1R0ItVHZ4amJGMnc1UDJnR2JoaEtXRFdVTW1ITWNUY01RWm5xb2w2SGoxZGg3cS1HS1dheHIwTGdpTENoaVlJQlBtTTg3TnptUkNsODJ2QU1uSXlnVkxvNUx4bzV1ZUlSZFlEOUhfX1FVbFlrd2ZDVTVxN1hfWDJmcHFWV0R1RzBES05uaE5MazF3czFWSGRKMTVoNl9UTk5YcmJXTUR6eTJ2aHA5bWxwWDVQWWpZVjZSZld3T2hBcGJQdzhOSnZFbjBseThyZlBVQy03czNfVFFlaVE?oc=5\" target=\"_blank\" rel=\"noopener\">DIRECT &#8211; Pluie-inondation et crues en Bretagne : la route de Penhors effondr\u00e9e, les quais de Quimperl\u00e9 inond\u00e9s<\/a>&nbsp;&nbsp;letelegramme.fr<\/li>\n<li><a href=\"https:\/\/news.google.com\/rss\/articles\/CBMimAJBVV95cUxNSlBiQTUzT0hCNmRtVUhqR3h0WXZiSmlPSXV1ZFNLY0p1eExYM01RWld1V3A5TmdiR29TYjhSWFNsQUdZd0pacFhsT3p4SUMwRzdTWlBXbTB4UzFfYUxlamEzcUotZk12U0VuMTBnU01SSFJtVlFlNUdrNFdEVW5OeDFzbW9zN3dwMzNlLVczTHNZaF9hRlZ6Z2poVm1vRWpXNm5LWUpTXzVIZVM3X2k2OEd6NHExRjNNUXAwbUUwYWYwZUFCdzV5TjFCUWh4cHk4QWJvdWxoWEgxV3ROLVZLNHoyUExtN2lHMlZnRTdqUndDbHBEQ3dNYUlPMlNVdERUeUZoelRVaHJiRVZKcHl0N1JaaFBnVlIt?oc=5\" target=\"_blank\" rel=\"noopener\">Inondations en Finist\u00e8re : 33 interventions des pompiers, routes ferm\u00e9es, mar\u00e9es\u2026 \u00c0 quoi s\u2019attendre pour la suite ?<\/a>&nbsp;&nbsp;Ouest-France<\/li>\n<li><a href=\"https:\/\/news.google.com\/rss\/articles\/CBMipgJBVV95cUxPRWV4YXhJNElMUlcwS3V2QUlFTHk2dzZfVlpDeUFvX1hVUElJc29VVFo4R3E1U3RRVDQ5Zk83dUNZeFh0dS0ycldfWTNKTFhMMGRtdEc3VDNKeVo2RFBFelRKdmUxX2dDZXMwNXhzUXZKblZMWTUtY0h0bkh2SFhzOWItYk40cnRKSFA4SkIyYzV3Y1dXZ2hxLUdBMXlfZzJzeWJRQ1llUWd4Q0ltZVUteDZpN1BEd0pQUlJ6Qm5FQUU4eURTSnNub0NtTndsV2lMVHRsODEyR2lCU0xDNEFxcG1hQXlrdXBVbXJkenFnazluWFlUY0RxYzlFM3dIM2pNNHlhUXZqTkRFTVFUYU1wWld4NGVNNFhQY05CenEyVTFDUWJUVXc?oc=5\" target=\"_blank\" rel=\"noopener\">\u00ab Penhors ne sera plus jamais pareil apr\u00e8s \u00e7a \u00bb : \u00e0 Pouldreuzic, la c\u00e9l\u00e8bre route du Vent solaire a c\u00e9d\u00e9, des habitants d\u00e9sabus\u00e9s [En images]<\/a>&nbsp;&nbsp;letelegramme.fr<\/li>\n<li><a href=\"https:\/\/news.google.com\/rss\/articles\/CBMikgJBVV95cUxOcE1tam9mUFp0WUR4QWlOc1U3Z2Z0d0tvdTc1X3RLU1k4aDJPTWp5dFlndGZnUTdXNmdyREV4WW5fbUg1NEY0MzdDRDdMWWd4cDVra2hkVDRycWJTQWZfSHVHZW1xM2xtZFNjb0NpeHZEcVVmeGo3aWpKaE9FNEk3UnNhTmw3Q0tocVFIbVlQUVNNU25pSkNTNXlZYVVybTgwWEJXbVdjYURRV2dIOW9OeHRrYzVjV2N2d3o5NkFFTEZ6bHd4SmFfYTBlUFhrZzFOTEJZcDRLQW5LVXJrbG11ZEpjMkhEQzJmd1BOSXNfSDlIdlc5WVdnak90bzB5eTNYek1vTmFSclZYVTNPb2dpTDFB?oc=5\" target=\"_blank\" rel=\"noopener\">Crues en Bretagne: \u00ab\u00a0Il se peut que la La\u00efta passe par dessus les barri\u00e8res anti-inondation\u00a0\u00bb, explique le maire de Quimperl\u00e9 (Finist\u00e8re)<\/a>&nbsp;&nbsp;BFM<\/li>\n<li><a href=\"https:\/\/news.google.com\/rss\/articles\/CBMi8gFBVV95cUxOYWJlV1dCU1ZSVjZabllBX090b0hjVGhTMWlOYmF4azVHeVE1czdHcTBGMldsMFFYVDVuSzdEM1V2cGwwa1Mxc09EWkNZeXhJcGVUOFRMd2ttY2w0bE1iNU53VU9oY2ZWVFBjbV8xLVhqTTd4YlpWUEpjRFFPUlhtX0lIbGJQVVpQc2hGQmVnMzNQSm9KOFBqclI5Mmk0emJZVnMyS1RvdTlnTk9kLWJuVTBSbnFJdmdxc3FiVzVaUi00cC1LMmJ6NmhaUkR2bUlZRnZRWVFSZU15ZG9oVEdNVTZxbTdWbm9fdVZ3MEtHMzNoQQ?oc=5\" target=\"_blank\" rel=\"noopener\">VID\u00c9OS &#8211; Plusieurs cours d&rsquo;eau du Finist\u00e8re et du Morbihan en vigilance crues, \u00e0 Quimper des commerces barricad\u00e9s<\/a>&nbsp;&nbsp;francebleu.fr<\/li>\n<\/ol>\n","protected":false},"excerpt":{"rendered":"DIRECT &#8211; Pluie-inondation et crues en Bretagne : la route de Penhors effondr\u00e9e, les quais de Quimperl\u00e9 inond\u00e9s&nbsp;&nbsp;letelegramme.fr&hellip;\n","protected":false},"author":2,"featured_media":679082,"comment_status":"","ping_status":"","sticky":false,"template":"","format":"standard","meta":{"footnotes":""},"categories":[2],"tags":[11,829,765,3321,1011,27,2839,2487,21570,3729,12,25],"class_list":{"0":"post-679081","1":"post","2":"type-post","3":"status-publish","4":"format-standard","5":"has-post-thumbnail","7":"category-actualites","8":"tag-actualites","9":"tag-bretagne","10":"tag-en-continu","11":"tag-finistere","12":"tag-fr","13":"tag-france","14":"tag-inondations","15":"tag-meteo","16":"tag-meteo-en-bretagne","17":"tag-morbihan","18":"tag-news","19":"tag-republique-francaise"},"share_on_mastodon":{"url":"https:\/\/pubeurope.com\/@fr\/115933198669296836","error":""},"_links":{"self":[{"href":"https:\/\/www.europesays.com\/fr\/wp-json\/wp\/v2\/posts\/679081","targetHints":{"allow":["GET"]}}],"collection":[{"href":"https:\/\/www.europesays.com\/fr\/wp-json\/wp\/v2\/posts"}],"about":[{"href":"https:\/\/www.europesays.com\/fr\/wp-json\/wp\/v2\/types\/post"}],"author":[{"embeddable":true,"href":"https:\/\/www.europesays.com\/fr\/wp-json\/wp\/v2\/users\/2"}],"replies":[{"embeddable":true,"href":"https:\/\/www.europesays.com\/fr\/wp-json\/wp\/v2\/comments?post=679081"}],"version-history":[{"count":0,"href":"https:\/\/www.europesays.com\/fr\/wp-json\/wp\/v2\/posts\/679081\/revisions"}],"wp:featuredmedia":[{"embeddable":true,"href":"https:\/\/www.europesays.com\/fr\/wp-json\/wp\/v2\/media\/679082"}],"wp:attachment":[{"href":"https:\/\/www.europesays.com\/fr\/wp-json\/wp\/v2\/media?parent=679081"}],"wp:term":[{"taxonomy":"category","embeddable":true,"href":"https:\/\/www.europesays.com\/fr\/wp-json\/wp\/v2\/categories?post=679081"},{"taxonomy":"post_tag","embeddable":true,"href":"https:\/\/www.europesays.com\/fr\/wp-json\/wp\/v2\/tags?post=679081"}],"curies":[{"name":"wp","href":"https:\/\/api.w.org\/{rel}","templated":true}]}}