{"id":679096,"date":"2026-01-21T13:10:23","date_gmt":"2026-01-21T13:10:23","guid":{"rendered":"https:\/\/www.europesays.com\/fr\/679096\/"},"modified":"2026-01-21T13:10:23","modified_gmt":"2026-01-21T13:10:23","slug":"quand-la-star-internationale-dua-lipa-fait-la-pub-dun-vin-dauvergne-rhone-alpes","status":"publish","type":"post","link":"https:\/\/www.europesays.com\/fr\/679096\/","title":{"rendered":"Quand la star internationale Dua Lipa fait la pub d&rsquo;un vin d&rsquo;Auvergne-Rh\u00f4ne-Alpes"},"content":{"rendered":"<p>La chanteuse britannique Dua Lipa a visiblement beaucoup aim\u00e9 un vin de la r\u00e9gion puisqu&rsquo;elle en a fait la pub. Il s&rsquo;agit du vin des C\u00f4tes d&rsquo;Auvergne, dans le Puy-de-D\u00f4me !<\/p>\n<p>C&rsquo;est un bon coup de pub pour les vignobles du Puy-de-D\u00f4me ! Ce samedi 17 janvier, sur son compte <b>Instagram<\/b>, la chanteuse britannique<b> Dua Lipa<\/b>, de passage <a class=\"url\" href=\"https:\/\/www.radioscoop.com\/search.php\" target=\"_blank\" rel=\"noopener\">dans la r\u00e9gion au printemps 2025<\/a>, a post\u00e9 en story la photo d&rsquo;une bouteille de vin produit \u00e0 <b>Orcet<\/b>, dans les <b>C\u00f4tes d&rsquo;Auvergne<\/b> !\u00a0<\/p>\n<p>En l&rsquo;occurence, une bouteille de vin rouge <a class=\"url\" href=\"https:\/\/www.lacaveduchateau.com\/marie-et-vincent-tricot-3-bonhommes-2022-rouge-vtric3bonrc22b7ccu1.html\" target=\"_blank\" rel=\"noopener\">\u00ab\u00a03 bonhommes\u00a0\u00bb<\/a> du domaine de <b>Marie et Vincent Tricot, <\/b>\u00ab\u00a0un pinot noir fin et gourmand \u00e9lev\u00e9 en cuve\u00a0\u00bb.<\/p>\n<p>Le couple est \u00e0 la t\u00eate de ce <b>domaine de cinq hectares<\/b> depuis plus de 20 ans. Un domaine convertit \u00e0 l&rsquo;<b>agriculture biologique<\/b> depuis le d\u00e9but des ann\u00e9es 1970.\u00a0<\/p>\n<p>On rappelle que <b>l&rsquo;alcool est \u00e0 consommer avec mod\u00e9ration<\/b>. L&rsquo;abus d&rsquo;alcool est dangereux pour la sant\u00e9.\u00a0<\/p>\n<p><img loading=\"lazy\" decoding=\"async\" src=\"https:\/\/www.europesays.com\/fr\/wp-content\/uploads\/2026\/01\/1769001023_115_img.png\" width=\"350\" height=\"200\" border=\"0\" title=\"Maxence Brovill\u00c3\u00a9 (au milieu) a remport\u00c3\u00a9 le titre de Mister France 2026\"\/><\/p>\n<p>\u25baSoci\u00e9t\u00e9<\/p>\n<p style=\"font-size: 22px;\"><b>Mister France 2026 est Auvergnat !<\/b><\/p>\n<p>Maxence Brovill\u00e9, repr\u00e9sentant l&rsquo;Auvergne, a \u00e9t\u00e9&#8230;<\/p>\n<p><\/p>\n","protected":false},"excerpt":{"rendered":"La chanteuse britannique Dua Lipa a visiblement beaucoup aim\u00e9 un vin de la r\u00e9gion puisqu&rsquo;elle en a fait&hellip;\n","protected":false},"author":2,"featured_media":679097,"comment_status":"","ping_status":"","sticky":false,"template":"","format":"standard","meta":{"footnotes":""},"categories":[1355],"tags":[1695,58,21687,59,1011,27,1361,873,38353,1662],"class_list":{"0":"post-679096","1":"post","2":"type-post","3":"status-publish","4":"format-standard","5":"has-post-thumbnail","7":"category-musique","8":"tag-chanson","9":"tag-divertissement","10":"tag-dua-lipa","11":"tag-entertainment","12":"tag-fr","13":"tag-france","14":"tag-music","15":"tag-musique","16":"tag-puy-de-dome","17":"tag-vin"},"share_on_mastodon":{"url":"https:\/\/pubeurope.com\/@fr\/115933257673670989","error":""},"_links":{"self":[{"href":"https:\/\/www.europesays.com\/fr\/wp-json\/wp\/v2\/posts\/679096","targetHints":{"allow":["GET"]}}],"collection":[{"href":"https:\/\/www.europesays.com\/fr\/wp-json\/wp\/v2\/posts"}],"about":[{"href":"https:\/\/www.europesays.com\/fr\/wp-json\/wp\/v2\/types\/post"}],"author":[{"embeddable":true,"href":"https:\/\/www.europesays.com\/fr\/wp-json\/wp\/v2\/users\/2"}],"replies":[{"embeddable":true,"href":"https:\/\/www.europesays.com\/fr\/wp-json\/wp\/v2\/comments?post=679096"}],"version-history":[{"count":0,"href":"https:\/\/www.europesays.com\/fr\/wp-json\/wp\/v2\/posts\/679096\/revisions"}],"wp:featuredmedia":[{"embeddable":true,"href":"https:\/\/www.europesays.com\/fr\/wp-json\/wp\/v2\/media\/679097"}],"wp:attachment":[{"href":"https:\/\/www.europesays.com\/fr\/wp-json\/wp\/v2\/media?parent=679096"}],"wp:term":[{"taxonomy":"category","embeddable":true,"href":"https:\/\/www.europesays.com\/fr\/wp-json\/wp\/v2\/categories?post=679096"},{"taxonomy":"post_tag","embeddable":true,"href":"https:\/\/www.europesays.com\/fr\/wp-json\/wp\/v2\/tags?post=679096"}],"curies":[{"name":"wp","href":"https:\/\/api.w.org\/{rel}","templated":true}]}}