{"id":679112,"date":"2026-01-21T13:19:11","date_gmt":"2026-01-21T13:19:11","guid":{"rendered":"https:\/\/www.europesays.com\/fr\/679112\/"},"modified":"2026-01-21T13:19:11","modified_gmt":"2026-01-21T13:19:11","slug":"direct-vigilance-orange-pluie-inondation-en-finistere-sud-deja-fragilisee-la-route-du-vent-solaire-a-penhors-sest-effondree-video","status":"publish","type":"post","link":"https:\/\/www.europesays.com\/fr\/679112\/","title":{"rendered":"DIRECT &#8211; Vigilance orange pluie-inondation en Finist\u00e8re-Sud : d\u00e9j\u00e0 fragilis\u00e9e, la route du Vent solaire \u00e0 Penhors s&rsquo;est effondr\u00e9e [Vid\u00e9o]"},"content":{"rendered":"<p>Des coupures d&rsquo;\u00e9lectricit\u00e9 signal\u00e9es \u00e0 Quimper et p\u00e9riph\u00e9rie<\/p>\n<p>Enedis signale des coupures d&rsquo;\u00e9lectricit\u00e9 li\u00e9es aux inondations avant un r\u00e9tablissement pr\u00e9vu vers 13 h \u00e0 Quimper, Pluguffan et Plomelin dans les zones suivantes : avenue Pierre-Mendes-France, all\u00e9e Matilin an Dall, chemin de Ti N\u00e9vez Kerlagatu, all\u00e9e de Kersale, route de Pont-l&rsquo;Abb\u00e9, route de Plomelin, rue des Noisetiers, Alez Hir, le Penker, Hent beg ar Polhoad, rue de Bel air, rue Jean-Cam, route de Porzhmoalig, all\u00e9e de Kersale d&rsquo;en haut, chemin de Vujid Vihan. La panne a \u00e9t\u00e9 prononc\u00e9e \u00e0 5 h 49 sur le r\u00e9seau \u00e0 moyenne tension. Le probl\u00e8me est en cours de localisation pour un r\u00e9tablissement pr\u00e9vu \u00e0 13 h.<\/p>\n","protected":false},"excerpt":{"rendered":"Des coupures d&rsquo;\u00e9lectricit\u00e9 signal\u00e9es \u00e0 Quimper et p\u00e9riph\u00e9rie Enedis signale des coupures d&rsquo;\u00e9lectricit\u00e9 li\u00e9es aux inondations avant un&hellip;\n","protected":false},"author":2,"featured_media":679113,"comment_status":"","ping_status":"","sticky":false,"template":"","format":"standard","meta":{"footnotes":""},"categories":[4],"tags":[11,29014,829,3322,3320,765,3321,5127,1011,27,12,3323,3319,25],"class_list":{"0":"post-679112","1":"post","2":"type-post","3":"status-publish","4":"format-standard","5":"has-post-thumbnail","7":"category-france","8":"tag-actualites","9":"tag-audierne","10":"tag-bretagne","11":"tag-concarneau","12":"tag-douarnenez","13":"tag-en-continu","14":"tag-finistere","15":"tag-fouesnant","16":"tag-fr","17":"tag-france","18":"tag-news","19":"tag-pont-labbe","20":"tag-quimper","21":"tag-republique-francaise"},"share_on_mastodon":{"url":"https:\/\/pubeurope.com\/@fr\/115933293035240843","error":""},"_links":{"self":[{"href":"https:\/\/www.europesays.com\/fr\/wp-json\/wp\/v2\/posts\/679112","targetHints":{"allow":["GET"]}}],"collection":[{"href":"https:\/\/www.europesays.com\/fr\/wp-json\/wp\/v2\/posts"}],"about":[{"href":"https:\/\/www.europesays.com\/fr\/wp-json\/wp\/v2\/types\/post"}],"author":[{"embeddable":true,"href":"https:\/\/www.europesays.com\/fr\/wp-json\/wp\/v2\/users\/2"}],"replies":[{"embeddable":true,"href":"https:\/\/www.europesays.com\/fr\/wp-json\/wp\/v2\/comments?post=679112"}],"version-history":[{"count":0,"href":"https:\/\/www.europesays.com\/fr\/wp-json\/wp\/v2\/posts\/679112\/revisions"}],"wp:featuredmedia":[{"embeddable":true,"href":"https:\/\/www.europesays.com\/fr\/wp-json\/wp\/v2\/media\/679113"}],"wp:attachment":[{"href":"https:\/\/www.europesays.com\/fr\/wp-json\/wp\/v2\/media?parent=679112"}],"wp:term":[{"taxonomy":"category","embeddable":true,"href":"https:\/\/www.europesays.com\/fr\/wp-json\/wp\/v2\/categories?post=679112"},{"taxonomy":"post_tag","embeddable":true,"href":"https:\/\/www.europesays.com\/fr\/wp-json\/wp\/v2\/tags?post=679112"}],"curies":[{"name":"wp","href":"https:\/\/api.w.org\/{rel}","templated":true}]}}