{"id":679126,"date":"2026-01-21T13:27:08","date_gmt":"2026-01-21T13:27:08","guid":{"rendered":"https:\/\/www.europesays.com\/fr\/679126\/"},"modified":"2026-01-21T13:27:08","modified_gmt":"2026-01-21T13:27:08","slug":"un-controle-choc-revele-20-kilos-de-viande-avariee-dans-ces-commerces-de-montpellier","status":"publish","type":"post","link":"https:\/\/www.europesays.com\/fr\/679126\/","title":{"rendered":"Un contr\u00f4le choc r\u00e9v\u00e8le 20 kilos de viande avari\u00e9e dans ces commerces de Montpellier"},"content":{"rendered":"<p>                    Par<br \/>\n        <strong><br \/>\n            <a href=\"https:\/\/actu.fr\/auteur\/metropoop\" title=\"Consulter tous les articles de R\u00e9daction M\u00e9tropolitain\" target=\"_blank\" rel=\"noopener\">R\u00e9daction M\u00e9tropolitain<\/a><br \/>\n                    <\/strong><\/p>\n<p>        Publi\u00e9 le<\/p>\n<p>            21 janv. 2026 \u00e0 13h58        <\/p>\n<p><strong>Ce mardi 19 janvier 2026<\/strong>, la rue Eurydice, dans le quartier Celleneuve \u00e0 Montpellier, a connu une agitation inhabituelle. Police municipale, police nationale, douanes et services communaux d\u2019hygi\u00e8ne ont men\u00e9 une op\u00e9ration conjointe. Objectif affich\u00e9 : garantir la s\u00e9curit\u00e9, prot\u00e9ger la sant\u00e9 publique et faire respecter la loi.<\/p>\n<p>    <a href=\"https:\/\/www.google.com\/maps\/embed?pb=!1m18!1m12!1m3!1d11552.39491324538!2d3.81144049715287!3d43.625304034413745!2m3!1f0!2f0!3f0!3m2!1i1024!2i768!4f13.1!3m3!1m2!1s0x12b6ae7e0acb4e7d%3A0xea8ac76681562c1d!2sRue%20Eurydice%2C%2034070%20Montpellier!5e0!3m2!1sfr!2sfr!4v1768995896269!5m2!1sfr!2sfr\" title=\"Ouvrie le lien\" target=\"_blank\" rel=\"noopener\">Cliquez ici pour visualiser le contenu<\/a><\/p>\n<p class=\" wall-content\">Le premier constat concerne l\u2019hygi\u00e8ne alimentaire. Les agents d\u00e9couvrent des conditions de conservation jug\u00e9es dangereuses. <strong>Vingt kilos<\/strong> de viande avari\u00e9e sont saisis puis d\u00e9truits sur place. Les inspections r\u00e9v\u00e8lent de nombreux manquements. Plusieurs commerces ne respectent pas les r\u00e8gles d\u2019hygi\u00e8ne. D\u2019autres ne disposent pas d\u2019assurance valide. Des d\u00e9fauts de s\u00e9curit\u00e9 incendie apparaissent. L\u2019acc\u00e8s pour les personnes en situation de handicap reste absent dans certains \u00e9tablissements. Les affichages obligatoires manquent ou restent incomplets. Les enqu\u00eateurs rel\u00e8vent aussi des cas de travail dissimul\u00e9.<\/p>\n<p>Des d\u00e9couvertes plus graves<\/p>\n<p class=\" wall-content\">Au fil des contr\u00f4les, d\u2019autres infractions s\u2019ajoutent. Des clients fument dans des lieux o\u00f9 l\u2019interdiction s\u2019impose. Les forces de l\u2019ordre d\u00e9couvrent de la d\u00e9tention de stup\u00e9fiants. Du tabac de contrebande est saisi. Des cam\u00e9ras de vid\u00e9osurveillance fonctionnent sans autorisation. Les agents notent aussi des manquements r\u00e9glementaires, notamment sur les droits li\u00e9s \u00e0 la SACEM ou sur la tenue des registres de s\u00e9curit\u00e9.<\/p>\n<p class=\" wall-content\">Cette op\u00e9ration d\u00e9passe le simple cadre administratif. Les autorit\u00e9s locales veulent frapper plus large. Ces contr\u00f4les renforc\u00e9s s\u2019inscrivent dans une strat\u00e9gie de lutte contre le narcotrafic, les commerces servant parfois de fa\u00e7ade \u00e0 des activit\u00e9s ill\u00e9gales. En multipliant les inspections, la Ville et les forces de l\u2019ordre cherchent \u00e0 ass\u00e9cher ces r\u00e9seaux.<\/p>\n<p class=\" wall-content\">Personnalisez votre actualit\u00e9 en ajoutant vos villes et m\u00e9dias en favori avec <a href=\"https:\/\/moncompte.actu.fr\" title=\"D\u00e9couvez Mon Actu\" rel=\"nofollow noopener\" data-trk=\"{&quot;cta&quot;:{&quot;action&quot;:&quot;https:\\\/\\\/moncompte.actu.fr&quot;,&quot;category&quot;:&quot;mon compte&quot;,&quot;from&quot;:&quot;article footer&quot;,&quot;name&quot;:&quot;Mon actu&quot;,&quot;type&quot;:&quot;cta&quot;}}\" target=\"_blank\">Mon Actu<\/a>.<\/p>\n","protected":false},"excerpt":{"rendered":"Par R\u00e9daction M\u00e9tropolitain Publi\u00e9 le 21 janv. 2026 \u00e0 13h58 Ce mardi 19 janvier 2026, la rue Eurydice,&hellip;\n","protected":false},"author":2,"featured_media":679127,"comment_status":"","ping_status":"","sticky":false,"template":"","format":"standard","meta":{"footnotes":""},"categories":[9599],"tags":[1111,11,258,1052,1777,674,118,1011,27,2208,12,2680,1072,25],"class_list":{"0":"post-679126","1":"post","2":"type-post","3":"status-publish","4":"format-standard","5":"has-post-thumbnail","7":"category-montpellier","8":"tag-actu","9":"tag-actualites","10":"tag-alimentation","11":"tag-drogue","12":"tag-eu","13":"tag-europe","14":"tag-faits-divers","15":"tag-fr","16":"tag-france","17":"tag-montpellier","18":"tag-news","19":"tag-occitanie","20":"tag-police","21":"tag-republique-francaise"},"share_on_mastodon":{"url":"https:\/\/pubeurope.com\/@fr\/115933324534135433","error":""},"_links":{"self":[{"href":"https:\/\/www.europesays.com\/fr\/wp-json\/wp\/v2\/posts\/679126","targetHints":{"allow":["GET"]}}],"collection":[{"href":"https:\/\/www.europesays.com\/fr\/wp-json\/wp\/v2\/posts"}],"about":[{"href":"https:\/\/www.europesays.com\/fr\/wp-json\/wp\/v2\/types\/post"}],"author":[{"embeddable":true,"href":"https:\/\/www.europesays.com\/fr\/wp-json\/wp\/v2\/users\/2"}],"replies":[{"embeddable":true,"href":"https:\/\/www.europesays.com\/fr\/wp-json\/wp\/v2\/comments?post=679126"}],"version-history":[{"count":0,"href":"https:\/\/www.europesays.com\/fr\/wp-json\/wp\/v2\/posts\/679126\/revisions"}],"wp:featuredmedia":[{"embeddable":true,"href":"https:\/\/www.europesays.com\/fr\/wp-json\/wp\/v2\/media\/679127"}],"wp:attachment":[{"href":"https:\/\/www.europesays.com\/fr\/wp-json\/wp\/v2\/media?parent=679126"}],"wp:term":[{"taxonomy":"category","embeddable":true,"href":"https:\/\/www.europesays.com\/fr\/wp-json\/wp\/v2\/categories?post=679126"},{"taxonomy":"post_tag","embeddable":true,"href":"https:\/\/www.europesays.com\/fr\/wp-json\/wp\/v2\/tags?post=679126"}],"curies":[{"name":"wp","href":"https:\/\/api.w.org\/{rel}","templated":true}]}}