{"id":679134,"date":"2026-01-21T13:31:09","date_gmt":"2026-01-21T13:31:09","guid":{"rendered":"https:\/\/www.europesays.com\/fr\/679134\/"},"modified":"2026-01-21T13:31:09","modified_gmt":"2026-01-21T13:31:09","slug":"grenoble-cette-etude-vous-dit-combien-de-temps-vous-avez-perdu-dans-les-bouchons-en-2025","status":"publish","type":"post","link":"https:\/\/www.europesays.com\/fr\/679134\/","title":{"rendered":"Grenoble. Cette \u00e9tude vous dit combien de temps vous avez perdu dans les bouchons en 2025"},"content":{"rendered":"<p>                    Par<br \/>\n        <strong><br \/>\n            <a href=\"https:\/\/actu.fr\/auteur\/lisa-rodrigues\" title=\"Consulter tous les articles de Lisa Rodrigues\" target=\"_blank\" rel=\"noopener\">Lisa Rodrigues<\/a><br \/>\n                    <\/strong><\/p>\n<p>        Publi\u00e9 le<\/p>\n<p>            21 janv. 2026 \u00e0 11h21        <\/p>\n<p>Trop de bouchons en entr\u00e9e et sortie de <a href=\"https:\/\/actu.fr\/grenoble\" target=\"_blank\" rel=\"noopener\">Grenoble<\/a> : le reproche ressort souvent dans la bouche des automobilistes, notamment en heures de pointe.\u00a0<\/p>\n<p class=\" wall-content\">D\u2019apr\u00e8s le dernier <a href=\"https:\/\/actu.fr\/auvergne-rhone-alpes\/grenoble_38185\/grenoble-dans-le-top-des-villes-les-plus-embouteillees-de-france-selon-cette-etude_62090812.html\" target=\"_blank\" rel=\"noopener\">barom\u00e8tre des embouteillages de TomTom<\/a>, la capitale des Alpes est bien dans le top 15 des villes les plus embouteill\u00e9es de France en 2025, puisqu\u2019elle pointe \u00e0 <strong>la 12e place du classement<\/strong>. C\u2019est 12 positions de plus qu\u2019en 2024.\u00a0<\/p>\n<p class=\" wall-content\">Grenoble est \u00e9galement la 292e ville la plus embouteill\u00e9e au niveau mondial. Bien loin derri\u00e8re Mexico City qui caracole en t\u00eate du <a href=\"https:\/\/www.tomtom.com\/traffic-index\/ranking\" target=\"_blank\" rel=\"noopener\">classement<\/a>.<\/p>\n<p>3 jours perdus dans les bouchons<\/p>\n<p class=\" wall-content\">Selon l\u2019\u00e9tude, le r\u00e9seau routier de la pr\u00e9fecture is\u00e9roise est bloqu\u00e9 \u00e0 36,4% en moyenne. En heure de pointe, la vitesse moyenne est estim\u00e9e \u00e0 un peu plus de 23 km\/h.<\/p>\n<p class=\" wall-content\">En 15 minutes, les automobilistes grenoblois font 7,4 km en moyenne. Pour un trajet de 10 km, il faut compter un temps de trajet moyen d\u2019un peu plus de 20 minutes.<\/p>\n<p class=\" wall-content\">Au total, 81 heures ont \u00e9t\u00e9 perdues dans les bouchons en 2025 par les automobilistes \u00e0 Grenoble, soit un peu plus de 3 jours. Le <strong>pire jour de l\u2019ann\u00e9e<\/strong> pour circuler dans la ville, c\u2019\u00e9tait <strong>le 9 octobre 2025<\/strong> avec 59% du r\u00e9seau compl\u00e8tement bouch\u00e9.<\/p>\n<p class=\" wall-content\">Concernant les autres villes fran\u00e7aises, le podium des communes les plus embouteill\u00e9es en 2025 est compos\u00e9, dans l\u2019ordre, de <a href=\"https:\/\/actu.fr\/auvergne-rhone-alpes\/lyon_69123\" target=\"_blank\" rel=\"noopener\">Lyon<\/a> (avec 121 heures perdues dans les bouchons), Bordeaux et Montpellier.<\/p>\n<p>Votre r\u00e9gion, votre actu !<\/p>\n<p>Recevez chaque jour les infos qui comptent pour vous.<\/p>\n<p>\t<a href=\"https:\/\/actu.fr\/newsletter\" class=\"ac-btn ac-btn--corner ac-btn--medium ac-btn--blue800\" target=\"_blank\" rel=\"noopener\">S&rsquo;incrire<\/a><br \/>\nDes travaux dans l\u2019agglom\u00e9ration<\/p>\n<p class=\" wall-content\">\u00c0 noter que 2025 a \u00e9t\u00e9 marqu\u00e9 par <strong>plusieurs grands chantiers<\/strong> sur Grenoble et ses alentours, ayant eu des effets sur la circulation. On peut citer les <a href=\"https:\/\/actu.fr\/auvergne-rhone-alpes\/grenoble_38185\/grenoble-des-routes-fermees-cet-ete-dans-ce-secteur-ce-qui-attend-les-automobilistes_62945043.html\" target=\"_blank\" rel=\"noopener\">travaux du Rondeau<\/a> au sud de l\u2019agglom\u00e9ration, ou la fermeture pendant plusieurs mois du <a href=\"https:\/\/actu.fr\/auvergne-rhone-alpes\/grenoble_38185\/grenoble-ce-pont-tres-prise-par-les-automobilistes-rouvre-en-avance-apres-de-longs-travaux_63261045.html\" target=\"_blank\" rel=\"noopener\">pont d\u2019Oxford<\/a> pour relier Saint-Martin-le-Vinoux.\u00a0<\/p>\n<p class=\" wall-content\">Concernant <a href=\"https:\/\/actu.fr\/tag\/grenoble-alpes-metropole\" target=\"_blank\" rel=\"noopener\">Grenoble-Alpes M\u00e9tropole<\/a>, le territoire se place ainsi \u00e0 la <strong>8e position<\/strong> des agglom\u00e9rations fran\u00e7aises les plus bouchonn\u00e9es.\u00a0<\/p>\n<p class=\" wall-content\">Si les automobilistes ont perdu en moyenne 48 heures dans les embouteillages en 2025 sur l\u2019ensemble de l\u2019agglom\u00e9ration, les autres chiffres restent sensiblement les m\u00eames que pour Grenoble : 20 minutes en moyenne pour faire 10 km et 7,4 km moyens parcourus en 15 minutes.<\/p>\n<p class=\" wall-content\">Personnalisez votre actualit\u00e9 en ajoutant vos villes et m\u00e9dias en favori avec <a href=\"https:\/\/moncompte.actu.fr\" title=\"D\u00e9couvez Mon Actu\" rel=\"nofollow noopener\" data-trk=\"{&quot;cta&quot;:{&quot;action&quot;:&quot;https:\\\/\\\/moncompte.actu.fr&quot;,&quot;category&quot;:&quot;mon compte&quot;,&quot;from&quot;:&quot;article footer&quot;,&quot;name&quot;:&quot;Mon actu&quot;,&quot;type&quot;:&quot;cta&quot;}}\" target=\"_blank\">Mon Actu<\/a>.<\/p>\n","protected":false},"excerpt":{"rendered":"Par Lisa Rodrigues Publi\u00e9 le 21 janv. 2026 \u00e0 11h21 Trop de bouchons en entr\u00e9e et sortie de&hellip;\n","protected":false},"author":2,"featured_media":679135,"comment_status":"","ping_status":"","sticky":false,"template":"","format":"standard","meta":{"footnotes":""},"categories":[9566],"tags":[1111,11,2430,3542,1777,674,1011,27,2731,803,12,25,104],"class_list":{"0":"post-679134","1":"post","2":"type-post","3":"status-publish","4":"format-standard","5":"has-post-thumbnail","7":"category-grenoble","8":"tag-actu","9":"tag-actualites","10":"tag-auvergne-rhone-alpes","11":"tag-circulation","12":"tag-eu","13":"tag-europe","14":"tag-fr","15":"tag-france","16":"tag-grenoble","17":"tag-info-trafic","18":"tag-news","19":"tag-republique-francaise","20":"tag-societe"},"share_on_mastodon":{"url":"","error":""},"_links":{"self":[{"href":"https:\/\/www.europesays.com\/fr\/wp-json\/wp\/v2\/posts\/679134","targetHints":{"allow":["GET"]}}],"collection":[{"href":"https:\/\/www.europesays.com\/fr\/wp-json\/wp\/v2\/posts"}],"about":[{"href":"https:\/\/www.europesays.com\/fr\/wp-json\/wp\/v2\/types\/post"}],"author":[{"embeddable":true,"href":"https:\/\/www.europesays.com\/fr\/wp-json\/wp\/v2\/users\/2"}],"replies":[{"embeddable":true,"href":"https:\/\/www.europesays.com\/fr\/wp-json\/wp\/v2\/comments?post=679134"}],"version-history":[{"count":0,"href":"https:\/\/www.europesays.com\/fr\/wp-json\/wp\/v2\/posts\/679134\/revisions"}],"wp:featuredmedia":[{"embeddable":true,"href":"https:\/\/www.europesays.com\/fr\/wp-json\/wp\/v2\/media\/679135"}],"wp:attachment":[{"href":"https:\/\/www.europesays.com\/fr\/wp-json\/wp\/v2\/media?parent=679134"}],"wp:term":[{"taxonomy":"category","embeddable":true,"href":"https:\/\/www.europesays.com\/fr\/wp-json\/wp\/v2\/categories?post=679134"},{"taxonomy":"post_tag","embeddable":true,"href":"https:\/\/www.europesays.com\/fr\/wp-json\/wp\/v2\/tags?post=679134"}],"curies":[{"name":"wp","href":"https:\/\/api.w.org\/{rel}","templated":true}]}}