{"id":679163,"date":"2026-01-21T13:48:14","date_gmt":"2026-01-21T13:48:14","guid":{"rendered":"https:\/\/www.europesays.com\/fr\/679163\/"},"modified":"2026-01-21T13:48:14","modified_gmt":"2026-01-21T13:48:14","slug":"le-sentier-muletier-de-callelongue-se-refait-une-beaute","status":"publish","type":"post","link":"https:\/\/www.europesays.com\/fr\/679163\/","title":{"rendered":"le sentier muletier de Callelongue se refait une beaut\u00e9"},"content":{"rendered":"<p>Au bout de la vingtaine de minutes de marche, le spectacle est l\u00e0, \u00e9poustouflant, offrant une vue unique sur <a href=\"https:\/\/www.laprovence.com\/article\/region\/2522362212852514\/sensibilisation-et-prevention-en-mer-avec-les-ecogardes-vigies-du-parc-national-des-calanques\" target=\"_blank\" rel=\"noopener\">les \u00eeles Plane, Riou, Jarre<\/a>, Grand et Petit Conglou\u00e9, mais aussi sur le Bec de l\u2019Aigle d\u2019un c\u00f4t\u00e9, les Goudes, le Frioul et la C\u00f4te bleue de l\u2019autre. L\u2019ancien sentier muletier du s\u00e9maphore, \u00e0 <a href=\"https:\/\/www.laprovence.com\/article\/societe\/35718838748811\/a-marseille-immersion-avec-les-cabanoniers-de-callelongue-chez-les-semeria-pere-et-fille\" target=\"_blank\" rel=\"noopener\">Callelongue<\/a>, avait permis la construction du b\u00e2ti, en\u00a01860. Mais les passages des randonneurs ont fini par avoir raison des am\u00e9nagements d\u2019antan.<\/p>\n<p>\u00c0 la faveur de la r\u00e9habilitation du s\u00e9maphore, <a href=\"https:\/\/www.laprovence.com\/article\/region\/90077297425747\/la-presence-du-loup-dans-le-parc-national-des-calanques-serait-un-indicateur-de-bonne-sante\" target=\"_blank\" rel=\"noopener\">le Parc national des calanques<\/a> a entrepris, avec le financement du D\u00e9partement \u00e0 hauteur de 64\u00a0000\u00a0\u20ac, la remise en \u00e9tat de ce sentier.<\/p>\n<p>Ces travaux, men\u00e9s par l\u2019entreprise italienne Vert.I.Alp, entra\u00eenent la fermeture du chemin sur cette portion depuis ce lundi 19\u00a0janvier et jusqu\u2019au 13\u00a0f\u00e9vrier.<\/p>\n<p>Le GR littoral reste accessible, de m\u00eame que les sites d\u2019escalade de la face sud du Rocher des Goudes et du Rocher Saint-Michel via le \u00ab\u00a0pas de la demi-lune\u00a0\u00bb.On estime \u00e0 quelque 40\u00a0000\u00a0amoureux de la nature le nombre de visiteurs mensuels ici en haute saison, et les week-ends d\u2019hiver ne sont pas les derniers \u00e0 faire le plein de marcheurs.<\/p>\n<p>Rendre le chemin plus s\u00fbr et plus respectueux de la nature<\/p>\n<p>\u00ab\u00a0Le sentier est p&#8230;<\/p>\n","protected":false},"excerpt":{"rendered":"Au bout de la vingtaine de minutes de marche, le spectacle est l\u00e0, \u00e9poustouflant, offrant une vue unique&hellip;\n","protected":false},"author":2,"featured_media":679164,"comment_status":"","ping_status":"","sticky":false,"template":"","format":"standard","meta":{"footnotes":""},"categories":[2814],"tags":[5734,1111,11,1182,77713,154,436,1777,674,1011,27,884,77712,3238,12,153,882,25,77711],"class_list":{"0":"post-679163","1":"post","2":"type-post","3":"status-publish","4":"format-standard","5":"has-post-thumbnail","7":"category-marseille","8":"tag-5734","9":"tag-actu","10":"tag-actualites","11":"tag-calanques","12":"tag-callelongue","13":"tag-des","14":"tag-environnement","15":"tag-eu","16":"tag-europe","17":"tag-fr","18":"tag-france","19":"tag-marseille","20":"tag-muletier","21":"tag-national","22":"tag-news","23":"tag-parc","24":"tag-provence-alpes-cote-dazur","25":"tag-republique-francaise","26":"tag-sentier"},"share_on_mastodon":{"url":"https:\/\/pubeurope.com\/@fr\/115933407084263833","error":""},"_links":{"self":[{"href":"https:\/\/www.europesays.com\/fr\/wp-json\/wp\/v2\/posts\/679163","targetHints":{"allow":["GET"]}}],"collection":[{"href":"https:\/\/www.europesays.com\/fr\/wp-json\/wp\/v2\/posts"}],"about":[{"href":"https:\/\/www.europesays.com\/fr\/wp-json\/wp\/v2\/types\/post"}],"author":[{"embeddable":true,"href":"https:\/\/www.europesays.com\/fr\/wp-json\/wp\/v2\/users\/2"}],"replies":[{"embeddable":true,"href":"https:\/\/www.europesays.com\/fr\/wp-json\/wp\/v2\/comments?post=679163"}],"version-history":[{"count":0,"href":"https:\/\/www.europesays.com\/fr\/wp-json\/wp\/v2\/posts\/679163\/revisions"}],"wp:featuredmedia":[{"embeddable":true,"href":"https:\/\/www.europesays.com\/fr\/wp-json\/wp\/v2\/media\/679164"}],"wp:attachment":[{"href":"https:\/\/www.europesays.com\/fr\/wp-json\/wp\/v2\/media?parent=679163"}],"wp:term":[{"taxonomy":"category","embeddable":true,"href":"https:\/\/www.europesays.com\/fr\/wp-json\/wp\/v2\/categories?post=679163"},{"taxonomy":"post_tag","embeddable":true,"href":"https:\/\/www.europesays.com\/fr\/wp-json\/wp\/v2\/tags?post=679163"}],"curies":[{"name":"wp","href":"https:\/\/api.w.org\/{rel}","templated":true}]}}