{"id":679171,"date":"2026-01-21T13:53:11","date_gmt":"2026-01-21T13:53:11","guid":{"rendered":"https:\/\/www.europesays.com\/fr\/679171\/"},"modified":"2026-01-21T13:53:11","modified_gmt":"2026-01-21T13:53:11","slug":"selection-de-projets-a-surveiller-dans-votre-region-ile-de-france","status":"publish","type":"post","link":"https:\/\/www.europesays.com\/fr\/679171\/","title":{"rendered":"S\u00e9lection de projets \u00e0 surveiller dans votre r\u00e9gion : Ile-de-France"},"content":{"rendered":"<p>Grand Paris.  Chaque semaine, gr\u00e2ce \u00e0 la veille r\u00e9alis\u00e9e par son partenaire \u00ab Vecteur Plus \u00bb, \u00ab Le Moniteur \u00bb s\u00e9lectionne des projets \u00ab \u00e0 surveiller \u00bb (intentions de ma\u00eetres d&rsquo;ouvrage, actes administratifs, d\u00e9cisions d&rsquo;urbanisme, logements autoris\u00e9s, etc.).<\/p>\n<p>LOGEMENTS<\/p>\n<p class=\"c-paragraph\"><b>A Meaux (77),<\/b> Pays de Meaux Habitat programme la construction de 40 logements \u00ab La P\u00e9pini\u00e8re \u00bb, \u00e0 l\u2019angle de la rue Louis-du-Gast et du 69, avenue Jean-Henri-Dunant. Le permis de construire a \u00e9t\u00e9 d\u00e9pos\u00e9 d\u00e9but d\u00e9cembre 2025.<\/p>\n<p class=\"c-paragraph\"><b>A Moussy-le-Vieux (77), <\/b>le promoteur Elg\u00e9a va construire 63 logements sur le site des anciens ateliers municipaux, rue du Puits-d\u2019Affetet, qui seront d\u00e9molis. La consultation des entreprises sera lanc\u00e9e en janvier 2026.<\/p>\n<p class=\"c-paragraph\"><b>A Bagneux (92), <\/b>Pierre Etoile projette de construire 52 logements avec un commerce en rez-de-chauss\u00e9e, au 21-23, rue Salvador-Allende et au 2-4, rue de Fontenay. La consultation des entreprises sera lanc\u00e9e au printemps 2026. L\u2019agence Seyler &amp; Lucan Architectes est ma\u00eetre d\u2019\u0153uvre.<\/p>\n<p class=\"c-paragraph\"><b>A Boulogne-Billancourt (92), <\/b>le promoteur UPP porte un projet de r\u00e9habilitation-restructuration, extension, d\u00e9molition pour la cr\u00e9ation de 18 logements sur 1 197 m2 au 31, rue des Peupliers.<\/p>\n<p class=\"c-paragraph\">La consultation des entreprises sera lanc\u00e9e d\u00e9but 2026.<\/p>\n<p class=\"c-paragraph\"><b>A Colombes (92), <\/b>Vinci Immobilier et Bouygues Immobilier programment la construction de la r\u00e9sidence sociale Adoma de 150 logements et commerces sur 4 255 m2 . L\u2019op\u00e9ration devrait \u00eatre livr\u00e9e en 2027.<\/p>\n<p class=\"c-paragraph\"><b>A Gennevilliers (92), <\/b>Gennevilliers Habitat projette la construction de 59 logements avec commerces en rez-de-chauss\u00e9e sur 4 793 m2.<\/p>\n<p class=\"c-paragraph\">Le programme devrait \u00eatre livr\u00e9 en 2027.<\/p>\n<p class=\"c-paragraph\"><b>A Cachan (94),<\/b> Demathieu Bard Immobilier a lanc\u00e9 la commercialisation de la r\u00e9sidence Chrysalis comprenant 120 logements et cinq locaux commerciaux en rez-de-chauss\u00e9e dans trois immeubles. Le programme, d\u2019une surface de 8 654 m2, devrait \u00eatre livr\u00e9 pour 2028.<\/p>\n<p class=\"c-paragraph\">Michel Guthmann Architecture Urbanisme est ma\u00eetre d\u2019\u0153uvre.<\/p>\n<p class=\"c-paragraph\"><b>A Villejuif (94),<\/b> Ideal Promotion projette de construire la r\u00e9sidence Villa Sept au 147, rue Jean-Jaur\u00e8s.<\/p>\n<p class=\"c-paragraph\">Elle comprendra 15 logements collectifs, un commerce au rez-de-chauss\u00e9e et un parking souterrain de 15 places.<\/p>\n<p class=\"c-paragraph\">Des d\u00e9molitions sont pr\u00e9vues sur 245 m2. La consultation des entreprises sera lanc\u00e9e en 2026.<\/p>\n<p class=\"c-paragraph\"><b>Dans le Val-de-Marne (94), <\/b>Pierreval et Vinci Immobilier vont construire la r\u00e9sidence Orly Confluence dans la ZAC Thiais-Orly sur les communes d\u2019Orly et Thiais. L\u2019ensemble immobilier sera compos\u00e9 de 669 logements en trois r\u00e9sidences et d\u2019une cr\u00e8che totalisant une surface de 43 272 m2 . La livraison est attendue au troisi\u00e8me trimestre 2028.<\/p>\n<p class=\"c-paragraph\"><b>A Bezons (95), <\/b>Promogim projette la construction de la r\u00e9sidence Emblematik constitu\u00e9e de 40 appartements et un centre municipal de sant\u00e9 du 3 061 m2 S P.<\/p>\n<p class=\"c-paragraph\"><b>A Montmorency (95), <\/b>le Groupe Marignan envisage la construction de 46 logements dont 14 sociaux sur une surface plancher de 2 241 m2, au 144, avenue Charles-de-Gaulle.<\/p>\n<p>IMMOBILIER TERTIAIRE<\/p>\n<p class=\"c-paragraph\"><b>A Mitry-Mory (77),<\/b> Prologis va d\u00e9molir un b\u00e2timent d\u2019entreposage existant et des annexes pour laisser place \u00e0 deux b\u00e2timents d\u2019activit\u00e9s industrielles, de service ou d\u2019entreposage avec bureaux.<\/p>\n<p class=\"c-paragraph\"><b>Mitry-Mory (77),<\/b> la SCI Le Concept porte le projet d\u2019un b\u00e2timent de stockage par r\u00e9habilitation-restructuration et extension. Le b\u00e2timent se d\u00e9veloppera sur 7 504 m2 apr\u00e8s travaux. KDoh Architecture est ma\u00eetre d\u2019\u0153uvre mandataire.<\/p>\n<p class=\"c-paragraph\"><b>A Fleury-M\u00e9rogis (91), <\/b>CEM R\u00e9alisation porte une op\u00e9ration de construction en extension d\u2019un ensemble immobilier \u00e0 destination principale d\u2019entrep\u00f4ts, d\u2019une surface de plancher totale de 10 100 m2 , au 4, rue de la Tuilerie.<\/p>\n<p>EQUIPEMENTS PUBLICS<\/p>\n<p class=\"c-paragraph\"><b>A Paris (75), <\/b>l\u2019Etat pr\u00e9voit d\u2019installer le Mus\u00e9e-m\u00e9morial du terrorisme au sein de l\u2019ancienne caserne Lourcine (XIIIe ) de 3 000 m2 . Le co\u00fbt des travaux de r\u00e9habilitation est estim\u00e9 \u00e0 50 millions d\u2019euros. L\u2019ouverture est pr\u00e9vue pour fin 2029 ou d\u00e9but 2030.<\/p>\n<p class=\"c-paragraph\"><b>A Orgeval (78),<\/b> la Ville r\u00e9fl\u00e9chit \u00e0 la cr\u00e9ation d\u2019un troisi\u00e8me groupe scolaire.<\/p>\n<p class=\"c-paragraph\"><b>A Forges-les-Bains (91), <\/b>la commune pr\u00e9voit la d\u00e9construction de l\u2019ancien restaurant scolaire, l\u2019extension de l\u2019\u00e9cole \u00e9l\u00e9mentaire \u00ab Le Petit Muce \u00bb et la transformation de la cour en cour \u00ab oasis \u00bb. Le Studio ITA est ma\u00eetre d\u2019\u0153uvre mandataire. Les travaux d\u00e9marreront en juin pour une livraison en septembre 2027. Le montant pr\u00e9visionnel des travaux est de 1,9 million d\u2019euros.<\/p>\n<p class=\"c-paragraph\"><b>A Roissy-en-France (95), <\/b>le Groupe A\u00e9roports de Paris pr\u00e9voit un plan d\u2019investissement pour adapter l\u2019a\u00e9roport Paris-Charles-de-Gaulle \u00e0 la croissance du trafic a\u00e9rien. Les projets incluent la transformation du terminal 1, la modernisation du terminal 2E, la cr\u00e9ation d\u2019une nouvelle salle d\u2019embarquement international de 28 000 m2 \u00e0 l\u2019est, impliquant la d\u00e9molition du terminal 2G, la mise en place d\u2019un train interne pour relier les salles d\u2019embarquement et la construction d\u2019un hall intermodal.<\/p>\n<p>TRAVAUX PUBLICS<\/p>\n<p class=\"c-paragraph\"><b>Aux Loges-en-Josas (78), <\/b>la communaut\u00e9 d\u2019agglom\u00e9ration Versailles Grand Parc projette la requalification de la zone d\u2019activit\u00e9s de Buc-Les Loges.<\/p>\n<p class=\"c-paragraph\">Le projet consiste \u00e0 requalifier l\u2019avenue Roland-Garros avec l\u2019int\u00e9gration d\u2019une piste cyclable et d\u2019un cheminement pi\u00e9tonnier, r\u00e9am\u00e9nager des espaces de stationnement, d\u00e9molir des b\u00e2timents, d\u00e9polluer les sols, viabiliser plusieurs lots sur le terrain Maryse-Basti\u00e9 et optimiser la parcelle d\u2019IDFM (tranche optionnelle).<\/p>\n<p class=\"c-paragraph\">DCI Environnement est en charge des \u00e9tudes.<\/p>\n","protected":false},"excerpt":{"rendered":"Grand Paris. Chaque semaine, gr\u00e2ce \u00e0 la veille r\u00e9alis\u00e9e par son partenaire \u00ab Vecteur Plus \u00bb, \u00ab Le&hellip;\n","protected":false},"author":2,"featured_media":667388,"comment_status":"","ping_status":"","sticky":false,"template":"","format":"standard","meta":{"footnotes":"","_share_on_mastodon":"0"},"categories":[1592],"tags":[1111,11,1936,1777,674,1011,27,3314,662,12,626,64967,25,1937,2292,1125,7333,1938],"class_list":["post-679171","post","type-post","status-publish","format-standard","has-post-thumbnail","category-ile-de-france","tag-actu","tag-actualites","tag-essonne","tag-eu","tag-europe","tag-fr","tag-france","tag-hauts-de-seine","tag-ile-de-france","tag-news","tag-paris","tag-projets-a-surveiller","tag-republique-francaise","tag-seine-et-marne","tag-val-doise","tag-val-de-marne","tag-vie-du-btp","tag-yvelines"],"share_on_mastodon":{"url":"https:\/\/pubeurope.com\/@fr\/115933426775758288","error":""},"_links":{"self":[{"href":"https:\/\/www.europesays.com\/fr\/wp-json\/wp\/v2\/posts\/679171","targetHints":{"allow":["GET"]}}],"collection":[{"href":"https:\/\/www.europesays.com\/fr\/wp-json\/wp\/v2\/posts"}],"about":[{"href":"https:\/\/www.europesays.com\/fr\/wp-json\/wp\/v2\/types\/post"}],"author":[{"embeddable":true,"href":"https:\/\/www.europesays.com\/fr\/wp-json\/wp\/v2\/users\/2"}],"replies":[{"embeddable":true,"href":"https:\/\/www.europesays.com\/fr\/wp-json\/wp\/v2\/comments?post=679171"}],"version-history":[{"count":0,"href":"https:\/\/www.europesays.com\/fr\/wp-json\/wp\/v2\/posts\/679171\/revisions"}],"wp:featuredmedia":[{"embeddable":true,"href":"https:\/\/www.europesays.com\/fr\/wp-json\/wp\/v2\/media\/667388"}],"wp:attachment":[{"href":"https:\/\/www.europesays.com\/fr\/wp-json\/wp\/v2\/media?parent=679171"}],"wp:term":[{"taxonomy":"category","embeddable":true,"href":"https:\/\/www.europesays.com\/fr\/wp-json\/wp\/v2\/categories?post=679171"},{"taxonomy":"post_tag","embeddable":true,"href":"https:\/\/www.europesays.com\/fr\/wp-json\/wp\/v2\/tags?post=679171"}],"curies":[{"name":"wp","href":"https:\/\/api.w.org\/{rel}","templated":true}]}}