{"id":679179,"date":"2026-01-21T13:58:17","date_gmt":"2026-01-21T13:58:17","guid":{"rendered":"https:\/\/www.europesays.com\/fr\/679179\/"},"modified":"2026-01-21T13:58:17","modified_gmt":"2026-01-21T13:58:17","slug":"russie-11-blesses-dans-une-frappe-de-drone-ukrainien-selon-moscou-kiev-nie","status":"publish","type":"post","link":"https:\/\/www.europesays.com\/fr\/679179\/","title":{"rendered":"Russie: 11 bless\u00e9s dans une frappe de drone ukrainien selon Moscou, Kiev nie"},"content":{"rendered":"<p class=\"ap-StoryElement ap-StoryElement--mb ap-StoryText\">Selon Mourat Koumpilov, dirigeant de la r\u00e9publique russe d&rsquo;Adygu\u00e9e o\u00f9 a eu lieu la frappe, l&rsquo;attaque a provoqu\u00e9 un incendie dans un immeuble d&rsquo;habitation et un parking dans le district de Takhtamouka\u00ef, au sud de Krasnodar.<\/p>\n<p class=\"ap-StoryElement ap-StoryElement--mb ap-StoryText\">\u00ab\u00a0Selon les derni\u00e8res informations, 11 personnes ont \u00e9t\u00e9 bless\u00e9es, dont neuf ont \u00e9t\u00e9 hospitalis\u00e9es, parmi lesquelles deux enfants\u00a0\u00bb, a-t-il d\u00e9clar\u00e9, pr\u00e9cisant qu&rsquo;aucun d\u00e9c\u00e8s n&rsquo;\u00e9tait \u00e0 d\u00e9plorer.<\/p>\n<p class=\"ap-StoryElement ap-StoryElement--mb ap-StoryText\">Le Centre pour les communications strat\u00e9giques, une organisation gouvernementale ukrainienne, a de son c\u00f4t\u00e9 assur\u00e9 sur Telegram qu&rsquo;il s&rsquo;agissait \u00ab\u00a0d&rsquo;un missile de d\u00e9fense a\u00e9rienne russe qui a frapp\u00e9 un immeuble r\u00e9sidentiel\u00a0\u00bb.<\/p>\n","protected":false},"excerpt":{"rendered":"Selon Mourat Koumpilov, dirigeant de la r\u00e9publique russe d&rsquo;Adygu\u00e9e o\u00f9 a eu lieu la frappe, l&rsquo;attaque a provoqu\u00e9&hellip;\n","protected":false},"author":2,"featured_media":679180,"comment_status":"","ping_status":"","sticky":false,"template":"","format":"standard","meta":{"footnotes":""},"categories":[1591],"tags":[11,2120,1887,12,1885,1886,132,220],"class_list":{"0":"post-679179","1":"post","2":"type-post","3":"status-publish","4":"format-standard","5":"has-post-thumbnail","7":"category-russie","8":"tag-actualites","9":"tag-conflit","10":"tag-federation-de-russie","11":"tag-news","12":"tag-russia","13":"tag-russian-federation","14":"tag-russie","15":"tag-ukraine"},"share_on_mastodon":{"url":"https:\/\/pubeurope.com\/@fr\/115933446383303138","error":""},"_links":{"self":[{"href":"https:\/\/www.europesays.com\/fr\/wp-json\/wp\/v2\/posts\/679179","targetHints":{"allow":["GET"]}}],"collection":[{"href":"https:\/\/www.europesays.com\/fr\/wp-json\/wp\/v2\/posts"}],"about":[{"href":"https:\/\/www.europesays.com\/fr\/wp-json\/wp\/v2\/types\/post"}],"author":[{"embeddable":true,"href":"https:\/\/www.europesays.com\/fr\/wp-json\/wp\/v2\/users\/2"}],"replies":[{"embeddable":true,"href":"https:\/\/www.europesays.com\/fr\/wp-json\/wp\/v2\/comments?post=679179"}],"version-history":[{"count":0,"href":"https:\/\/www.europesays.com\/fr\/wp-json\/wp\/v2\/posts\/679179\/revisions"}],"wp:featuredmedia":[{"embeddable":true,"href":"https:\/\/www.europesays.com\/fr\/wp-json\/wp\/v2\/media\/679180"}],"wp:attachment":[{"href":"https:\/\/www.europesays.com\/fr\/wp-json\/wp\/v2\/media?parent=679179"}],"wp:term":[{"taxonomy":"category","embeddable":true,"href":"https:\/\/www.europesays.com\/fr\/wp-json\/wp\/v2\/categories?post=679179"},{"taxonomy":"post_tag","embeddable":true,"href":"https:\/\/www.europesays.com\/fr\/wp-json\/wp\/v2\/tags?post=679179"}],"curies":[{"name":"wp","href":"https:\/\/api.w.org\/{rel}","templated":true}]}}