{"id":679181,"date":"2026-01-21T13:59:11","date_gmt":"2026-01-21T13:59:11","guid":{"rendered":"https:\/\/www.europesays.com\/fr\/679181\/"},"modified":"2026-01-21T13:59:11","modified_gmt":"2026-01-21T13:59:11","slug":"ukraine-lutter-contre-le-froid-avec-la-chaleur-du-benevolat","status":"publish","type":"post","link":"https:\/\/www.europesays.com\/fr\/679181\/","title":{"rendered":"Ukraine, lutter contre le froid avec la chaleur du b\u00e9n\u00e9volat"},"content":{"rendered":"<p>L&rsquo;engagement de la \u00abCompagnie de couture\u00bb, une r\u00e9alit\u00e9 n\u00e9e \u00e0 Dnipro et compos\u00e9e aujourd&rsquo;hui de femmes de diff\u00e9rentes parties du monde qui, \u00e0 titre gracieux, confectionnent des v\u00eatements adapt\u00e9s aux civils et aux soldats bless\u00e9s dans le conflit et pour lutter contre les temp\u00e9ratures rigoureuses de l&rsquo;hiver. Kseniia Samoilych, l&rsquo;une des cr\u00e9atrices de l&rsquo;initiative: \u00abNous avons \u00e0 c\u0153ur la dignit\u00e9 et le soin des personnes\u00bb.<\/p>\n<p><b>Svitlana Dukhovych \u2013 Cit\u00e9 du Vatican<\/b><\/p>\n<p>L&rsquo;invasion russe de l&rsquo;Ukraine a commenc\u00e9 le 24 f\u00e9vrier 2022, en hiver, et m\u00eame si celui-ci \u00e9tait relativement doux, le froid s&rsquo;est d\u00e8s lors r\u00e9v\u00e9l\u00e9 \u00eatre un d\u00e9fi difficile \u00e0 relever pour les civils et les soldats. Personne n&rsquo;\u00e9tait pr\u00e9par\u00e9 et tout manquait, des ressources les plus simples \u00e0 la s\u00e9curit\u00e9 de base. Pourtant, malgr\u00e9 les difficult\u00e9s, les Ukrainiens ont trouv\u00e9 la force de r\u00e9sister, gr\u00e2ce \u00e0 leur capacit\u00e9 \u00e0 s&rsquo;organiser et \u00e0 cr\u00e9er de petits espaces de lumi\u00e8re et de chaleur humaine l\u00e0 o\u00f9 il semblait impossible d&rsquo;en trouver, dans les moments les plus sombres et les endroits les plus froids. C&rsquo;est gr\u00e2ce \u00e0 ces gestes de solidarit\u00e9 et d&rsquo;attention mutuelle que la vie continue de s&rsquo;\u00e9panouir, m\u00eame en pleine guerre.<\/p>\n<p><b>L&rsquo;origine de l&rsquo;initiative<\/b> <\/p>\n<p>Kseniia Samoilych, une jeune femme originaire de Dnipro, capitale de la r\u00e9gion orientale de l&rsquo;Ukraine, raconte l&rsquo;initiative b\u00e9n\u00e9vole de la \u00abCompagnie de couture\u00bb qui a confectionn\u00e9 plus de 300 000 v\u00eatements adapt\u00e9s pour les civils et les soldats bless\u00e9s hospitalis\u00e9s dans plus de 90 h\u00f4pitaux ukrainiens, r\u00e9unissant plus de 800 b\u00e9n\u00e9voles \u00e0 travers le monde. \u00abNous avons lanc\u00e9 notre initiative le 28 f\u00e9vrier 2022 avec Maryna Palchenko, raconte Kseniia, en r\u00e9ponse \u00e0 un appel lanc\u00e9 sur Instagram: nous avions besoin de personnes capables de coudre des cagoules pour les jeunes engag\u00e9s dans la d\u00e9fense territoriale. Des informaticiens de Dnipro avaient mis \u00e0 disposition un local et les fonds n\u00e9cessaires pour acheter le tissu, nous avons apport\u00e9 nos machines \u00e0 coudre et avons impliqu\u00e9 d&rsquo;autres femmes du cours de couture que nous suivions avec Maryna\u00bb.<\/p>\n<p>    <img decoding=\"async\" src=\"data:image\/gif;base64,R0lGODlhAQABAIAAAAAAAP\/\/\/yH5BAEAAAAALAAAAAABAAEAAAIBRAA7\" data-original=\"https:\/\/www.vaticannews.va\/content\/dam\/vaticannews\/multimedia\/2026\/gennaio\/20\/04.jpg\/_jcr_content\/renditions\/cq5dam.thumbnail.cropped.750.422.jpeg\" alt=\"Le travail de la \u00abCompagnie de couture\u00bb.\" title=\"Le travail de la \u00abCompagnie de couture\u00bb.\"\/><\/p>\n<p>\n   Le travail de la \u00abCompagnie de couture\u00bb.\n  <\/p>\n<p><b>Les si\u00e8ges dans les villes du monde entier<\/b> <\/p>\n<p>Gr\u00e2ce \u00e0 une bonne organisation du travail, le groupe a r\u00e9ussi \u00e0 produire jusqu&rsquo;\u00e0 495 cagoules par jour, un r\u00e9sultat impensable avant la guerre. Par la suite, des demandes de sous-v\u00eatements thermiques ont afflu\u00e9, malgr\u00e9 la difficult\u00e9 \u00e0 trouver les mat\u00e9riaux n\u00e9cessaires: de nombreux magasins \u00e9taient ferm\u00e9s et les tissus adapt\u00e9s manquaient. Lorsque les fonds ont commenc\u00e9 \u00e0 manquer, Kseniia et les autres ont demand\u00e9 de l&rsquo;aide sur les r\u00e9seaux sociaux. Les artisanes de diff\u00e9rentes r\u00e9gions d&rsquo;Ukraine, souvent contraintes de fuir leurs villes, ont exprim\u00e9 leur d\u00e9sir d&rsquo;aider et le groupe a commenc\u00e9 \u00e0 collecter des fonds, \u00e0 acheter des tissus en gros et \u00e0 envoyer des kits de couture aux b\u00e9n\u00e9voles dans tout le pays. Gr\u00e2ce \u00e0 des patrons et des instructions partag\u00e9es en ligne, la Compagnie de couture a d\u00e9pass\u00e9 les fronti\u00e8res de l&rsquo;Ukraine et compte actuellement 25 sites dans diff\u00e9rentes villes d&rsquo;Ukraine et dans des pays tels que le Canada, la Suisse, le Mont\u00e9n\u00e9gro, l&rsquo;Angleterre, la Pologne, la R\u00e9publique Tch\u00e8que et l&rsquo;Allemagne.<\/p>\n<p><b>Les v\u00eatements adapt\u00e9s<\/b> <\/p>\n<p>Les v\u00eatements adapt\u00e9s fabriqu\u00e9s par la \u00abCompagnie de couture\u00bb\u00a0sont destin\u00e9s aussi bien aux militaires bless\u00e9s qu&rsquo;aux civils victimes des bombardements, et sont enti\u00e8rement gratuits. Parmi les cas les plus r\u00e9cents, citons celui de Yevheniya, une femme d&rsquo;Odessa gravement br\u00fbl\u00e9e lors d&rsquo;une attaque le 30 d\u00e9cembre dernier. \u00abNous lui avons envoy\u00e9 des v\u00eatements adapt\u00e9s. Elle est actuellement hospitalis\u00e9e \u00e0 Lviv o\u00f9 elle suit un traitement, et ces v\u00eatements sont les seuls qu&rsquo;elle peut porter pour le moment\u00bb, explique la b\u00e9n\u00e9vole.<\/p>\n<p>    <img decoding=\"async\" src=\"data:image\/gif;base64,R0lGODlhAQABAIAAAAAAAP\/\/\/yH5BAEAAAAALAAAAAABAAEAAAIBRAA7\" data-original=\"https:\/\/www.vaticannews.va\/content\/dam\/vaticannews\/multimedia\/2026\/gennaio\/20\/02.jpg\/_jcr_content\/renditions\/cq5dam.thumbnail.cropped.750.422.jpeg\" alt=\"Les b\u00e9n\u00e9voles de la \u00abCompagnie de couture\u00bb.\" title=\"Les b\u00e9n\u00e9voles de la \u00abCompagnie de couture\u00bb.\"\/><\/p>\n<p>\n   Les b\u00e9n\u00e9voles de la \u00abCompagnie de couture\u00bb.\n  <\/p>\n<p>La demande de soutien <\/p>\n<p>Aujourd&rsquo;hui, le groupe collabore avec plus d&rsquo;une centaine d&rsquo;h\u00f4pitaux, de cliniques et de centres de stabilisation, auxquels il fournit en permanence des v\u00eatements chauds, qu&rsquo;ils soient normaux ou adapt\u00e9s. Cependant, les besoins d\u00e9passent de loin les possibilit\u00e9s des b\u00e9n\u00e9voles, surtout pendant l&rsquo;hiver, lorsque le froid est particuli\u00e8rement intense et met en danger la sant\u00e9 des soldats et des bless\u00e9s. \u00abPour notre peuple, ajoute Kseniia, il est important que quelqu&rsquo;un, au moins jusqu&rsquo;en mai, puisse nous aider avec des pantalons en polaire, des pulls en polaire, des couvertures en polaire, des chaussettes. Il fait tr\u00e8s froid en ce moment. Le soir, il fait moins 15 degr\u00e9s et il n&rsquo;a pas fait aussi froid depuis longtemps. Je me souviens du mois de mars 2022, il faisait tr\u00e8s froid \u00e0 l&rsquo;\u00e9poque aussi, et c&rsquo;\u00e9tait probablement le printemps le plus froid de ma vie\u00bb.<\/p>\n<p><b>Les difficult\u00e9s \u00e0 surmonter<\/b> <\/p>\n<p>Kseniia Samoilych explique que l&rsquo;initiative est enti\u00e8rement b\u00e9n\u00e9vole, toutes les artisanes et coordinatrices travaillent sans r\u00e9mun\u00e9ration. Les fonds collect\u00e9s servent exclusivement \u00e0 acheter les tissus et \u00e0 couvrir les frais d&rsquo;exp\u00e9dition, ce qui est rendu encore plus difficile par les coupures de courant incessantes caus\u00e9es par les bombardements. Malgr\u00e9 le manque d&rsquo;\u00e9lectricit\u00e9, les b\u00e9n\u00e9voles ne cessent de coudre, souvent la nuit, s&rsquo;adaptant aux conditions: elles utilisent des g\u00e9n\u00e9rateurs et ont modifi\u00e9 les mod\u00e8les afin de pouvoir continuer \u00e0 travailler \u00e0 la main, en l&rsquo;absence de courant. L&rsquo;objectif principal reste le m\u00eame: r\u00e9chauffer les soldats et les civils bless\u00e9s, tout en pr\u00e9venant le risque d&rsquo;engelures. Malgr\u00e9 la fatigue physique et mentale, Kseniia se sent tr\u00e8s motiv\u00e9e par la forte implication de la communaut\u00e9 et les demandes constantes de v\u00eatements thermiques et adapt\u00e9s. Elle habite au 14e \u00e9tage et, en raison de la coupure de courant, l&rsquo;ascenseur ne fonctionne pas et elle doit transporter tout le mat\u00e9riel dans les escaliers. Mais elle ne se plaint pas. \u00abJe suis tr\u00e8s inspir\u00e9e par le fait de savoir que je ne suis pas seule, confie-t-elle, qu&rsquo;il y a des gens qui ne sont pas indiff\u00e9rents. Quelle que soit la quantit\u00e9 de v\u00eatements demand\u00e9e, il est toujours possible de trouver le mat\u00e9riel et les personnes qui les cousent, m\u00eame si nous avons froid nous aussi, car il n\u2019y a pas de chauffage dans nos locaux. C&rsquo;est pourquoi nous avons d\u00e9sormais transf\u00e9r\u00e9 la majeure partie de notre travail \u00e0 domicile. Je trouve tr\u00e8s motivant le fait que nous puissions soutenir nos concitoyens au moment m\u00eame o\u00f9 ils en ont besoin, apr\u00e8s avoir \u00e9t\u00e9 bless\u00e9s.\u00bb<\/p>\n<p>    <img decoding=\"async\" src=\"data:image\/gif;base64,R0lGODlhAQABAIAAAAAAAP\/\/\/yH5BAEAAAAALAAAAAABAAEAAAIBRAA7\" data-original=\"https:\/\/www.vaticannews.va\/content\/dam\/vaticannews\/multimedia\/2026\/gennaio\/20\/05.jpg\/_jcr_content\/renditions\/cq5dam.thumbnail.cropped.750.422.jpeg\" alt=\"Les b\u00e9n\u00e9voles de la \u00abCompagnie de couture\u00bb\" title=\"Les b\u00e9n\u00e9voles de la \u00abCompagnie de couture\u00bb\"\/><\/p>\n<p>\n   Les b\u00e9n\u00e9voles de la \u00abCompagnie de couture\u00bb\n  <\/p>\n<p><b>Prendre soin de son prochain<\/b> <\/p>\n<p>Les b\u00e9n\u00e9voles de la \u00abCompagnie de couture\u00bb s&rsquo;occupent de chaque d\u00e9tail avant d&rsquo;envoyer les v\u00eatements adapt\u00e9s aux h\u00f4pitaux ou aux centres de premiers secours: elles les lavent, les s\u00e8chent et les emballent dans des sacs. Elles savent combien il est difficile de laver et de s\u00e9cher rapidement sans \u00e9lectricit\u00e9. \u00abCela montre que nous avons \u00e0 c\u0153ur la dignit\u00e9 et le soin des personnes. Nous essayons de tout faire comme si c&rsquo;\u00e9tait pour nos proches, pour nos amis, comme si c&rsquo;\u00e9tait pour nous-m\u00eames.\u00bb<\/p>\n","protected":false},"excerpt":{"rendered":"L&rsquo;engagement de la \u00abCompagnie de couture\u00bb, une r\u00e9alit\u00e9 n\u00e9e \u00e0 Dnipro et compos\u00e9e aujourd&rsquo;hui de femmes de diff\u00e9rentes&hellip;\n","protected":false},"author":2,"featured_media":679182,"comment_status":"","ping_status":"","sticky":false,"template":"","format":"standard","meta":{"footnotes":""},"categories":[1590],"tags":[11,10263,1777,674,4651,1943,77714,14643,12,132,3400,220],"class_list":{"0":"post-679181","1":"post","2":"type-post","3":"status-publish","4":"format-standard","5":"has-post-thumbnail","7":"category-ukraine","8":"tag-actualites","9":"tag-benevolat","10":"tag-eu","11":"tag-europe","12":"tag-femmes","13":"tag-handicap","14":"tag-histoires-desperance","15":"tag-malades","16":"tag-news","17":"tag-russie","18":"tag-solidarite","19":"tag-ukraine"},"share_on_mastodon":{"url":"https:\/\/pubeurope.com\/@fr\/115933450334066505","error":""},"_links":{"self":[{"href":"https:\/\/www.europesays.com\/fr\/wp-json\/wp\/v2\/posts\/679181","targetHints":{"allow":["GET"]}}],"collection":[{"href":"https:\/\/www.europesays.com\/fr\/wp-json\/wp\/v2\/posts"}],"about":[{"href":"https:\/\/www.europesays.com\/fr\/wp-json\/wp\/v2\/types\/post"}],"author":[{"embeddable":true,"href":"https:\/\/www.europesays.com\/fr\/wp-json\/wp\/v2\/users\/2"}],"replies":[{"embeddable":true,"href":"https:\/\/www.europesays.com\/fr\/wp-json\/wp\/v2\/comments?post=679181"}],"version-history":[{"count":0,"href":"https:\/\/www.europesays.com\/fr\/wp-json\/wp\/v2\/posts\/679181\/revisions"}],"wp:featuredmedia":[{"embeddable":true,"href":"https:\/\/www.europesays.com\/fr\/wp-json\/wp\/v2\/media\/679182"}],"wp:attachment":[{"href":"https:\/\/www.europesays.com\/fr\/wp-json\/wp\/v2\/media?parent=679181"}],"wp:term":[{"taxonomy":"category","embeddable":true,"href":"https:\/\/www.europesays.com\/fr\/wp-json\/wp\/v2\/categories?post=679181"},{"taxonomy":"post_tag","embeddable":true,"href":"https:\/\/www.europesays.com\/fr\/wp-json\/wp\/v2\/tags?post=679181"}],"curies":[{"name":"wp","href":"https:\/\/api.w.org\/{rel}","templated":true}]}}