{"id":67921,"date":"2025-05-01T22:40:17","date_gmt":"2025-05-01T22:40:17","guid":{"rendered":"https:\/\/www.europesays.com\/fr\/67921\/"},"modified":"2025-05-01T22:40:17","modified_gmt":"2025-05-01T22:40:17","slug":"1er-mai-a-paris-pres-de-100-000-personnes-defilent-contre-la-fascisation-du-pays-et-du-monde","status":"publish","type":"post","link":"https:\/\/www.europesays.com\/fr\/67921\/","title":{"rendered":"1er\u00a0mai\u00a0: \u00e0 Paris, pr\u00e8s de 100\u00a0000 personnes d\u00e9filent contre la fascisation du pays et du monde"},"content":{"rendered":"<p>Chantage \u00e0 la dette, retour du ch\u00f4mage, crise \u00e9conomique, g\u00e9nocide \u00e0 Gaza, <a href=\"https:\/\/www.humanite.fr\/monde\/etats-unis\/etats-unis-guerre-commerciale-immigration-politique-etrangere-les-limites-de-la-methode-trump-apres-100-jours-a-la-maison-blanche\" rel=\"nofollow noopener\" target=\"_blank\">retour au pouvoir de Donald Trump<\/a>, et guerre de Poutine, les motifs d\u2019inqui\u00e9tudes comme de mobilisations ne manquent pas cette ann\u00e9e. Malgr\u00e9 un soleil radieux et une ambiance globalement bon enfant, le d\u00e9fil\u00e9 du 1er\u00a0mai parisien, parti \u00e0 14\u00a0heures de la place d\u2019Italie, refl\u00e9tait cette mont\u00e9e des p\u00e9rils sur tous les fronts.<\/p>\n<p>\u00ab\u00a0On ne sait m\u00eame pas quoi \u00e9crire tellement c\u2019est la merde\u00a0\u00bb proclame ainsi la pancarte brandie par Catherine. Venue avec sa copine Christine, retrait\u00e9e et syndiqu\u00e9e \u00e0 la CGT pendant des ann\u00e9es comme elle, elle \u00e9num\u00e8re motifs d\u2019inqui\u00e9tudes\u00a0: \u00ab\u00a0tout ce que fait le gouvernement, la guerre, la finance, la mont\u00e9e des dictatures\u00a0\u00bb. Une \u00e9volution du monde qui leur fait se f\u00e9liciter\u00a0de ne pas avoir fait d\u2019enfant. Dans la capitale, ils \u00e9taient pr\u00e8s de 100\u00a0000, selon la CGT, \u00e0 rejoindre la place de la Nation.<\/p>\n<p>De l\u2019argent pour le social, pas pour la guerre<\/p>\n<p>Parmi les revendications dominantes, le refus de voir <a href=\"https:\/\/www.humanite.fr\/monde\/allemagne\/778-milliards-deuros-jamais-depuis-la-guerre-froide-le-monde-navait-autant-depense-pour-sarmer\" rel=\"nofollow noopener\" target=\"_blank\">les financements publics siphonn\u00e9s par les d\u00e9penses militaires<\/a>. \u00ab\u00a0Faites<a href=\"https:\/\/www.humanite.fr\/monde\/bnp-paribas\/gaza-comment-la-bnp-paribas-a-finance-la-guerre-disrael-a-hauteur-de-2-milliards-de-dollars\" rel=\"nofollow noopener\" target=\"_blank\"> payer vos guerres par vos milliardaires, pas par nos grands-m\u00e8res\u00a0<\/a>\u00bb r\u00e9sume une pancarte brandit par un grand gaillard qui arbore gilet jaune et Keffieh palestinien.<\/p>\n<p>Dans le cort\u00e8ge, deux jeunes filles debout sur le camion de la CGT 93, coiff\u00e9e de la fameuse casquette \u00e0 strass de la centrale syndicale, chantent en boucle sur un rythme endiabl\u00e9 \u00ab\u00a0taxer les riches\u00a0\u00bb. Christes et Amalia, deux jeunes grecques r\u00e9sidant \u00e0 Paris de longue date s\u2019inqui\u00e8tent aussi \u00ab\u00a0qu\u2019on utilise l\u2019argent pour le r\u00e9armement au lieu d\u2019investir dans la transition \u00e9cologique et dans la justice sociale\u00a0\u00bb. <a href=\"https:\/\/www.humanite.fr\/social-et-economie\/agents-territoriaux\/coupes-budgetaires-indemnisation-des-arrets-maladie-gel-du-point-dindice-les-syndicats-de-la-fonction-publique-sonnent-la-mobilisation-le-13-mai\" rel=\"nofollow noopener\" target=\"_blank\">Ils voient les services publics attaqu\u00e9s<\/a>, les droits se retreindre, et ont un peu la sensation \u00ab\u00a0de revoir en plus lent ce qu\u2019on a v\u00e9cu en Gr\u00e8ce\u00a0\u00bb<\/p>\n<p>Au-del\u00e0 de la solidarit\u00e9 avec les Palestiniens, omnipr\u00e9sente dans le cort\u00e8ge sous forme de drapeaux et de keffieh, la \u00ab\u00a0trumpisation du monde\u00a0\u00bb est dans tous les esprits. Deux Am\u00e9ricains qui se d\u00e9finissent comme \u00ab\u00a0exil\u00e9s\u00a0\u00bb sont venus pour se sentir moins seuls.<\/p>\n<p>Sur sa pancarte, lui a \u00e9crit, \u00ab\u00a0la d\u00e9mocratie ne meurt pas dans le noir elle meurt dans la main des oligarques\u00a0\u00bb. G\u00e9rald, un vieux militant communiste \u00ab\u00a0lecteur de L\u2019Humanit\u00e9 depuis 50\u00a0ans\u00a0\u00bb le dit lui aussi. \u00ab\u00a0La situation internationale fait peur avec les fascistes qui nous entourent dans le monde entier, m\u00eame en Europe chez nos voisins. Et puis il y a le retour de Trump et Poutine qui ne vaut pas mieux. On est encercl\u00e9\u00a0\u00bb.<\/p>\n<p>Une envie de gauche unie<\/p>\n<p>Face \u00e0 <a href=\"https:\/\/www.humanite.fr\/social-et-economie\/arcelor\/lindustrie-est-victime-de-la-demission-de-letat-entretien-avec-sophie-binet-secretaire-generale-de-la-cgt\" rel=\"nofollow noopener\" target=\"_blank\">ces menaces internes comme externes<\/a>, l\u2019aspiration \u00e0 l\u2019unit\u00e9 est forte. Paulin et Anna, deux \u00e9tudiants en musique, qui participent pour la premi\u00e8re fois au d\u00e9fil\u00e9 annuel, trouvent \u00ab\u00a0affolant la mont\u00e9e de l\u2019extr\u00eame droite\u00a0\u00bb et voudraient bien que \u00ab\u00a0la gauche s\u2019unisse pour pouvoir gagner aux pr\u00e9sidentielles\u00a0\u00bb. M\u00eame discours chez Danielle, retrait\u00e9e et militante \u00e0 Attac tr\u00e8s investie sur la d\u00e9fense des services publics, qui l\u2019impression que \u00ab\u00a0pour une fois c\u2019est une manifestation unitaire et \u00e7a c\u2019est important\u00a0\u00bb.<\/p>\n<p>Point noir dans ce d\u00e9fil\u00e9, le stand du parti socialiste a \u00e9t\u00e9 pris pour cible aux cris de \u00ab\u00a0tout le monde d\u00e9teste le PS\u00a0\u00bb,<a href=\"https:\/\/www.humanite.fr\/social-et-economie\/black-blocs\/les-black-blocs-un-point-noir-dans-les-corteges-794232\" data-type=\"link\" data-id=\"https:\/\/www.humanite.fr\/social-et-economie\/black-blocs\/les-black-blocs-un-point-noir-dans-les-corteges-794232\" rel=\"nofollow noopener\" target=\"_blank\"> par les black blocs<\/a>. Olivier Faure, premier secr\u00e9taire du parti socialiste, pr\u00e9sent \u00e0 <a href=\"https:\/\/www.humanite.fr\/social-et-economie\/arcelor\/a-dunkerque-un-defile-du-1er-mai-avec-la-nationalisation-darcelormittal-dans-toutes-les-tetes\" rel=\"nofollow noopener\" target=\"_blank\">Dunkerque aux c\u00f4t\u00e9s des salari\u00e9s d\u2019ArcelorMittal<\/a>, a annonc\u00e9 d\u00e9poser plainte. Plusieurs bless\u00e9s sont \u00e0 d\u00e9plorer. \u00ab\u00a0Ce sont les violences qui ne sont pas les bienvenues dans ces cort\u00e8ges\u00a0\u00bb, r\u00e9sume Sophie Binet, secr\u00e9taire g\u00e9n\u00e9rale de la CGT.<\/p>\n<p>Aux c\u00f4t\u00e9s de celles et ceux qui luttent\u00a0!<\/p>\n<p>L\u2019urgence sociale, c\u2019est chaque jour la priorit\u00e9 de l\u2019Humanit\u00e9.<\/p>\n<ul class=\"wp-block-list\">\n<li>En exposant la violence patronale.<\/li>\n<li>En montrant ce que vivent celles et ceux qui travaillent et ceux qui aspirent \u00e0 le faire.<\/li>\n<li>En donnant des cl\u00e9s de compr\u00e9hension et des outils aux salari\u00e9.es pour se d\u00e9fendre contre les politiques ultralib\u00e9rales qui d\u00e9gradent leur qualit\u00e9 de vie.<\/li>\n<\/ul>\n<p>Vous connaissez d\u2019autres m\u00e9dias qui font \u00e7a\u00a0? Soutenez-nous\u00a0!<br \/><a href=\"https:\/\/www.humanite.fr\/lhumanite-cest-vous\" rel=\"nofollow noopener\" target=\"_blank\">Je veux en savoir plus.<\/a><\/p>\n","protected":false},"excerpt":{"rendered":"Chantage \u00e0 la dette, retour du ch\u00f4mage, crise \u00e9conomique, g\u00e9nocide \u00e0 Gaza, retour au pouvoir de Donald Trump,&hellip;\n","protected":false},"author":2,"featured_media":67922,"comment_status":"","ping_status":"","sticky":false,"template":"","format":"standard","meta":{"footnotes":""},"categories":[1888],"tags":[10916,1111,1928,11,1927,75,1777,674,16959,1011,27,12,1926,626,1925,25],"class_list":{"0":"post-67921","1":"post","2":"type-post","3":"status-publish","4":"format-standard","5":"has-post-thumbnail","7":"category-paris","8":"tag-1er-mai","9":"tag-actu","10":"tag-actu-paris","11":"tag-actualites","12":"tag-actualites-paris","13":"tag-donald-trump","14":"tag-eu","15":"tag-europe","16":"tag-fascisme","17":"tag-fr","18":"tag-france","19":"tag-news","20":"tag-news-paris","21":"tag-paris","22":"tag-paris-news","23":"tag-republique-francaise"},"share_on_mastodon":{"url":"https:\/\/pubeurope.com\/@fr\/114434986687333801","error":""},"_links":{"self":[{"href":"https:\/\/www.europesays.com\/fr\/wp-json\/wp\/v2\/posts\/67921","targetHints":{"allow":["GET"]}}],"collection":[{"href":"https:\/\/www.europesays.com\/fr\/wp-json\/wp\/v2\/posts"}],"about":[{"href":"https:\/\/www.europesays.com\/fr\/wp-json\/wp\/v2\/types\/post"}],"author":[{"embeddable":true,"href":"https:\/\/www.europesays.com\/fr\/wp-json\/wp\/v2\/users\/2"}],"replies":[{"embeddable":true,"href":"https:\/\/www.europesays.com\/fr\/wp-json\/wp\/v2\/comments?post=67921"}],"version-history":[{"count":0,"href":"https:\/\/www.europesays.com\/fr\/wp-json\/wp\/v2\/posts\/67921\/revisions"}],"wp:featuredmedia":[{"embeddable":true,"href":"https:\/\/www.europesays.com\/fr\/wp-json\/wp\/v2\/media\/67922"}],"wp:attachment":[{"href":"https:\/\/www.europesays.com\/fr\/wp-json\/wp\/v2\/media?parent=67921"}],"wp:term":[{"taxonomy":"category","embeddable":true,"href":"https:\/\/www.europesays.com\/fr\/wp-json\/wp\/v2\/categories?post=67921"},{"taxonomy":"post_tag","embeddable":true,"href":"https:\/\/www.europesays.com\/fr\/wp-json\/wp\/v2\/tags?post=67921"}],"curies":[{"name":"wp","href":"https:\/\/api.w.org\/{rel}","templated":true}]}}