{"id":679212,"date":"2026-01-21T14:22:13","date_gmt":"2026-01-21T14:22:13","guid":{"rendered":"https:\/\/www.europesays.com\/fr\/679212\/"},"modified":"2026-01-21T14:22:13","modified_gmt":"2026-01-21T14:22:13","slug":"indiana-jones-ne-sera-jamais-termine-meme-si-deux-projets-de-series-ont-ete-annules","status":"publish","type":"post","link":"https:\/\/www.europesays.com\/fr\/679212\/","title":{"rendered":"\u00ab\u00a0Indiana Jones ne sera jamais termin\u00e9\u00a0\u00bb, m\u00eame si deux projets de s\u00e9ries ont \u00e9t\u00e9 annul\u00e9s"},"content":{"rendered":"<p class=\"ap-StoryElement ap-StoryElement--mb ap-StoryText\">Avant de pr\u00e9ciser : \u00ab\u00a0On ne sait jamais. Mais nous sommes toujours tous l\u00e0, Steven (Spielberg), Frank (Marshall) et moi, et Harrison (Ford) et George (Lucas). Nous pouvons donc dire s&rsquo;il y en aura d&rsquo;autres, ou non.\u00a0\u00bb<\/p>\n<p>Deux projets de s\u00e9ries ont \u00e9t\u00e9 abandonn\u00e9s<\/p>\n<p class=\"ap-StoryElement ap-StoryElement--mb ap-StoryText\">Clairement, c&rsquo;est la premi\u00e8re option qui a le plus de chance de se concr\u00e9tiser \u00e0 l&rsquo;avenir. D&rsquo;ailleurs, elle a profit\u00e9 de cette discussion pour d\u00e9voiler deux projets qui avaient \u00e9t\u00e9 concoct\u00e9s. Selon The Wrap, Rodrigo Blaas, aux commandes de Star Wars : Visions, travaillait sur une s\u00e9rie anim\u00e9e intitul\u00e9e Reggie, en r\u00e9f\u00e9rence au serpent domestique de Jock Lindsay dans Indiana Jones et les aventuriers de l&rsquo;arche perdue. L&rsquo;objectif : faire le lien entre les films de la trilogie originale, mais le projet est tomb\u00e9 \u00e0 l&rsquo;eau.<\/p>\n<p class=\"ap-StoryElement ap-StoryElement--mb ap-StoryText\">Un autre devait mettre en valeur Abner Ravenwood, le mentor d&rsquo;Indiana Jones et p\u00e8re de Marion, son grand amour (interpr\u00e9t\u00e9 par Karen Allen au cin\u00e9ma). Ici, il s&rsquo;agissait d&rsquo;une s\u00e9rie \u00ab\u00a0live\u00a0\u00bb, mais elle aussi a \u00e9t\u00e9 abandonn\u00e9e. Ces deux projets en disent n\u00e9anmoins long sur la volont\u00e9 de prolonger les aventures arch\u00e9ologiques, en d\u00e9pit de<a href=\"https:\/\/www.dhnet.be\/medias\/cinema\/2025\/10\/02\/indiana-jones-decouvre-des-tresors-dores-mais-perd-beaucoup-dargent-5TAJCFFUHRGFJBUNQ3CN53IUDY\/\" target=\"_self\" rel=\"noopener\"> l&rsquo;\u00e9chec commercial d&rsquo;Indiana Jones et le cadran de la destin\u00e9e<\/a>. Il serait donc \u00e9tonnant qu&rsquo;\u00e0 l&rsquo;avenir, Indy ne reparte pas sur les traces d&rsquo;un autre tr\u00e9sor d&rsquo;une valeur inestimable. D&rsquo;ailleurs, la r\u00e9alit\u00e9 a d\u00e9j\u00e0 d\u00e9pass\u00e9 la fiction puisque <a href=\"https:\/\/www.dhnet.be\/medias\/2026\/01\/16\/insolite-le-british-museum-va-engager-un-indiana-jones-pour-retrouver-ses-tresors-voles-CAMUFEXZKZDZJOUAQ6C7PEUMWI\/\" target=\"_self\" rel=\"noopener\">le British Museum vient de s&rsquo;en inspirer pour tenter de retrouver ses objets vol\u00e9s<\/a>\u2026<\/p>\n","protected":false},"excerpt":{"rendered":"Avant de pr\u00e9ciser : \u00ab\u00a0On ne sait jamais. Mais nous sommes toujours tous l\u00e0, Steven (Spielberg), Frank (Marshall)&hellip;\n","protected":false},"author":2,"featured_media":679213,"comment_status":"","ping_status":"","sticky":false,"template":"","format":"standard","meta":{"footnotes":""},"categories":[1354],"tags":[31373,3232,41036,650,58,59,1346,1011,27,5852,12550,1079,2137,56287,76780,1360,1095,521,1480,27491,12860],"class_list":{"0":"post-679212","1":"post","2":"type-post","3":"status-publish","4":"format-standard","5":"has-post-thumbnail","7":"category-films","8":"tag-annulation","9":"tag-avenir","10":"tag-blockbuster","11":"tag-cinema","12":"tag-divertissement","13":"tag-entertainment","14":"tag-films","15":"tag-fr","16":"tag-france","17":"tag-futur","18":"tag-george-lucas","19":"tag-harrison-ford","20":"tag-hollywood","21":"tag-indiana-jones","22":"tag-kathleen-kennedy","23":"tag-movies","24":"tag-projet","25":"tag-serie","26":"tag-star-wars","27":"tag-steven-spielberg","28":"tag-suites"},"share_on_mastodon":{"url":"https:\/\/pubeurope.com\/@fr\/115933541018898204","error":""},"_links":{"self":[{"href":"https:\/\/www.europesays.com\/fr\/wp-json\/wp\/v2\/posts\/679212","targetHints":{"allow":["GET"]}}],"collection":[{"href":"https:\/\/www.europesays.com\/fr\/wp-json\/wp\/v2\/posts"}],"about":[{"href":"https:\/\/www.europesays.com\/fr\/wp-json\/wp\/v2\/types\/post"}],"author":[{"embeddable":true,"href":"https:\/\/www.europesays.com\/fr\/wp-json\/wp\/v2\/users\/2"}],"replies":[{"embeddable":true,"href":"https:\/\/www.europesays.com\/fr\/wp-json\/wp\/v2\/comments?post=679212"}],"version-history":[{"count":0,"href":"https:\/\/www.europesays.com\/fr\/wp-json\/wp\/v2\/posts\/679212\/revisions"}],"wp:featuredmedia":[{"embeddable":true,"href":"https:\/\/www.europesays.com\/fr\/wp-json\/wp\/v2\/media\/679213"}],"wp:attachment":[{"href":"https:\/\/www.europesays.com\/fr\/wp-json\/wp\/v2\/media?parent=679212"}],"wp:term":[{"taxonomy":"category","embeddable":true,"href":"https:\/\/www.europesays.com\/fr\/wp-json\/wp\/v2\/categories?post=679212"},{"taxonomy":"post_tag","embeddable":true,"href":"https:\/\/www.europesays.com\/fr\/wp-json\/wp\/v2\/tags?post=679212"}],"curies":[{"name":"wp","href":"https:\/\/api.w.org\/{rel}","templated":true}]}}