{"id":679214,"date":"2026-01-21T14:23:23","date_gmt":"2026-01-21T14:23:23","guid":{"rendered":"https:\/\/www.europesays.com\/fr\/679214\/"},"modified":"2026-01-21T14:23:23","modified_gmt":"2026-01-21T14:23:23","slug":"les-symptomes-a-ne-surtout-pas-ignorer","status":"publish","type":"post","link":"https:\/\/www.europesays.com\/fr\/679214\/","title":{"rendered":"les sympt\u00f4mes \u00e0 ne surtout pas ignorer"},"content":{"rendered":"<p>Chaque hiver, <a href=\"https:\/\/paroledemamans.com\/ma-vie-de-maman\/sante\/la-grippe-revient-fort-cet-hiver-ce-reflexe-oublie-peut-stopper-la-grippe-avant-quelle-ne-se-propage\" target=\"_blank\" rel=\"noopener\">la grippe<\/a> revient comme une<br \/>\nvieille connaissance dont on sous-estime trop souvent la<br \/>\ndangerosit\u00e9. Fatigue, fi\u00e8vre, toux\u2026 chez l\u2019enfant, elle est<br \/>\ng\u00e9n\u00e9ralement per\u00e7ue comme une maladie b\u00e9nigne, certes d\u00e9sagr\u00e9able<br \/>\nmais sans gravit\u00e9.<\/p>\n<p>Pourtant, derri\u00e8re cette apparente banalit\u00e9, <a href=\"https:\/\/paroledemamans.com\/ma-vie-de-maman\/sante\/vous-avez-surement-attrape-le-virus-influenza-cette-grippe-qui-dure-des-semaines-ce-symptome-a-surveiller-de-pres\" target=\"_blank\" rel=\"noopener\">le virus<\/a> peut parfois provoquer<br \/>\ndes complications fulgurantes, m\u00eame chez des enfants en parfaite<br \/>\nsant\u00e9. Le d\u00e9c\u00e8s d\u2019Ellie, une fillette am\u00e9ricaine de 4 ans, en est<br \/>\nun rappel brutal.<\/p>\n<p>Une maladie qui a frapp\u00e9 sans<br \/>\npr\u00e9venir<\/p>\n<p>Pendant les vacances de No\u00ebl, la grippe s\u2019est invit\u00e9e dans une<br \/>\nfamille de l\u2019Utah, aux \u00c9tats Unis. Parents et enfants ont \u00e9t\u00e9<br \/>\ntouch\u00e9s, chacun \u00e0 des degr\u00e9s diff\u00e9rents. Rien d\u2019inhabituel en<br \/>\npleine <a href=\"https:\/\/paroledemamans.com\/actualites\/actualites-ma-vie-de-maman\/le-froid-extreme-pourrait-frapper-sans-prevenir-un-vortex-polaire-pret-a-sabattre-sur-la-france-voici-quand\" target=\"_blank\" rel=\"noopener\">saison hivernale<\/a>. Ellie, 4 ans,<br \/>\nsemblait m\u00eame plut\u00f4t bien r\u00e9sister au virus. \u00ab Elle semblait<br \/>\nr\u00e9sister \u00e0 la grippe \u00bb, racontent ses parents \u00e0 la presse<br \/>\nam\u00e9ricaine. Les m\u00e9dicaments faisaient effet, la fi\u00e8vre \u00e9tait<br \/>\ncontenue, et rien ne laissait pr\u00e9sager une issue dramatique.<\/p>\n<p>Puis la situation a bascul\u00e9. Une toux de plus en plus s\u00e9v\u00e8re est<br \/>\napparue, poussant sa m\u00e8re \u00e0 l\u2019emmener \u00e0 l\u2019h\u00f4pital. Le diagnostic<br \/>\nest tomb\u00e9 rapidement : une grippe associ\u00e9e \u00e0 un ad\u00e9novirus,<br \/>\naccompagn\u00e9e d\u2019une laryngite striduleuse, une inflammation des voies<br \/>\nrespiratoires fr\u00e9quente chez les jeunes enfants. Ellie est<br \/>\nhospitalis\u00e9e en observation. Le lendemain, les m\u00e9decins estiment<br \/>\nson \u00e9tat suffisamment stable pour envisager une sortie.<\/p>\n<p>Une d\u00e9gradation fulgurante malgr\u00e9 les<br \/>\nsoins<\/p>\n<p>Quelques heures plus tard, tout s\u2019effondre. La fillette<br \/>\nrecommence \u00e0 manquer d\u2019oxyg\u00e8ne et crache du sang. Les examens<br \/>\nr\u00e9v\u00e8lent une pneumonie s\u00e9v\u00e8re, un sepsis li\u00e9 \u00e0 une infection<br \/>\ng\u00e9n\u00e9ralis\u00e9e, puis des caillots sanguins au niveau du c\u0153ur. Trop<br \/>\njeune pour \u00eatre op\u00e9r\u00e9e, trop fragile pour recevoir un traitement<br \/>\nanticoagulant sans risques majeurs, Ellie n\u2019a plus beaucoup<br \/>\nd\u2019options.<\/p>\n<p>Douze heures apr\u00e8s cette aggravation soudaine, elle est victime<br \/>\nd\u2019un AVC. Sa m\u00e8re confiera plus tard : \u00ab L\u00a0\u00bbh\u00e9misph\u00e8re gauche de son<br \/>\ncerceau \u00e9tait inactif. Cela ne servait plus \u00e0 rien de lutter \u00bb. Le<br \/>\n6 janvier, la fillette d\u00e9c\u00e8de, laissant sa famille et de nombreux<br \/>\nparents sous le choc.<\/p>\n<p>D\u2019autant plus que rien, dans son pass\u00e9 m\u00e9dical, ne pouvait<br \/>\nalerter. \u00ab Elle n&rsquo;avait jamais connu de probl\u00e8mes de sant\u00e9 \u00bb,<br \/>\ninsiste sa m\u00e8re. \u00ab C&rsquo;\u00e9tait mon enfant qui \u00e9tait en meilleure forme<br \/>\n\u00bb.<\/p>\n<p>Vaccination et<br \/>\nvigilance, le message d\u2019une m\u00e8re aux autres parents<\/p>\n<p>Depuis le drame, les parents d\u2019Ellie ont lanc\u00e9 une cagnotte pour<br \/>\nfinancer les fun\u00e9railles. Mais au del\u00e0 de l\u2019\u00e9lan de solidarit\u00e9, la<br \/>\nm\u00e8re souhaite surtout faire passer un message clair aux autres<br \/>\nfamilles. \u00ab Faites vacciner vos enfants contre la grippe \u00bb, mart\u00e8le<br \/>\nt elle. Avec le recul, elle s\u2019interroge : \u00ab Peut \u00eatre que si ma<br \/>\nfille avait \u00e9t\u00e9 vaccin\u00e9e, \u00e7a aurait pu l&rsquo;aider \u00bb.<\/p>\n<p>Son t\u00e9moignage r\u00e9sonne dans un contexte pr\u00e9occupant. Aux \u00c9tats<br \/>\nUnis, 289 enfants sont d\u00e9c\u00e9d\u00e9s de la grippe lors de la derni\u00e8re<br \/>\nsaison. Un chiffre qui rappelle que la grippe n\u2019est pas toujours<br \/>\nanodine, m\u00eame chez les plus jeunes et m\u00eame sans facteur de risque<br \/>\nconnu.<\/p>\n<p>Source : <a href=\"https:\/\/www.cnews.fr\/sante\/2026-01-17\/elle-navait-aucun-probleme-de-sante-une-fillette-de-4-ans-meurt-de-la-grippe-sa\" target=\"_blank\" rel=\"noopener\">C News<\/a><\/p>\n","protected":false},"excerpt":{"rendered":"Chaque hiver, la grippe revient comme une vieille connaissance dont on sous-estime trop souvent la dangerosit\u00e9. Fatigue, fi\u00e8vre,&hellip;\n","protected":false},"author":2,"featured_media":679215,"comment_status":"","ping_status":"","sticky":false,"template":"","format":"standard","meta":{"footnotes":""},"categories":[10],"tags":[10281,3983,1011,27,29786,72,36076,226,71],"class_list":{"0":"post-679214","1":"post","2":"type-post","3":"status-publish","4":"format-standard","5":"has-post-thumbnail","7":"category-sante","8":"tag-buzz-nonli","9":"tag-deces","10":"tag-fr","11":"tag-france","12":"tag-grippe","13":"tag-health","14":"tag-malade","15":"tag-maladie","16":"tag-sante"},"share_on_mastodon":{"url":"https:\/\/pubeurope.com\/@fr\/115933544740989279","error":""},"_links":{"self":[{"href":"https:\/\/www.europesays.com\/fr\/wp-json\/wp\/v2\/posts\/679214","targetHints":{"allow":["GET"]}}],"collection":[{"href":"https:\/\/www.europesays.com\/fr\/wp-json\/wp\/v2\/posts"}],"about":[{"href":"https:\/\/www.europesays.com\/fr\/wp-json\/wp\/v2\/types\/post"}],"author":[{"embeddable":true,"href":"https:\/\/www.europesays.com\/fr\/wp-json\/wp\/v2\/users\/2"}],"replies":[{"embeddable":true,"href":"https:\/\/www.europesays.com\/fr\/wp-json\/wp\/v2\/comments?post=679214"}],"version-history":[{"count":0,"href":"https:\/\/www.europesays.com\/fr\/wp-json\/wp\/v2\/posts\/679214\/revisions"}],"wp:featuredmedia":[{"embeddable":true,"href":"https:\/\/www.europesays.com\/fr\/wp-json\/wp\/v2\/media\/679215"}],"wp:attachment":[{"href":"https:\/\/www.europesays.com\/fr\/wp-json\/wp\/v2\/media?parent=679214"}],"wp:term":[{"taxonomy":"category","embeddable":true,"href":"https:\/\/www.europesays.com\/fr\/wp-json\/wp\/v2\/categories?post=679214"},{"taxonomy":"post_tag","embeddable":true,"href":"https:\/\/www.europesays.com\/fr\/wp-json\/wp\/v2\/tags?post=679214"}],"curies":[{"name":"wp","href":"https:\/\/api.w.org\/{rel}","templated":true}]}}