{"id":679222,"date":"2026-01-21T14:27:10","date_gmt":"2026-01-21T14:27:10","guid":{"rendered":"https:\/\/www.europesays.com\/fr\/679222\/"},"modified":"2026-01-21T14:27:10","modified_gmt":"2026-01-21T14:27:10","slug":"en-allemagne-lechange-de-batteries-en-5-minutes-va-t-il-tout-changer","status":"publish","type":"post","link":"https:\/\/www.europesays.com\/fr\/679222\/","title":{"rendered":"en Allemagne, l\u2019\u00e9change de batteries en 5 minutes va-t-il tout changer ?"},"content":{"rendered":"<p itemprop=\"description\">Au c\u0153ur du Brandebourg, des camions<br \/>\n\u00e9lectriques repartent en quelques minutes d\u2019une station sans borne<br \/>\nclassique. Derri\u00e8re cette sc\u00e8ne discr\u00e8te se cache une technologie<br \/>\ncapable de bousculer la transition du fret routier.<\/p>\n<p>Les camions \u00e9lectriques, tout le monde en parle. Mais d\u00e8s qu\u2019on<br \/>\nquitte les beaux discours pour regarder comment les recharger au<br \/>\nquotidien, surtout sur longue distance, les choses se compliquent<br \/>\nvite. Puissances d\u00e9lirantes, pauses interminables, r\u00e9seau<br \/>\n\u00e9lectrique qui peine d\u00e9j\u00e0 \u00e0 suivre&#8230; <strong>Pour un ensemble de<br \/>\n40 tonnes, le simple copier-coller du mod\u00e8le de la voiture<br \/>\n\u00e9lectrique montre tr\u00e8s vite ses limites.<\/strong><\/p>\n<p>En Allemagne, au milieu du Brandebourg, un projet discret teste<br \/>\npourtant une autre voie. Celle des poids-lourds qui repartent en<br \/>\nquelques minutes, sans passer par une <a href=\"https:\/\/www.autoplus.fr\/environnement\/bornes-de-charge-rapides-quels-sont-les-problemes-les-plus-courants-1407720.html\" target=\"_blank\" rel=\"noopener\">borne rapide classique<\/a>. Une<br \/>\nsolution d\u00e9j\u00e0 d\u00e9ploy\u00e9e \u00e0 grande \u00e9chelle en Chine, encore quasiment<br \/>\ninconnue chez nous, mais qui pourrait bien changer la donne pour<br \/>\nles <strong>camions \u00e9lectriques<\/strong> sur autoroute.<\/p>\n<p>Camions \u00e9lectriques : pourquoi la recharge rapide ne suffit pas<br \/>\ntoujours<\/p>\n<p>Pour un poids-lourd qui parcourt une longue distance, la<br \/>\nrecharge est un casse-t\u00eate. Les puissances n\u00e9cessaires sont<br \/>\n\u00e9normes, avec des syst\u00e8mes qui visent plusieurs centaines de<br \/>\nkilowatts, voire plus d\u2019un m\u00e9gawatt. Et le temps d\u2019immobilisation<br \/>\nreste long. Pour remonter correctement la batterie d\u2019un tracteur<br \/>\nroutier sur une borne haute puissance, <strong>il faut compter<br \/>\nentre 30 et 60 minutes selon les cas, bien plus que le temps d\u2019un<br \/>\nplein de gazole.<\/strong><\/p>\n<p>Sur le papier, on pourrait se dire que ce n\u2019est \u201cqu\u2019une\u201d pause<br \/>\nde plus. Sauf que pour un transporteur, chaque minute d\u2019arr\u00eat p\u00e8se<br \/>\nsur les tourn\u00e9es, les d\u00e9lais de livraison et l\u2019utilisation de la<br \/>\nflotte. Les batteries doivent \u00eatre surdimensionn\u00e9es pour garder de<br \/>\nl\u2019autonomie malgr\u00e9 ces contraintes, ce qui alourdit encore les<br \/>\ncamions et rench\u00e9rit la facture. <strong>Dans le m\u00eame temps, le<br \/>\nrenforcement du r\u00e9seau \u00e9lectrique le long des grands axes<br \/>\nlogistiques ne suit pas toujours le rythme esp\u00e9r\u00e9<\/strong>, alors<br \/>\nque les poids lourds de plus de 3,5 tonnes assurent l\u2019\u00e9crasante<br \/>\nmajorit\u00e9 du transport de marchandises et une part importante des<br \/>\n\u00e9missions routi\u00e8res. De quoi chercher une autre voie que la seule<br \/>\nrecharge ultra-rapide classique.<\/p>\n<p>L\u2019\u00e9change automatis\u00e9 de batteries<\/p>\n<p>Cette autre voie, c\u2019est l\u2019<strong>\u00e9change de batteries pour<br \/>\ncamions \u00e9lectriques<\/strong>. Le principe est simple sur le papier<br \/>\n: le camion arrive dans une station, sa ou ses batteries d\u00e9charg\u00e9es<br \/>\nsont retir\u00e9es automatiquement, et remplac\u00e9es par des batteries d\u00e9j\u00e0<br \/>\npleines. Les batteries sont recharg\u00e9es en arri\u00e8re-plan, \u00e0 puissance<br \/>\nplus mod\u00e9r\u00e9e, pendant que les v\u00e9hicules continuent de rouler. Dans<br \/>\nles meilleurs syst\u00e8mes pour <a href=\"https:\/\/www.autoplus.fr\/flotte-auto\/utilitaires\/apres-les-voitures-donald-trump-sattaque-aux-poids-lourds-et-aux-autocars-importes-1403181.html\" target=\"_blank\" rel=\"noopener\"><br \/>\npoids-lourds<\/a>, <strong>le temps d\u2019arr\u00eat vis\u00e9 tourne autour de 5<br \/>\nminutes<\/strong>, et sur le d\u00e9monstrateur europ\u00e9en actuel il est<br \/>\nd\u2019environ 10 minutes, contre 30 \u00e0 60 minutes sur une borne rapide<br \/>\nclassique.<\/p>\n<p>C\u2019est exactement ce que teste le projet eHaul, lanc\u00e9 \u00e0 l\u2019automne<br \/>\n2020 et pilot\u00e9 par <strong>l\u2019Universit\u00e9 technique de<br \/>\nBerlin<\/strong>. Deux camions \u00e9lectriques modifi\u00e9s du constructeur<br \/>\nDesignwerk ont assur\u00e9 des liaisons r\u00e9guli\u00e8res entre Berlin et<br \/>\nDresde, avec un passage par une station d\u2019\u00e9change automatis\u00e9e \u00e0<br \/>\nL\u00fcbbenau, dans le Brandebourg. <strong>Le conducteur entre dans la<br \/>\nstation, d\u00e9clenche l\u2019op\u00e9ration par un bouton, puis des robots<br \/>\npositionnent le v\u00e9hicule<\/strong>, extraient les packs de batterie<br \/>\net installent des unit\u00e9s charg\u00e9es, le tout en une dizaine de<br \/>\nminutes dans un espace de la taille d\u2019un grand garage.<\/p>\n<p>Ce d\u00e9monstrateur a re\u00e7u 5 millions d\u2019euros de soutien public du<br \/>\nMinist\u00e8re f\u00e9d\u00e9ral allemand de l\u2019\u00c9conomie et du Climat, et il a<br \/>\ncontinu\u00e9 \u00e0 fonctionner en conditions r\u00e9elles avec des transporteurs<br \/>\ncomme Unitax Pharmalogistik et Reinert Logistic.<\/p>\n<p>Pourquoi cette solution peut acc\u00e9l\u00e9rer la transition des poids<br \/>\nlourds \u00e9lectriques<\/p>\n<p>Pour un exploitant, le premier b\u00e9n\u00e9fice est \u00e9vident : le temps.<br \/>\nUn arr\u00eat de 5 \u00e0 10 minutes pour un \u00e9change complet de batterie se<br \/>\nrapproche beaucoup plus du plein de carburant traditionnel qu\u2019une<br \/>\nrecharge rapide de 30 \u00e0 60 minutes. Le camion passe plus de temps \u00e0<br \/>\nrouler qu\u2019\u00e0 attendre devant une borne, ce qui aide \u00e0 pr\u00e9server le<br \/>\nnombre de rotations, voire \u00e0 r\u00e9duire la taille des batteries<br \/>\nembarqu\u00e9es.<\/p>\n<p>Selon les donn\u00e9es communiqu\u00e9es autour de la future station<br \/>\nd\u2019E\u00b7HAUL, la puissance de raccordement n\u00e9cessaire pourrait \u00eatre<br \/>\nr\u00e9duite d\u2019environ 80 % par rapport \u00e0 un hub de recharge par c\u00e2ble<br \/>\n\u00e9quivalent, <strong>tout en am\u00e9liorant de pr\u00e8s de 45 % l\u2019efficacit\u00e9<br \/>\nd\u2019utilisation de l\u2019espace de stationnement<\/strong>. Le mod\u00e8le<br \/>\nenvisag\u00e9 permettrait aussi jusqu\u2019\u00e0 28 % de gain de co\u00fbt total de<br \/>\npossession par rapport \u00e0 un camion diesel, <a href=\"https:\/\/www.autoplus.fr\/actualite\/comment-les-constructeurs-devront-atteindre-leurs-objectifs-de-reductions-demissions-de-co2-1414523.html\" target=\"_blank\" rel=\"noopener\"><br \/>\navec autour de 100 tonnes de CO\u2082<\/a> \u00e9vit\u00e9es par camion et par an<br \/>\ngr\u00e2ce \u00e0 l\u2019\u00e9lectrification et \u00e0 un meilleur usage des v\u00e9hicules.<\/p>\n<p>Tout n\u2019est pas r\u00e9gl\u00e9 pour autant. Les stations d\u2019\u00e9change de<br \/>\nbatteries demandent un investissement important, qui n\u2019a de sens<br \/>\n\u00e9conomique qu\u2019\u00e0 partir d\u2019un certain volume de camions par jour sur<br \/>\nun m\u00eame axe. <strong>De l\u2019ordre d\u2019une quinzaine de v\u00e9hicules selon<br \/>\nles analyses disponibles<\/strong>. Les batteries doivent \u00eatre<br \/>\nstandardis\u00e9es entre plusieurs constructeurs pour qu\u2019un m\u00eame site<br \/>\npuisse servir \u00e0 toute une flotte mixte, ce qui suppose des accords<br \/>\ntechniques et des travaux de normalisation \u00e0 l\u2019\u00e9chelle<br \/>\neurop\u00e9enne.<\/p>\n","protected":false},"excerpt":{"rendered":"Au c\u0153ur du Brandebourg, des camions \u00e9lectriques repartent en quelques minutes d\u2019une station sans borne classique. Derri\u00e8re cette&hellip;\n","protected":false},"author":2,"featured_media":679223,"comment_status":"","ping_status":"","sticky":false,"template":"","format":"standard","meta":{"footnotes":""},"categories":[6],"tags":[9638,672,13668,35,38650,13410,1805,33,34,8401,3026,1011,27,3707,77719,24162,299,3585,29721],"class_list":{"0":"post-679222","1":"post","2":"type-post","3":"status-publish","4":"format-standard","5":"has-post-thumbnail","7":"category-economie","8":"tag-9638","9":"tag-allemagne","10":"tag-batteries","11":"tag-business","12":"tag-camions","13":"tag-changer","14":"tag-de","15":"tag-economie","16":"tag-economy","17":"tag-electriques","18":"tag-en","19":"tag-fr","20":"tag-france","21":"tag-il","22":"tag-lechange","23":"tag-minutes","24":"tag-t","25":"tag-tout","26":"tag-va"},"share_on_mastodon":{"url":"https:\/\/pubeurope.com\/@fr\/115933560429550299","error":""},"_links":{"self":[{"href":"https:\/\/www.europesays.com\/fr\/wp-json\/wp\/v2\/posts\/679222","targetHints":{"allow":["GET"]}}],"collection":[{"href":"https:\/\/www.europesays.com\/fr\/wp-json\/wp\/v2\/posts"}],"about":[{"href":"https:\/\/www.europesays.com\/fr\/wp-json\/wp\/v2\/types\/post"}],"author":[{"embeddable":true,"href":"https:\/\/www.europesays.com\/fr\/wp-json\/wp\/v2\/users\/2"}],"replies":[{"embeddable":true,"href":"https:\/\/www.europesays.com\/fr\/wp-json\/wp\/v2\/comments?post=679222"}],"version-history":[{"count":0,"href":"https:\/\/www.europesays.com\/fr\/wp-json\/wp\/v2\/posts\/679222\/revisions"}],"wp:featuredmedia":[{"embeddable":true,"href":"https:\/\/www.europesays.com\/fr\/wp-json\/wp\/v2\/media\/679223"}],"wp:attachment":[{"href":"https:\/\/www.europesays.com\/fr\/wp-json\/wp\/v2\/media?parent=679222"}],"wp:term":[{"taxonomy":"category","embeddable":true,"href":"https:\/\/www.europesays.com\/fr\/wp-json\/wp\/v2\/categories?post=679222"},{"taxonomy":"post_tag","embeddable":true,"href":"https:\/\/www.europesays.com\/fr\/wp-json\/wp\/v2\/tags?post=679222"}],"curies":[{"name":"wp","href":"https:\/\/api.w.org\/{rel}","templated":true}]}}