{"id":679230,"date":"2026-01-21T14:31:11","date_gmt":"2026-01-21T14:31:11","guid":{"rendered":"https:\/\/www.europesays.com\/fr\/679230\/"},"modified":"2026-01-21T14:31:11","modified_gmt":"2026-01-21T14:31:11","slug":"sous-oqtf-ces-individus-pourtant-integres-dans-le-territoire-se-retrouvent-menaces-dexpulsion","status":"publish","type":"post","link":"https:\/\/www.europesays.com\/fr\/679230\/","title":{"rendered":"sous OQTF, ces individus, pourtant int\u00e9gr\u00e9s dans le territoire, se retrouvent menac\u00e9s d\u2019expulsion"},"content":{"rendered":"<p><img decoding=\"async\" class=\"\" style=\"width:100%\" src=\"https:\/\/www.europesays.com\/fr\/wp-content\/uploads\/2026\/01\/logo_OQTF1769002212808.webp.webp\" alt=\"Apr\u00e8s r\u00e9ception d\u2019une OQTF, le destinataire a 30 jours pour saisir le tribunal administratif\"\/><\/p>\n<p>Apr\u00e8s r\u00e9ception d\u2019une OQTF, le destinataire a 30 jours pour saisir le tribunal administratif<\/p>\n<p>Cr\u00e9dit : Capture d&rsquo;\u00e9cran : logo OQTF<\/p>\n<p style=\"text-align: justify;\">130 000. C\u2019est le nombre d\u2019OQTF qui ont \u00e9t\u00e9 prononc\u00e9s en France en 2024. A peine + de 10% ont \u00e9t\u00e9 ex\u00e9cut\u00e9s. Dans le d\u00e9partement de la Loire, plusieurs individus vivent et travaillent sur le territoire depuis des ann\u00e9es sans titre de s\u00e9jour ou nationalit\u00e9 fran\u00e7aise. Un statut qui les expose \u00e0 une menace d\u2019expulsion du territoire. La Pr\u00e9fecture de la Loire peut donc prendre une mesure d\u2019\u00e9loignement pour leur demander de quitter le territoire.<\/p>\n<p style=\"text-align: justify;\">C\u2019est le cas de Sahak Tadevosyan, un p\u00e8re de famille d\u2019origine arm\u00e9nienne, qui a re\u00e7u sa derni\u00e8re OQTF le 31 d\u00e9cembre 2025. L\u2019homme de 50 ans, \u00e0 la t\u00eate d\u2019un garage de revente de voitures depuis plus de 12 ans, zone de la Chauveti\u00e8re, en a re\u00e7u 4 depuis qu\u2019il est arriv\u00e9 en France en 2007. Sa femme, Lilya, en cumule 2. Concr\u00e8tement, le chef d\u2019entreprise peut \u00ab\u00a0\u00eatre inculp\u00e9, mis en centre de r\u00e9tention \u00e0 Saint-Etienne, envoy\u00e9 \u00e0 Lyon puis en Arm\u00e9nie, sans possibilit\u00e9 de revenir, malgr\u00e9 une situation professionnelle r\u00e9guli\u00e8re\u00a0\u00bb d\u00e9plore Jean-Jacques Rey, porte-parole et ami de la famille. Une situation pr\u00e9caire qui perturbe beaucoup son entourage, pr\u00e9cise-t-il : \u00ab Leur fils se demande toujours, est-ce que mon papa sera l\u00e0 quand je vais rentrer. Madame Tadevosyan est aussi tr\u00e8s inqui\u00e8te. Si son mari est expuls\u00e9, elle ne pourra pas g\u00e9rer l\u2019entreprise toute seule donc elle pourrait d\u00e9poser le bilan&#8230; \u00bb<\/p>\n<p style=\"text-align: justify;\">M\u00eame d\u00e9sillusion pour Yassine Bencheniti, un ressortissant alg\u00e9rien de 43 ans, p\u00e8re de 4 enfants et b\u00e9n\u00e9vole \u00e0 la Croix-Rouge depuis 2020. La semaine derni\u00e8re, sa demande de titre de s\u00e9jour lui a une \u00e9ni\u00e8me fois \u00e9t\u00e9 refus\u00e9 par les autorit\u00e9s. Arriv\u00e9 en 2018 \u00e0 Saint-Etienne, Yassine cumule aujourd\u2019hui 3 OQTF re\u00e7us entre 2022 et 2025. Un statut qui l\u2019a emp\u00each\u00e9 d&rsquo;\u00eatre embauch\u00e9 en CDI \u00e0 la STAS, faute de papier en r\u00e8gle. Pourtant, et vous vous en souvenez peut-\u00eatre, c\u2019est ce m\u00eame homme qui en mai 2019, avait sauv\u00e9 une femme qui tentait de mettre fin \u00e0 ses jours depuis le 7e \u00e9tage d\u2019un immeuble quartier de la Rivi\u00e8re. Il l\u2019avait maintenu \u00e0 bout de bras pour l\u2019emp\u00eacher de tomber. M\u00eame si sa fille de 16 ans le consid\u00e8re comme un \u00ab h\u00e9ros \u00bb, nous confie-t-il \u00e9mu, ce geste de bravoure n\u2019a pas pes\u00e9 dans son dossier. Et alors qu\u2019il a finalement r\u00e9ussi \u00e0 trouver un CDI en tant que chauffeur-livreur, il re\u00e7oit un appel au bout de 9 mois : \u00ab\u00a0En plein travail, ma femme me contacte et me dit, tu as re\u00e7u un nouvel OQTF&#8230; \u00c7a a cass\u00e9 tous mes r\u00eaves.\u00a0\u00bb Une d\u00e9cision qui le laisse dans l\u2019incompr\u00e9hension\u00a0: \u00ab Je n&rsquo;ai rien fait de mal depuis que je suis arriv\u00e9 en France, j&rsquo;ai donn\u00e9 toute mon \u00e9nergie. \u00bb\u00a0<\/p>\n<p><strong>Des acteurs lig\u00e9riens se mobilisent<\/strong><\/p>\n<p style=\"text-align: justify;\">Dans les deux cas, les familles ont re\u00e7u de l\u2019aide dans leurs d\u00e9marches administratives. Jean-Jacques Rey, porte-parole de la famille Tadevosyan, leur apporte son soutien pour obtenir un titre de s\u00e9jour : \u00ab\u00a0On a mont\u00e9 un dossier de demande de r\u00e9gularisation exceptionnelle pour des gens qui travaillent et investissent en France de mani\u00e8re tout \u00e0 fait l\u00e9gale et qui sont int\u00e9gr\u00e9s depuis 20 ans dans notre collectivit\u00e9.\u00a0\u00bb Sur le risque de r\u00e9gulariser ces individus, il ajoute\u00a0: \u00ab\u00a0Si on obtenait cette r\u00e9gularisation, il ne se passerait rien du tout. Ils continueraient de travailler. Je ne vois pas o\u00f9 est le probl\u00e8me.\u00a0\u00bb<\/p>\n<p style=\"text-align: justify;\">De son c\u00f4t\u00e9, Yassine Bencheniti, a pu compter sur le soutien de la pr\u00e9sidente de la Croix-Rouge et de la d\u00e9put\u00e9e LFI de la Loire, Andr\u00e9e Taurinya : \u00ab Elles ont \u00e9crit une lettre au Pr\u00e9sident de la R\u00e9publique, au Premier Ministre et \u00e0 la Pr\u00e9fecture de la Loire \u00bb explique le ressortissant alg\u00e9rien. Mais chaque demande \u00e0 fait l\u2019objet d\u2019un refus. \u00ab Tout ce que je demande, c\u2019est une autorisation pour pouvoir travailler et aider ma famille \u00bb, conclue Yassine.<\/p>\n","protected":false},"excerpt":{"rendered":"Apr\u00e8s r\u00e9ception d\u2019une OQTF, le destinataire a 30 jours pour saisir le tribunal administratif Cr\u00e9dit : Capture d&rsquo;\u00e9cran&hellip;\n","protected":false},"author":2,"featured_media":679231,"comment_status":"","ping_status":"","sticky":false,"template":"","format":"standard","meta":{"footnotes":""},"categories":[9653],"tags":[77720,1111,11,2430,1777,674,5219,1011,27,3367,12,4347,8916,25,4001],"class_list":{"0":"post-679230","1":"post","2":"type-post","3":"status-publish","4":"format-standard","5":"has-post-thumbnail","7":"category-saint-etienne","8":"tag-titre-de-sejour","9":"tag-actu","10":"tag-actualites","11":"tag-auvergne-rhone-alpes","12":"tag-eu","13":"tag-europe","14":"tag-expulsion","15":"tag-fr","16":"tag-france","17":"tag-loire","18":"tag-news","19":"tag-oqtf","20":"tag-prefecture","21":"tag-republique-francaise","22":"tag-saint-etienne"},"share_on_mastodon":{"url":"https:\/\/pubeurope.com\/@fr\/115933576255562545","error":""},"_links":{"self":[{"href":"https:\/\/www.europesays.com\/fr\/wp-json\/wp\/v2\/posts\/679230","targetHints":{"allow":["GET"]}}],"collection":[{"href":"https:\/\/www.europesays.com\/fr\/wp-json\/wp\/v2\/posts"}],"about":[{"href":"https:\/\/www.europesays.com\/fr\/wp-json\/wp\/v2\/types\/post"}],"author":[{"embeddable":true,"href":"https:\/\/www.europesays.com\/fr\/wp-json\/wp\/v2\/users\/2"}],"replies":[{"embeddable":true,"href":"https:\/\/www.europesays.com\/fr\/wp-json\/wp\/v2\/comments?post=679230"}],"version-history":[{"count":0,"href":"https:\/\/www.europesays.com\/fr\/wp-json\/wp\/v2\/posts\/679230\/revisions"}],"wp:featuredmedia":[{"embeddable":true,"href":"https:\/\/www.europesays.com\/fr\/wp-json\/wp\/v2\/media\/679231"}],"wp:attachment":[{"href":"https:\/\/www.europesays.com\/fr\/wp-json\/wp\/v2\/media?parent=679230"}],"wp:term":[{"taxonomy":"category","embeddable":true,"href":"https:\/\/www.europesays.com\/fr\/wp-json\/wp\/v2\/categories?post=679230"},{"taxonomy":"post_tag","embeddable":true,"href":"https:\/\/www.europesays.com\/fr\/wp-json\/wp\/v2\/tags?post=679230"}],"curies":[{"name":"wp","href":"https:\/\/api.w.org\/{rel}","templated":true}]}}