{"id":67924,"date":"2025-05-01T22:42:19","date_gmt":"2025-05-01T22:42:19","guid":{"rendered":"https:\/\/www.europesays.com\/fr\/67924\/"},"modified":"2025-05-01T22:42:19","modified_gmt":"2025-05-01T22:42:19","slug":"foire-de-paris-le-made-in-france-a-lhonneur-journal-de-20-heures","status":"publish","type":"post","link":"https:\/\/www.europesays.com\/fr\/67924\/","title":{"rendered":"Foire de Paris : le made in France \u00e0 l&rsquo;honneur &#8211; Journal de 20 heures"},"content":{"rendered":"<p id=\"descriptionPanel\" aria-labelledby=\"descriptionArrow\" aria-expanded=\"false\" class=\"mr-2 line-clamp-2 pr-2.5 text-secondary overflow-visible\">La Foire de Paris, le plus grand salon d&rsquo;Europe pour la maison, a ouvert ses portes mercredi 30 avril. Cette ann\u00e9e 2025, elle consacre un espace de 3 500 m\u00e8tres carr\u00e9s aux innovations fran\u00e7aises. Que ce soit un porte-savon et son inventeur breton, des potagers d&rsquo;int\u00e9rieurs connect\u00e9s, ou des rollers \u00e9lectriques, les visiteurs sont s\u00e9duits par le made in France. Les exposants font des promotions aux 400 000 visiteurs attendus jusqu&rsquo;au dimanche 11 mai.<\/p>\n<p>TF1 | Reportage C. CASANOVA, A. BASAR, C. LEFETEY<\/p>\n<p><a class=\"shrink-0\" href=\"https:\/\/www.tf1.fr\/tf1\/jt-20h\" target=\"_blank\" rel=\"noopener\"><img decoding=\"async\" src=\"https:\/\/www.europesays.com\/fr\/wp-content\/uploads\/2025\/04\/program-card-portrait-1-jt20h-btcb-f6f521-4e55c9-0@1x.jpg\" width=\"138\" height=\"184\" alt=\"\" loading=\"eager\" fetchpriority=\"auto\" class=\"aspect-[3\/4] h-24 w-auto rounded-3px\" aria-hidden=\"true\"\/><\/a><\/p>\n","protected":false},"excerpt":{"rendered":"La Foire de Paris, le plus grand salon d&rsquo;Europe pour la maison, a ouvert ses portes mercredi 30&hellip;\n","protected":false},"author":2,"featured_media":67925,"comment_status":"","ping_status":"","sticky":false,"template":"","format":"standard","meta":{"footnotes":""},"categories":[1888],"tags":[11,1777,674,3483,3697,1011,27,3699,3698,12,626,25,3701,3702,3700],"class_list":{"0":"post-67924","1":"post","2":"type-post","3":"status-publish","4":"format-standard","5":"has-post-thumbnail","7":"category-paris","8":"tag-actualites","9":"tag-eu","10":"tag-europe","11":"tag-extrait","12":"tag-extrait-journal-de-20-heures","13":"tag-fr","14":"tag-france","15":"tag-journal-de-20-heures","16":"tag-journal-de-20-heures-extrait","17":"tag-news","18":"tag-paris","19":"tag-republique-francaise","20":"tag-streaming-journal-de-20-heures","21":"tag-video-en-streaming-journal-de-20-heures","22":"tag-video-journal-de-20-heures"},"share_on_mastodon":{"url":"https:\/\/pubeurope.com\/@fr\/114434994583665875","error":""},"_links":{"self":[{"href":"https:\/\/www.europesays.com\/fr\/wp-json\/wp\/v2\/posts\/67924","targetHints":{"allow":["GET"]}}],"collection":[{"href":"https:\/\/www.europesays.com\/fr\/wp-json\/wp\/v2\/posts"}],"about":[{"href":"https:\/\/www.europesays.com\/fr\/wp-json\/wp\/v2\/types\/post"}],"author":[{"embeddable":true,"href":"https:\/\/www.europesays.com\/fr\/wp-json\/wp\/v2\/users\/2"}],"replies":[{"embeddable":true,"href":"https:\/\/www.europesays.com\/fr\/wp-json\/wp\/v2\/comments?post=67924"}],"version-history":[{"count":0,"href":"https:\/\/www.europesays.com\/fr\/wp-json\/wp\/v2\/posts\/67924\/revisions"}],"wp:featuredmedia":[{"embeddable":true,"href":"https:\/\/www.europesays.com\/fr\/wp-json\/wp\/v2\/media\/67925"}],"wp:attachment":[{"href":"https:\/\/www.europesays.com\/fr\/wp-json\/wp\/v2\/media?parent=67924"}],"wp:term":[{"taxonomy":"category","embeddable":true,"href":"https:\/\/www.europesays.com\/fr\/wp-json\/wp\/v2\/categories?post=67924"},{"taxonomy":"post_tag","embeddable":true,"href":"https:\/\/www.europesays.com\/fr\/wp-json\/wp\/v2\/tags?post=67924"}],"curies":[{"name":"wp","href":"https:\/\/api.w.org\/{rel}","templated":true}]}}