{"id":679289,"date":"2026-01-21T15:03:13","date_gmt":"2026-01-21T15:03:13","guid":{"rendered":"https:\/\/www.europesays.com\/fr\/679289\/"},"modified":"2026-01-21T15:03:13","modified_gmt":"2026-01-21T15:03:13","slug":"toute-lactu-top-music-marseille-paris-loffre-de-trains-ouigo-se-renforce-a-strasbourg","status":"publish","type":"post","link":"https:\/\/www.europesays.com\/fr\/679289\/","title":{"rendered":"Toute l&rsquo;actu Top Music &#8211; Marseille, Paris\u2026 l\u2019offre de trains OUIGO se renforce \u00e0 Strasbourg"},"content":{"rendered":"<p><img decoding=\"async\" class=\"\" style=\"width:100%\" src=\"https:\/\/www.europesays.com\/fr\/wp-content\/uploads\/2026\/01\/original_1DA290AA_2F25_4A81_94D6_2C98FB215C8C1769003639873.webp.webp\" alt=\"Il faudra six heures pour faire Strasbourg-Marseille en OUIGO\"\/><\/p>\n<p>Cr\u00e9dit : Facebook : OUIGO<\/p>\n<p style=\"text-align: justify;\">A partir de <strong>d\u00e9cembre<\/strong> 2026, vous pourrez partir en vacances <strong>\u00e0 Marseille depuis Strasbourg<\/strong>\u00a0<strong>en train OUIGO<\/strong>. SNCF Voyageurs a annonc\u00e9 la cr\u00e9ation d\u2019une nouvelle liaison, d\u2019une dur\u00e9e d\u2019environ <strong>six heures<\/strong>. Elle desservira <strong>Colmar<\/strong>, <strong>Mulhouse<\/strong>, Belfort-Montb\u00e9liard TGV, Besan\u00e7on Franche-Comt\u00e9 TGV, Dijon Ville, Lyon Part-Dieu, Avignon TGV et Aix-en-Provence TGV. Les <strong>prix<\/strong> des billets ne sont pas encore connus.<\/p>\n<p>Aussi \u00e0 partir de la fin de l\u2019ann\u00e9e, la ligne OUIGO Paris-Strasbourg va \u00eatre renforc\u00e9e. Il y aura un nouvel aller-retour quotidien en plus, donc d\u00e9sormais trois. Il y aura des arr\u00eats \u00e0 Metz, Nancy et Champagnes-Ardennes.<\/p>\n<p>\u00a0<\/p>\n<p><img loading=\"lazy\" decoding=\"async\" style=\"display: block; margin-left: auto; margin-right: auto;\" src=\"https:\/\/www.europesays.com\/fr\/wp-content\/uploads\/2026\/01\/2zlZw7L0jX.jpeg\" width=\"543\" height=\"713\"\/><\/p>\n<p style=\"text-align: center;\">OUIGO souhaite renforcer son offre en 2027 dans le Grand-Est. Cr\u00e9dit : SNCF<\/p>\n","protected":false},"excerpt":{"rendered":"Cr\u00e9dit : Facebook : OUIGO A partir de d\u00e9cembre 2026, vous pourrez partir en vacances \u00e0 Marseille depuis&hellip;\n","protected":false},"author":2,"featured_media":679290,"comment_status":"","ping_status":"","sticky":false,"template":"","format":"standard","meta":{"footnotes":""},"categories":[1888],"tags":[1111,1928,11,1927,2389,5065,1777,674,1011,27,884,1634,12,1926,23443,626,1925,25,2215,77724,640,2214,926,2528,6827],"class_list":{"0":"post-679289","1":"post","2":"type-post","3":"status-publish","4":"format-standard","5":"has-post-thumbnail","7":"category-paris","8":"tag-actu","9":"tag-actu-paris","10":"tag-actualites","11":"tag-actualites-paris","12":"tag-alsace","13":"tag-colmar","14":"tag-eu","15":"tag-europe","16":"tag-fr","17":"tag-france","18":"tag-marseille","19":"tag-mulhouse","20":"tag-news","21":"tag-news-paris","22":"tag-ouigo","23":"tag-paris","24":"tag-paris-news","25":"tag-republique-francaise","26":"tag-sncf","27":"tag-sncf-ouigo","28":"tag-strasbourg","29":"tag-tgv","30":"tag-train","31":"tag-vacances","32":"tag-voyager"},"share_on_mastodon":{"url":"https:\/\/pubeurope.com\/@fr\/115933702226056331","error":""},"_links":{"self":[{"href":"https:\/\/www.europesays.com\/fr\/wp-json\/wp\/v2\/posts\/679289","targetHints":{"allow":["GET"]}}],"collection":[{"href":"https:\/\/www.europesays.com\/fr\/wp-json\/wp\/v2\/posts"}],"about":[{"href":"https:\/\/www.europesays.com\/fr\/wp-json\/wp\/v2\/types\/post"}],"author":[{"embeddable":true,"href":"https:\/\/www.europesays.com\/fr\/wp-json\/wp\/v2\/users\/2"}],"replies":[{"embeddable":true,"href":"https:\/\/www.europesays.com\/fr\/wp-json\/wp\/v2\/comments?post=679289"}],"version-history":[{"count":0,"href":"https:\/\/www.europesays.com\/fr\/wp-json\/wp\/v2\/posts\/679289\/revisions"}],"wp:featuredmedia":[{"embeddable":true,"href":"https:\/\/www.europesays.com\/fr\/wp-json\/wp\/v2\/media\/679290"}],"wp:attachment":[{"href":"https:\/\/www.europesays.com\/fr\/wp-json\/wp\/v2\/media?parent=679289"}],"wp:term":[{"taxonomy":"category","embeddable":true,"href":"https:\/\/www.europesays.com\/fr\/wp-json\/wp\/v2\/categories?post=679289"},{"taxonomy":"post_tag","embeddable":true,"href":"https:\/\/www.europesays.com\/fr\/wp-json\/wp\/v2\/tags?post=679289"}],"curies":[{"name":"wp","href":"https:\/\/api.w.org\/{rel}","templated":true}]}}