{"id":679315,"date":"2026-01-21T15:16:10","date_gmt":"2026-01-21T15:16:10","guid":{"rendered":"https:\/\/www.europesays.com\/fr\/679315\/"},"modified":"2026-01-21T15:16:10","modified_gmt":"2026-01-21T15:16:10","slug":"9-policiers-blesses-a-marignane-et-la-tour-france-televisions-investie-a-marseille","status":"publish","type":"post","link":"https:\/\/www.europesays.com\/fr\/679315\/","title":{"rendered":"9 policiers bless\u00e9s \u00e0 Marignane et la tour France T\u00e9l\u00e9visions investie \u00e0 Marseille"},"content":{"rendered":"<p>Des manifestations de la <a href=\"https:\/\/www.laprovence.com\/article\/france-monde\/1366607183868614\/pres-de-300-manifestants-a-marseille-appellent-l-europe-a-l-aide-pour-la-paix-en-syrie\" target=\"_blank\" rel=\"noopener\">communaut\u00e9 kurde<\/a> ont d\u00e9g\u00e9n\u00e9r\u00e9 mardi soir \u00e0 Marignane, mais aussi \u00e0 Marseille o\u00f9, dans le 8e arrondissement, la tour <a href=\"https:\/\/www.laprovence.com\/article\/culture-loisirs\/7103538001449614\/france-televisions-la-cour-des-comptes-estime-le-groupe-en-situation-financiere-critique\" target=\"_blank\" rel=\"noopener\">France T\u00e9l\u00e9visions<\/a> a \u00e9t\u00e9 investie dans l&rsquo;apr\u00e8s-midi par une vingtaine de personnes alors que le personnel se trouvait \u00e0 l&rsquo;int\u00e9rieur.<\/p>\n<p>Rassembl\u00e9s pour soutenir le <a href=\"https:\/\/www.laprovence.com\/article\/france-monde\/61113088144557\/turquie-les-partis-kurdes-solidaires-de-leurs-freres-en-syrie\" target=\"_blank\" rel=\"noopener\">Rojava<\/a>, cette r\u00e9gion autonome du nord-est de la Syrie menac\u00e9e par les assauts de l&rsquo;arm\u00e9e d&rsquo;<a href=\"https:\/\/www.laprovence.com\/article\/france-monde\/1087586785153214\/rencontre-historique-entre-donald-trump-et-ahmed-al-charaa-le-president-syrien-en-visite-aux-etats-unis\" target=\"_blank\" rel=\"noopener\">Ahmed al Charaa<\/a>, ex-djihadiste devenu pr\u00e9sident par int\u00e9rim apr\u00e8s la chute de la dictature de <a href=\"https:\/\/www.laprovence.com\/article\/france-monde\/20064668142147\/un-an-apres-le-renversement-du-dirigeant-bachar-al-assad-la-transition-en-syrie-reste-fragile-avertit-lonu\" target=\"_blank\" rel=\"noopener\">Bachar al Assad<\/a>, les participants entendaient d\u00e9noncer \u00a0\u00bb\u00a0le silence, la passivit\u00e9 voire la complicit\u00e9 des grandes puissances\u00a0\u00ab\u00a0.<\/p>\n<p>Une cinquantaine d&rsquo;individus \u00ab\u00a0tr\u00e8s agit\u00e9s\u00a0\u00bb<\/p>\n<p>Mais \u00e0 Marignane, o\u00f9 350 personnes s&rsquo;\u00e9taient r\u00e9unies sur la place de la mairie avec des drapeaux du <a href=\"https:\/\/www.laprovence.com\/article\/edition-marseille\/5721515\/de-marseille-a-la-syrie-itineraire-dun-jeune-militant-contre-daech.html\" target=\"_blank\" rel=\"noopener\">YPG<\/a> (la branche arm\u00e9e du Parti de l&rsquo;union d\u00e9mocratique kurde en Syrie, N.D.L.R.) et des pancartes en soutien au Rojava tout en scandant des slogans en langue kurde, la manifestation non d\u00e9clar\u00e9e a tourn\u00e9 \u00e0 l&rsquo;affrontement avec les forces de l&rsquo;ordre, lorsque le cort\u00e8ge a gagn\u00e9 l&rsquo;avenue du 8-Mai 1945.<\/p>\n<p>Une cinquantaine d&rsquo;individus, \u00ab\u00a0tr\u00e8s agit\u00e9s\u00a0\u00bb selon la police, se seraient alors d\u00e9solidaris\u00e9s du groupe avant de dissimuler leur <a href=\"https:\/\/www.laprovence.com\/article\/faits-divers-justice\/11674815276090\/deux-restaurants-marseillais-cibles-par-un-commando-arme-en-plein-service\" target=\"_blank\" rel=\"noopener\">visage<\/a> tout en ramassant pierres et branches sur leur passage.<\/p>\n<p>Sur les coups de 20\u00a0heures, alors que plusieurs feux de containers \u00e9taient signal\u00e9s, de nombreux effectifs de police &#8211; brigade anticriminalit\u00e9 (<a href=\"https:\/\/www.laprovence.com\/article\/faits-divers-justice\/2570347585496215\/lynchage-dhedi-par-la-police-a-marseille-la-commandante-mise-en-examen-pour-non-assistance-a-personne-en-danger\" target=\"_blank\" rel=\"noopener\">BAC<\/a>), groupe de s\u00e9curit\u00e9 de proximit\u00e9 (GSP), brigade sp\u00e9cialis\u00e9e de terrain (<a href=\"https:\/\/www.laprovence.com\/article\/faits-divers-justice\/2275711068719614\/la-police-municipale-et-la-bst-font-sauter-les-barricades-a-la-castellane-a-marseille-apres-un-refus-dobtemperer\" target=\"_blank\" rel=\"noopener\">BST<\/a>), mais aussi police secours et m\u00eame un commandant du service de nuit, les uns venus Vitrolles et d&rsquo;Istres, les autres d&rsquo;Aix-en-Provence &#8211; ont \u00e9t\u00e9 envoy\u00e9s sur place.<\/p>\n<p>Un homme de 29 ans interpell\u00e9<\/p>\n<p>Mais loin de calmer les esprits \u00e9chauff\u00e9s, la pr\u00e9sence polici\u00e8re a plut\u00f4t d\u00e9clench\u00e9 des jets de projectiles, au point de blesser 9 <a href=\"https:\/\/www.laprovence.com\/article\/faits-divers-justice\/2213051625780515\/huit-policiers-blesses-en-intervention-apres-des-tirs-de-mortiers-a-avignon-le-soir-du-reveillon\" target=\"_blank\" rel=\"noopener\">policiers<\/a>. Dans un inventaire sanguinolent, un membre des forces de l&rsquo;ordre \u00e9num\u00e8re une coll\u00e8gue bless\u00e9e \u00e0 la cuisse, un autre avec une plaie saignante au menton, et toute une cohorte de poignets, tibias, mollets, chevilles, pieds ou orteils, sutur\u00e9s dans le meilleur des cas, voire fractur\u00e9s.<\/p>\n<p>Un individu de 29 ans a \u00e9t\u00e9 interpell\u00e9 apr\u00e8s avoir jet\u00e9 des projectiles sur des effectifs de la compagnie d\u00e9partementale d&rsquo;intervention (<a href=\"https:\/\/www.laprovence.com\/article\/faits-divers-justice\/82666646902395\/la-ville-de-coudoux-haut-lieu-d-entrainement-d-unites-d-elite-de-la-police-et-de-la-gendarmerie\" target=\"_blank\" rel=\"noopener\">CDI<\/a>).<\/p>\n<p>Le calme a finalement \u00e9t\u00e9 r\u00e9tabli un peu avant 22\u00a0heures, non sans usage de grenades de d\u00e9sencerclement et autres tirs de lanceurs de balle de d\u00e9fense (<a href=\"https:\/\/www.laprovence.com\/article\/faits-divers-justice\/53268461302867\/les-potes-qui-enquetent-sur-leurs-collegues-une-ong-denonce-lopacite-des-affaires-sur-les-violences-policieres\" target=\"_blank\" rel=\"noopener\">LBD<\/a>).<\/p>\n","protected":false},"excerpt":{"rendered":"Des manifestations de la communaut\u00e9 kurde ont d\u00e9g\u00e9n\u00e9r\u00e9 mardi soir \u00e0 Marignane, mais aussi \u00e0 Marseille o\u00f9, dans&hellip;\n","protected":false},"author":2,"featured_media":679316,"comment_status":"","ping_status":"","sticky":false,"template":"","format":"standard","meta":{"footnotes":""},"categories":[4],"tags":[5734,11,4901,274,1011,27,2088,7067,12,6890,77726,25,3584],"class_list":{"0":"post-679315","1":"post","2":"type-post","3":"status-publish","4":"format-standard","5":"has-post-thumbnail","7":"category-france","8":"tag-5734","9":"tag-actualites","10":"tag-blesses","11":"tag-faits-divers-justice","12":"tag-fr","13":"tag-france","14":"tag-manifestation","15":"tag-marignane","16":"tag-news","17":"tag-policiers","18":"tag-pro-kurde","19":"tag-republique-francaise","20":"tag-tour"},"share_on_mastodon":{"url":"https:\/\/pubeurope.com\/@fr\/115933753163647227","error":""},"_links":{"self":[{"href":"https:\/\/www.europesays.com\/fr\/wp-json\/wp\/v2\/posts\/679315","targetHints":{"allow":["GET"]}}],"collection":[{"href":"https:\/\/www.europesays.com\/fr\/wp-json\/wp\/v2\/posts"}],"about":[{"href":"https:\/\/www.europesays.com\/fr\/wp-json\/wp\/v2\/types\/post"}],"author":[{"embeddable":true,"href":"https:\/\/www.europesays.com\/fr\/wp-json\/wp\/v2\/users\/2"}],"replies":[{"embeddable":true,"href":"https:\/\/www.europesays.com\/fr\/wp-json\/wp\/v2\/comments?post=679315"}],"version-history":[{"count":0,"href":"https:\/\/www.europesays.com\/fr\/wp-json\/wp\/v2\/posts\/679315\/revisions"}],"wp:featuredmedia":[{"embeddable":true,"href":"https:\/\/www.europesays.com\/fr\/wp-json\/wp\/v2\/media\/679316"}],"wp:attachment":[{"href":"https:\/\/www.europesays.com\/fr\/wp-json\/wp\/v2\/media?parent=679315"}],"wp:term":[{"taxonomy":"category","embeddable":true,"href":"https:\/\/www.europesays.com\/fr\/wp-json\/wp\/v2\/categories?post=679315"},{"taxonomy":"post_tag","embeddable":true,"href":"https:\/\/www.europesays.com\/fr\/wp-json\/wp\/v2\/tags?post=679315"}],"curies":[{"name":"wp","href":"https:\/\/api.w.org\/{rel}","templated":true}]}}