{"id":67938,"date":"2025-05-01T22:49:09","date_gmt":"2025-05-01T22:49:09","guid":{"rendered":"https:\/\/www.europesays.com\/fr\/67938\/"},"modified":"2025-05-01T22:49:09","modified_gmt":"2025-05-01T22:49:09","slug":"lunion-europeenne-fait-une-offre-a-50-milliards-deuros-aux-etats-unis","status":"publish","type":"post","link":"https:\/\/www.europesays.com\/fr\/67938\/","title":{"rendered":"L\u2019Union europ\u00e9enne fait une offre \u00e0 50\u00a0milliards d\u2019euros aux Etats-Unis"},"content":{"rendered":"<p>Pour apaiser les tensions commerciales transatlantiques, l\u2019<a href=\"https:\/\/www.20minutes.fr\/dossier\/ue\" target=\"_blank\" class=\"color-ultramarine c-link\" rel=\"noopener\">Union europ\u00e9enne<\/a> envisage de muscler ses achats de produits am\u00e9ricains \u00e0 hauteur de 50\u00a0milliards d\u2019euros. Objectif\u00a0: r\u00e9\u00e9quilibrer la balance commerciale avec les <a href=\"https:\/\/www.20minutes.fr\/monde\/etats-unis\/\" target=\"_blank\" class=\"color-ultramarine c-link\" rel=\"noopener\">Etats-Unis<\/a> et obtenir la lev\u00e9e des surtaxes impos\u00e9es par l\u2019administration de <a href=\"https:\/\/www.20minutes.fr\/dossier\/donald_trump\" target=\"_blank\" class=\"color-ultramarine c-link\" rel=\"noopener\">Donald Trump<\/a>.<\/p>\n<p>Dans un entretien au <a href=\"https:\/\/www.ft.com\/content\/2d7c7a07-1232-4115-9dca-e99bb068c879\" rel=\"nofollow noopener\" target=\"_blank\" class=\"color-ultramarine c-link\">Financial Times<\/a>, le commissaire europ\u00e9en au Commerce, Maros Sefcovic, a pr\u00e9cis\u00e9 les contours de cette strat\u00e9gie. \u00ab\u00a0Si nous consid\u00e9rons que le d\u00e9ficit s\u2019\u00e9l\u00e8ve \u00e0 50\u00a0milliards d\u2019euros, je pense que nous pouvons vraiment r\u00e9soudre ce probl\u00e8me tr\u00e8s rapidement gr\u00e2ce aux achats de GNL (gaz naturel liqu\u00e9fi\u00e9) ou de certains produits agricoles comme le soja\u00a0\u00bb, a-t-il expliqu\u00e9.<\/p>\n<p>Un important d\u00e9s\u00e9quilibre commercial selon Washington<\/p>\n<p>L\u2019UE est actuellement en pourparlers avec l\u2019administration am\u00e9ricaine afin d\u2019obtenir la suppression des droits de douane additionnels impos\u00e9s par le pr\u00e9sident Donald Trump\u00a0: 25\u00a0% sur les automobiles, l\u2019aluminium et l\u2019acier, et 10\u00a0% sur l\u2019ensemble des autres produits import\u00e9s. Washington accuse l\u2019Europe de maintenir un important d\u00e9s\u00e9quilibre commercial, chiffr\u00e9 \u00e0 des centaines de milliards de dollars selon Donald Trump. Bruxelles, de son c\u00f4t\u00e9, nuance cette lecture en incluant les services dans le calcul du solde commercial, ramenant le d\u00e9ficit \u00e0 environ 50\u00a0milliards d\u2019euros.<\/p>\n<\/p>\n<p>\u00ab\u00a0Nous pensons que nous pouvons r\u00e9ellement accomplir beaucoup de choses ensemble, notamment en travaillant sur la surcapacit\u00e9 de l\u2019acier et de l\u2019aluminium, sur les semi-conducteurs, et en surmontant les d\u00e9pendances li\u00e9es aux mati\u00e8res premi\u00e8res critiques\u00a0\u00bb, a encore d\u00e9clar\u00e9 Maros Sefcovic.<\/p>\n<p>La n\u00e9cessit\u00e9 de l\u2019aval unanime des 27 Etats membres<\/p>\n<p>Interrog\u00e9 sur l\u2019hypoth\u00e8se d\u2019un plancher de 10\u00a0% de droits de douane, le commissaire europ\u00e9en a pr\u00e9venu que \u00ab\u00a0l\u2019UE consid\u00e8re cela comme un niveau tr\u00e8s \u00e9lev\u00e9\u00a0\u00bb, et a averti que parvenir \u00e0 un compromis \u00ab\u00a0clairement bon et acceptable pour nos Etats membres et notre Parlement europ\u00e9en\u00a0\u00bb sera \u00ab\u00a0tr\u00e8s difficile\u00a0\u00bb.<\/p>\n<p><a href=\"https:\/\/www.20minutes.fr\/dossier\/douane\" target=\"_blank\" class=\"c-link c-btn c-btn--primary\" rel=\"noopener\">Notre dossier sur les droits de douane<\/a><\/p>\n<p>En effet, toute avanc\u00e9e devra recevoir l\u2019aval unanime des 27 Etats membres, ainsi que la ratification du Parlement europ\u00e9en. Les tractations s\u2019annoncent donc longues et complexes, dans un climat commercial toujours tendu entre Bruxelles et Washington.<\/p>\n","protected":false},"excerpt":{"rendered":"Pour apaiser les tensions commerciales transatlantiques, l\u2019Union europ\u00e9enne envisage de muscler ses achats de produits am\u00e9ricains \u00e0 hauteur&hellip;\n","protected":false},"author":2,"featured_media":67939,"comment_status":"","ping_status":"","sticky":false,"template":"","format":"standard","meta":{"footnotes":""},"categories":[1586],"tags":[47,11,327,2196,75,981,33,73,1777,674,1779,1011,27,843,12,8552,25,1778,364,555],"class_list":{"0":"post-67938","1":"post","2":"type-post","3":"status-publish","4":"format-standard","5":"has-post-thumbnail","7":"category-europe","8":"tag-actualite","9":"tag-actualites","10":"tag-agriculture","11":"tag-commission-europeenne","12":"tag-donald-trump","13":"tag-douane","14":"tag-economie","15":"tag-etats-unis","16":"tag-eu","17":"tag-europe","18":"tag-european-union","19":"tag-fr","20":"tag-france","21":"tag-gaz","22":"tag-news","23":"tag-parlement-europeen","24":"tag-republique-francaise","25":"tag-ue","26":"tag-union-europeenne","27":"tag-union-europeenne-ue"},"share_on_mastodon":{"url":"https:\/\/pubeurope.com\/@fr\/114435022120626975","error":""},"_links":{"self":[{"href":"https:\/\/www.europesays.com\/fr\/wp-json\/wp\/v2\/posts\/67938","targetHints":{"allow":["GET"]}}],"collection":[{"href":"https:\/\/www.europesays.com\/fr\/wp-json\/wp\/v2\/posts"}],"about":[{"href":"https:\/\/www.europesays.com\/fr\/wp-json\/wp\/v2\/types\/post"}],"author":[{"embeddable":true,"href":"https:\/\/www.europesays.com\/fr\/wp-json\/wp\/v2\/users\/2"}],"replies":[{"embeddable":true,"href":"https:\/\/www.europesays.com\/fr\/wp-json\/wp\/v2\/comments?post=67938"}],"version-history":[{"count":0,"href":"https:\/\/www.europesays.com\/fr\/wp-json\/wp\/v2\/posts\/67938\/revisions"}],"wp:featuredmedia":[{"embeddable":true,"href":"https:\/\/www.europesays.com\/fr\/wp-json\/wp\/v2\/media\/67939"}],"wp:attachment":[{"href":"https:\/\/www.europesays.com\/fr\/wp-json\/wp\/v2\/media?parent=67938"}],"wp:term":[{"taxonomy":"category","embeddable":true,"href":"https:\/\/www.europesays.com\/fr\/wp-json\/wp\/v2\/categories?post=67938"},{"taxonomy":"post_tag","embeddable":true,"href":"https:\/\/www.europesays.com\/fr\/wp-json\/wp\/v2\/tags?post=67938"}],"curies":[{"name":"wp","href":"https:\/\/api.w.org\/{rel}","templated":true}]}}