{"id":679440,"date":"2026-01-21T16:37:15","date_gmt":"2026-01-21T16:37:15","guid":{"rendered":"https:\/\/www.europesays.com\/fr\/679440\/"},"modified":"2026-01-21T16:37:15","modified_gmt":"2026-01-21T16:37:15","slug":"le-film-est-devenu-si-cher","status":"publish","type":"post","link":"https:\/\/www.europesays.com\/fr\/679440\/","title":{"rendered":"le film est devenu si cher"},"content":{"rendered":"<p>Figure majeure de la photographie am\u00e9ricaine,\u00a0<strong>Sally Mann\u00a0<\/strong>d\u00e9laisse, apr\u00e8s des d\u00e9cennies, la <strong>chambre grand format<\/strong> pour le <strong>num\u00e9rique<\/strong> et la <strong>couleur<\/strong>. Une r\u00e9volution personnelle pour l\u2019artiste, mais qui n\u2019est pas forc\u00e9ment dict\u00e9e par ce que l\u2019on cro\u00eet.<\/p>\n<p><img decoding=\"async\" width=\"1024\" height=\"812\" loading=\"lazy\" src=\"https:\/\/www.europesays.com\/fr\/wp-content\/uploads\/2026\/01\/sally-mann-sally-with-camera-c.1998.jpg\" alt=\"\" class=\"wp-image-259103\"  \/>Sally Mann et sa chambre, en 1998<\/p>\n<p>\u00c0 74 ans, Sally Mann vient de franchir un cap que beaucoup pensaient impossible. La photographe am\u00e9ricaine, c\u00e9l\u00e8bre pour ses images au <strong>format 8\u00d710<\/strong> r\u00e9alis\u00e9es avec une chambre qu\u2019elle trimballait partout, a officiellement bascul\u00e9 vers la <strong>photographie num\u00e9rique<\/strong>. Une annonce faite lors de son passage dans le podcast de la BBC\u00a0<a href=\"https:\/\/www.bbc.com\/audio\/play\/m002m1mv\" target=\"_blank\" rel=\"noopener\">Desert Island Discs<\/a>.<\/p>\n<p>Le co\u00fbt du film, d\u00e9clencheur inattendu<\/p>\n<p>Ce n\u2019est <strong>ni une qu\u00eate artistique<\/strong> ni une fascination pour la technologie qui a pouss\u00e9 Mann vers le num\u00e9rique, mais <strong>une raison bien plus prosa\u00efque<\/strong> : le <strong>co\u00fbt des films 8\u00d710<\/strong>. <\/p>\n<p>\u00ab C\u2019est tellement chronophage et laborieux de travailler avec une chambre 8\u00d710, et le film est devenu si cher \u00bb, confie-t-elle au micro de la BBC. \u00ab Je d\u00e9teste d\u00e9penser autant d\u2019argent pour chaque prise de vue. On doute constamment, on se dit : \u00ab\u00a0Est-ce que c\u2019est assez bien ? Est-ce que \u00e7a vaut vraiment 12 dollars ?\u00a0\u00bb \u00bb<\/p>\n<p>Le <strong>contraste avec le num\u00e9rique<\/strong> est saisissant pour elle : \u00ab On shoote, et si on n\u2019aime pas, boom, c\u2019est effac\u00e9 de l\u2019ordinateur. \u00bb Et Sally Mann <strong>ne cache pas son enthousiasme<\/strong> pour cette nouvelle libert\u00e9 : \u00ab J\u2019adore \u00e7a. C\u2019est tellement facile. La couleur, c\u2019est tellement facile et tellement fun. \u00bb<\/p>\n<p>La photographe travaille actuellement sur un projet dans le delta du Mississippi, utilisant un <strong>bo\u00eetier num\u00e9rique associ\u00e9 \u00e0 un objectif des ann\u00e9es 1940 <\/strong>qui conf\u00e8re \u00e0 ses images une look onirique particulier. Une fa\u00e7on de garder un lien avec le caract\u00e8re argentique de ses images.<\/p>\n<p>La chambre grand format comme signature<\/p>\n<p>N\u00e9e le <strong>1er mai 1951<\/strong> \u00e0 Lexington, en Virginie, Sally Mann s\u2019est impos\u00e9e comme <strong>l\u2019une des photographes am\u00e9ricaines les plus influentes<\/strong> de sa g\u00e9n\u00e9ration. Dipl\u00f4m\u00e9e du Hollins College en 1974-1975, elle a d\u2019abord travaill\u00e9 comme photographe pour l\u2019universit\u00e9 Washington and Lee avant de se consacrer pleinement \u00e0 sa pratique artistique.<\/p>\n<p>Voir aussi<\/p>\n<p><a href=\"https:\/\/phototrend.fr\/2021\/03\/challenge-north-calling-rencontre-quentin-iglesis-et-keryan-sorton\/\" class=\"mask-img\" title=\"North Calling\" target=\"_blank\" rel=\"noopener\"><img decoding=\"async\" width=\"100\" height=\"100\" src=\"https:\/\/www.europesays.com\/fr\/wp-content\/uploads\/2026\/01\/north-calling_qi-20210126115625-8050-100x100.jpg\" class=\"attachment-thumbnail size-thumbnail zeen-lazy-load-base zeen-lazy-load  wp-post-image\" alt=\"\"   loading=\"lazy\"\/><\/a><\/p>\n<p>Tout au long de sa carri\u00e8re, Sally Mann a fait de <strong>la chambre 8\u00d710<\/strong> sa signature visuelle. Elle a \u00e9galement explor\u00e9 des techniques comme le <strong>collodion humide<\/strong>, conf\u00e9rant \u00e0 ses tirages une qualit\u00e9 intemporelle et picturale.<\/p>\n<p><img decoding=\"async\" width=\"1008\" height=\"1008\" loading=\"lazy\" src=\"https:\/\/www.europesays.com\/fr\/wp-content\/uploads\/2026\/01\/chambre-8x10-deardorff.jpg\" alt=\"\" class=\"wp-image-259102\"  \/>Une chambre 8\u00d710 Deardorff<\/p>\n<p>D\u00e9sign\u00e9e<strong> \u00ab\u00a0meilleure photographe am\u00e9ricaine\u00a0\u00bb <\/strong>par le magazine\u00a0Time\u00a0en 2001, <a href=\"https:\/\/phototrend.fr\/2022\/01\/prix-pictet-photo-consciences-urgence-climatique-sally-mann\/\" target=\"_blank\" rel=\"noopener\">laur\u00e9ate du Prix Pictet en 2021 pour sa s\u00e9rie\u00a0Blackwater<\/a>, Sally Mann a \u00e9galement publi\u00e9 un m\u00e9moire acclam\u00e9,\u00a0Hold Still\u00a0(2015), traduit en fran\u00e7ais\u00a0<a href=\"https:\/\/phototrend.fr\/2022\/03\/selection-livres-photo-mars-2022-2\/\" target=\"_blank\" rel=\"noopener\">en 2022<\/a>.<\/p>\n<p>Malgr\u00e9 ce virage technologique, Sally Mann n\u2019a <strong>aucune intention d\u2019abandonner sa chambre<\/strong> 8\u00d710 Deardorff, qu\u2019elle gardera \u00e0 c\u00f4t\u00e9 d\u2019elle dans sa voiture.<\/p>\n","protected":false},"excerpt":{"rendered":"Figure majeure de la photographie am\u00e9ricaine,\u00a0Sally Mann\u00a0d\u00e9laisse, apr\u00e8s des d\u00e9cennies, la chambre grand format pour le num\u00e9rique et&hellip;\n","protected":false},"author":2,"featured_media":679441,"comment_status":"","ping_status":"","sticky":false,"template":"","format":"standard","meta":{"footnotes":""},"categories":[1358],"tags":[77734,47,1348,1384,1385,77735,1386,58,59,1011,27,20528,77736],"class_list":{"0":"post-679440","1":"post","2":"type-post","3":"status-publish","4":"format-standard","5":"has-post-thumbnail","7":"category-arts-et-design","8":"tag-8x10","9":"tag-actualite","10":"tag-arts","11":"tag-arts-and-design","12":"tag-arts-et-design","13":"tag-chambre-photographique","14":"tag-design","15":"tag-divertissement","16":"tag-entertainment","17":"tag-fr","18":"tag-france","19":"tag-photographe","20":"tag-sally-mann"},"share_on_mastodon":{"url":"https:\/\/pubeurope.com\/@fr\/115934071647059097","error":""},"_links":{"self":[{"href":"https:\/\/www.europesays.com\/fr\/wp-json\/wp\/v2\/posts\/679440","targetHints":{"allow":["GET"]}}],"collection":[{"href":"https:\/\/www.europesays.com\/fr\/wp-json\/wp\/v2\/posts"}],"about":[{"href":"https:\/\/www.europesays.com\/fr\/wp-json\/wp\/v2\/types\/post"}],"author":[{"embeddable":true,"href":"https:\/\/www.europesays.com\/fr\/wp-json\/wp\/v2\/users\/2"}],"replies":[{"embeddable":true,"href":"https:\/\/www.europesays.com\/fr\/wp-json\/wp\/v2\/comments?post=679440"}],"version-history":[{"count":0,"href":"https:\/\/www.europesays.com\/fr\/wp-json\/wp\/v2\/posts\/679440\/revisions"}],"wp:featuredmedia":[{"embeddable":true,"href":"https:\/\/www.europesays.com\/fr\/wp-json\/wp\/v2\/media\/679441"}],"wp:attachment":[{"href":"https:\/\/www.europesays.com\/fr\/wp-json\/wp\/v2\/media?parent=679440"}],"wp:term":[{"taxonomy":"category","embeddable":true,"href":"https:\/\/www.europesays.com\/fr\/wp-json\/wp\/v2\/categories?post=679440"},{"taxonomy":"post_tag","embeddable":true,"href":"https:\/\/www.europesays.com\/fr\/wp-json\/wp\/v2\/tags?post=679440"}],"curies":[{"name":"wp","href":"https:\/\/api.w.org\/{rel}","templated":true}]}}