{"id":679452,"date":"2026-01-21T16:44:10","date_gmt":"2026-01-21T16:44:10","guid":{"rendered":"https:\/\/www.europesays.com\/fr\/679452\/"},"modified":"2026-01-21T16:44:10","modified_gmt":"2026-01-21T16:44:10","slug":"cest-mon-enfance-sa-sublime-maison-de-famille-au-bord-du-lac-dannecy","status":"publish","type":"post","link":"https:\/\/www.europesays.com\/fr\/679452\/","title":{"rendered":"\u00ab\u00a0C&rsquo;est mon enfance\u00a0\u00bb, sa sublime maison de famille au bord du lac d&rsquo;Annecy"},"content":{"rendered":"<p>\u00c0 79 ans, Andr\u00e9 Dussollier demeure l\u00a0\u00bbun des acteurs les plus<br \/>\nrespect\u00e9s du cin\u00e9ma fran\u00e7ais. Le com\u00e9dien haut-savoyard<br \/>\n<strong data-start=\"183\" data-end=\"247\">n&rsquo;aime rien tant que<br \/>\nretourner aux sources d\u00e8s qu\u2019il le peut<\/strong>. Entre ses<br \/>\ntournages et ses s\u00e9jours parisiens, le com\u00e9dien trouve un v\u00e9ritable<br \/>\nhavre de paix dans <strong data-start=\"354\" data-end=\"401\">une<br \/>\nmaison familiale nich\u00e9e en Haute-Savoie<\/strong>, sur les rives du<br \/>\nlac d&rsquo;Annecy.<\/p>\n<p>Andr\u00e9 Dussollier : un retour<br \/>\naux origines qui raconte toute une vie<\/p>\n<p data-start=\"583\" data-end=\"966\">N\u00e9 \u00e0 Annecy en<br \/>\n<strong data-start=\"598\" data-end=\"606\">1946<\/strong>, <a href=\"https:\/\/www.lejournaldelamaison.fr\/le-journal-de-la-maison\/reportages-maisons\/maisons-bord-de-mer\/andre-dussollier-decouvrez-incroyable-maison-vacances-situee-ile-dont-il-est-tombe-amoureux-plus-trente-ans-490910.html\" target=\"_blank\" rel=\"noopener\"><br \/>\nAndr\u00e9 Dussollier<\/a> a grandi dans les magnifiques paysages alpins<br \/>\nde la Haute-Savoie, une r\u00e9gion qu&rsquo;il n&rsquo;a jamais vraiment quitt\u00e9e<br \/>\ndans son c\u0153ur. <strong data-start=\"739\" data-end=\"798\">Dans cette<br \/>\nmaison familiale \u00ab modeste \u00bb mais pleine de sens<\/strong>,<br \/>\npr\u00e9cis\u00e9ment situ\u00e9e \u00e0 <strong>Sevrier<\/strong>, il a l&rsquo;opportunit\u00e9<br \/>\nde renouer avec ses racines chaque fois qu&rsquo;il prend le temps de<br \/>\ns&rsquo;\u00e9loigner de l&rsquo;effervescence de la vie d&rsquo;acteur. \u00ab<br \/>\n<strong>C&rsquo;est mon enfance, l&rsquo;endroit o\u00f9 j&rsquo;ai envie de respirer<br \/>\nl&rsquo;air que j&rsquo;ai respir\u00e9 \u00e0 ma naissance.<\/strong> Ici, il y a des<br \/>\nmontagnes, le lac, la libert\u00e9, la beaut\u00e9\u2026 \u00bb, aime-t-il \u00e0<br \/>\nrappeler.<\/p>\n<p data-start=\"968\" data-end=\"1321\">Cette demeure<br \/>\n<strong data-start=\"983\" data-end=\"1067\">offre une vue<br \/>\nspectaculaire sur le lac d&rsquo;Annecy et les montagnes<br \/>\nenvironnantes<\/strong>. Loin d&rsquo;\u00eatre un banal pied-\u00e0-terre, C&rsquo;est un<br \/>\nlieu charg\u00e9 de souvenirs et d&rsquo;\u00e9motions, o\u00f9 la famille s&rsquo;est r\u00e9unie<br \/>\npour des moments joyeux, mais aussi pour des adieux difficiles,<br \/>\ncomme celui \u00e0 son p\u00e8re en 2010. Quoiqu&rsquo;il en soit, l&rsquo;artiste assure<br \/>\nque dans sa r\u00e9gion de c\u0153ur, \u00ab le rapport avec les gens qu&rsquo;il<br \/>\nconna\u00eet depuis toujours est diff\u00e9rent et <strong>plus<br \/>\n\u2018vrai&rsquo;<\/strong> \u00bb, comme l&rsquo;expliquaient nos confr\u00e8res de RTL<br \/>\nen 2017.<\/p>\n<p>Andr\u00e9<br \/>\nDussollier : son autre maison sur l&rsquo;\u00eele de R\u00e9<\/p>\n<p data-start=\"968\" data-end=\"1321\">Si sa maison de Haute-Savoie<br \/>\nest l\u00e0 o\u00f9 se trouve le c\u0153ur d&rsquo;Andr\u00e9 Dussollier, l&rsquo;acteur a<br \/>\n\u00e9galement un faible pour l&rsquo;\u00eele de R\u00e9. Comme il le raconte \u00e0<br \/>\n<a href=\"https:\/\/www.sudouest.fr\/charente-maritime\/ile-de-re\/andre-dussollier-sur-l-ile-de-re-je-suis-toujours-amoureux-de-l-ile-et-a-chaque-fois-je-la-redecouvre-15910643.php\" target=\"_blank\" rel=\"noopener\"><br \/>\nOuest-France<\/a>, \u00ab Cela fait plus de trente ans que<br \/>\nje viens sur l&rsquo;\u00eele. L\u00e0, je suis \u00e0<br \/>\n<strong>Sainte-Marie-de-R\u00e9<\/strong>, une ville que je ne<br \/>\nconnaissais pas trop. Le nord de l&rsquo;\u00eele m\u2019est plus familier. J&rsquo;y<br \/>\nvenais avec mes enfants, quand ils \u00e9taient tout jeunes. Mais, plus<br \/>\nglobalement, je suis <strong>un habitu\u00e9 des<br \/>\nCharentes<\/strong>\u00a0et plus pr\u00e9cis\u00e9ment de la<br \/>\nCharente-Maritime. Quand j\u2019\u00e9tais d\u00e9j\u00e0 petit, <strong>je venais sur<br \/>\nl&rsquo;\u00eele de d&rsquo;Ol\u00e9ron<\/strong>. \u00bb<\/p>\n<p data-start=\"968\" data-end=\"1321\">Aussi \u00e0 l&rsquo;aise en altitude<br \/>\nqu&rsquo;au niveau de la mer, l&rsquo;ancien compagnon d&rsquo;<a href=\"https:\/\/www.lejournaldelamaison.fr\/le-journal-de-la-maison\/reportages-maisons\/appartements\/appartement-isabelle-adjani-portugal-dans-petit-immeuble-paie-mine-526998.html\" target=\"_blank\" rel=\"noopener\"><strong>Isabelle<br \/>\nAdjani<\/strong><\/a> fr\u00e9quente cette \u00eele depuis sa jeunesse,<br \/>\nprofitant de ses paysages d&rsquo;exception. Au cours d&rsquo;un entretien<br \/>\naccord\u00e9 au Dauphin\u00e9 Lib\u00e9r\u00e9 en 2011, \u00ab\u00a0J&rsquo;y venais<br \/>\n<strong>avec mes cousins<\/strong>. Depuis 18 ans,<br \/>\nje\u00a0<strong>loue une maison<\/strong>. \u00bb<\/p>\n<blockquote class=\"instagram-media\" style=\"background: #ffffff;border: 0;margin: 1px;width: 100%;padding: 0;max-width: 500px;\" data-instgrm-permalink=\"https:\/\/www.instagram.com\/p\/B0lgV1uiad4\/\" data-instgrm-version=\"14\"\/>\n<p><script async src=\"\/\/www.instagram.com\/embed.js\"><\/script><\/p>\n","protected":false},"excerpt":{"rendered":"\u00c0 79 ans, Andr\u00e9 Dussollier demeure l\u00a0\u00bbun des acteurs les plus respect\u00e9s du cin\u00e9ma fran\u00e7ais. Le com\u00e9dien haut-savoyard&hellip;\n","protected":false},"author":2,"featured_media":679453,"comment_status":"","ping_status":"","sticky":false,"template":"","format":"standard","meta":{"footnotes":""},"categories":[8],"tags":[13041,15496,3031,3396,3944,2511,77740,1805,58,3029,77738,10777,59,20598,652,1011,27,53236,391,16456,28192,77739,22636,2142,11078,198,10650,746,30807,58300,10649,6564,13537,96,13373],"class_list":{"0":"post-679452","1":"post","2":"type-post","3":"status-publish","4":"format-standard","5":"has-post-thumbnail","7":"category-divertissement","8":"tag-a","9":"tag-andre","10":"tag-au","11":"tag-avec","12":"tag-bord","13":"tag-cest","14":"tag-dannecy","15":"tag-de","16":"tag-divertissement","17":"tag-du","18":"tag-dussollier","19":"tag-enfance","20":"tag-entertainment","21":"tag-envie","22":"tag-famille","23":"tag-fr","24":"tag-france","25":"tag-impressionnante","26":"tag-jai","27":"tag-lair","28":"tag-lac","29":"tag-lendroit","30":"tag-ma","31":"tag-maison","32":"tag-mon","33":"tag-naissance","34":"tag-ou","35":"tag-que","36":"tag-respire","37":"tag-respirer","38":"tag-sa","39":"tag-su","40":"tag-sublime","41":"tag-une","42":"tag-vue"},"share_on_mastodon":{"url":"https:\/\/pubeurope.com\/@fr\/115934099065759903","error":""},"_links":{"self":[{"href":"https:\/\/www.europesays.com\/fr\/wp-json\/wp\/v2\/posts\/679452","targetHints":{"allow":["GET"]}}],"collection":[{"href":"https:\/\/www.europesays.com\/fr\/wp-json\/wp\/v2\/posts"}],"about":[{"href":"https:\/\/www.europesays.com\/fr\/wp-json\/wp\/v2\/types\/post"}],"author":[{"embeddable":true,"href":"https:\/\/www.europesays.com\/fr\/wp-json\/wp\/v2\/users\/2"}],"replies":[{"embeddable":true,"href":"https:\/\/www.europesays.com\/fr\/wp-json\/wp\/v2\/comments?post=679452"}],"version-history":[{"count":0,"href":"https:\/\/www.europesays.com\/fr\/wp-json\/wp\/v2\/posts\/679452\/revisions"}],"wp:featuredmedia":[{"embeddable":true,"href":"https:\/\/www.europesays.com\/fr\/wp-json\/wp\/v2\/media\/679453"}],"wp:attachment":[{"href":"https:\/\/www.europesays.com\/fr\/wp-json\/wp\/v2\/media?parent=679452"}],"wp:term":[{"taxonomy":"category","embeddable":true,"href":"https:\/\/www.europesays.com\/fr\/wp-json\/wp\/v2\/categories?post=679452"},{"taxonomy":"post_tag","embeddable":true,"href":"https:\/\/www.europesays.com\/fr\/wp-json\/wp\/v2\/tags?post=679452"}],"curies":[{"name":"wp","href":"https:\/\/api.w.org\/{rel}","templated":true}]}}