{"id":679491,"date":"2026-01-21T17:08:12","date_gmt":"2026-01-21T17:08:12","guid":{"rendered":"https:\/\/www.europesays.com\/fr\/679491\/"},"modified":"2026-01-21T17:08:12","modified_gmt":"2026-01-21T17:08:12","slug":"strasbourg-bretzel-burgard-baisse-definitivement-le-rideau-place-kleber","status":"publish","type":"post","link":"https:\/\/www.europesays.com\/fr\/679491\/","title":{"rendered":"Strasbourg. Bretzel Burgard baisse d\u00e9finitivement le rideau place Kl\u00e9ber"},"content":{"rendered":"<p>Avis aux amateurs de bretzels et de malicettes, l\u2019enseigne Bretzel Burgard a tir\u00e9 le rideau place Kl\u00e9ber depuis presque un mois. Certains auront aper\u00e7u l\u2019affichette mentionnant un d\u00e9part d\u00e9finitif depuis le 24\u00a0d\u00e9cembre \u00ab\u00a0\u00e0 17\u00a0h\u00a0\u00bb. \u00ab\u00a0Nous vous remercions pour votre fid\u00e9lit\u00e9 dans ce lieu embl\u00e9matique\u00a0\u00bb, peut-on lire, sans plus de pr\u00e9cisions sur les raisons de ce d\u00e9part d\u2019une enseigne appr\u00e9ci\u00e9e des Strasbourgeois.\u00a0Selon nos informations, c\u2019est le non-renouvellement du bail qui a men\u00e9 \u00e0 ce d\u00e9part de l\u2019enseigne. Sollicit\u00e9e, la soci\u00e9t\u00e9 Erhard n\u2019a pas souhait\u00e9 s\u2019exprimer concernant cette fermeture au sein du centre-ville.<\/p>\n<p>  Dix points de vente, dont six dans l&rsquo;Eurom\u00e9tropole<\/p>\n<p>Apr\u00e8s cette fermeture, l\u2019enseigne, fond\u00e9e \u00e0 Strasbourg en 1935 et bas\u00e9e ensuite \u00e0 Hoerdt, dispose d\u00e9sormais de dix points de vente, principalement dans des galeries commerciales, dont six dans l\u2019Eurom\u00e9tropole. Ce fabricant industriel de bretzels, aux 30,8\u00a0millions d\u2019euros de chiffre d\u2019affaires (2024), a \u00e9t\u00e9 <a href=\"https:\/\/www.dna.fr\/economie\/2022\/12\/15\/le-patissier-glacier-erhard-rachete-bretzel-burgard\" target=\"_blank\" rel=\"noopener\">rachet\u00e9 il y a quatre ans par le groupe Erhard<\/a> , sp\u00e9cialiste glacier haut-rhinois.<\/p>\n<p><a href=\"https:\/\/www.dna.fr\/sciences\/2018\/05\/20\/bretzels-en-l-air-mission-accomplie\" target=\"_blank\" rel=\"noopener\">Pour l\u2019anecdote<\/a> , c\u2019est depuis la place Kl\u00e9ber qu\u2019un bretzel Burgard avait \u00e9t\u00e9 envoy\u00e9 droit en direction de la stratosph\u00e8re par des \u00e9tudiants strasbourgeois \u00e0 l\u2019aide d\u2019un ballon-sonde. L\u2019\u00e9v\u00e9nement avait fait grand bruit.<\/p>\n","protected":false},"excerpt":{"rendered":"Avis aux amateurs de bretzels et de malicettes, l\u2019enseigne Bretzel Burgard a tir\u00e9 le rideau place Kl\u00e9ber depuis&hellip;\n","protected":false},"author":2,"featured_media":679492,"comment_status":"","ping_status":"","sticky":false,"template":"","format":"standard","meta":{"footnotes":""},"categories":[2820],"tags":[1111,11,4406,130,33,2880,1777,674,107,1011,27,775,12,25,640,2879],"class_list":{"0":"post-679491","1":"post","2":"type-post","3":"status-publish","4":"format-standard","5":"has-post-thumbnail","7":"category-strasbourg","8":"tag-actu","9":"tag-actualites","10":"tag-commerce-et-services","11":"tag-consommation","12":"tag-economie","13":"tag-edition-strasbourg","14":"tag-eu","15":"tag-europe","16":"tag-fil-info","17":"tag-fr","18":"tag-france","19":"tag-grand-est","20":"tag-news","21":"tag-republique-francaise","22":"tag-strasbourg","23":"tag-strasbourg-ville"},"share_on_mastodon":{"url":"https:\/\/pubeurope.com\/@fr\/115934193726785258","error":""},"_links":{"self":[{"href":"https:\/\/www.europesays.com\/fr\/wp-json\/wp\/v2\/posts\/679491","targetHints":{"allow":["GET"]}}],"collection":[{"href":"https:\/\/www.europesays.com\/fr\/wp-json\/wp\/v2\/posts"}],"about":[{"href":"https:\/\/www.europesays.com\/fr\/wp-json\/wp\/v2\/types\/post"}],"author":[{"embeddable":true,"href":"https:\/\/www.europesays.com\/fr\/wp-json\/wp\/v2\/users\/2"}],"replies":[{"embeddable":true,"href":"https:\/\/www.europesays.com\/fr\/wp-json\/wp\/v2\/comments?post=679491"}],"version-history":[{"count":0,"href":"https:\/\/www.europesays.com\/fr\/wp-json\/wp\/v2\/posts\/679491\/revisions"}],"wp:featuredmedia":[{"embeddable":true,"href":"https:\/\/www.europesays.com\/fr\/wp-json\/wp\/v2\/media\/679492"}],"wp:attachment":[{"href":"https:\/\/www.europesays.com\/fr\/wp-json\/wp\/v2\/media?parent=679491"}],"wp:term":[{"taxonomy":"category","embeddable":true,"href":"https:\/\/www.europesays.com\/fr\/wp-json\/wp\/v2\/categories?post=679491"},{"taxonomy":"post_tag","embeddable":true,"href":"https:\/\/www.europesays.com\/fr\/wp-json\/wp\/v2\/tags?post=679491"}],"curies":[{"name":"wp","href":"https:\/\/api.w.org\/{rel}","templated":true}]}}