{"id":679513,"date":"2026-01-21T17:19:09","date_gmt":"2026-01-21T17:19:09","guid":{"rendered":"https:\/\/www.europesays.com\/fr\/679513\/"},"modified":"2026-01-21T17:19:09","modified_gmt":"2026-01-21T17:19:09","slug":"lhumoriste-nino-arial-en-spectacle-a-marseille","status":"publish","type":"post","link":"https:\/\/www.europesays.com\/fr\/679513\/","title":{"rendered":"l&rsquo;humoriste Nino Arial en spectacle \u00e0 Marseille"},"content":{"rendered":"<p>Son nom n&rsquo;est pas totalement connu du grand public, et pourtant Nino Arial est un <a href=\"https:\/\/www.laprovence.com\/article\/region\/18293691729346\/pour-les-jobastres-ce-duo-humoristique-qui-cartonne-sur-scene-et-sur-les-reseaux-tout-a-demarre-a-luniversite-davignon\" target=\"_blank\" rel=\"noopener\">ph\u00e9nom\u00e8ne de l&rsquo;humour<\/a> capable de rassembler les diff\u00e9rentes g\u00e9n\u00e9rations. Que ce soit sur les r\u00e9seaux sociaux, o\u00f9 il cumule les millions d&rsquo;abonn\u00e9s, mais aussi dans les salles. Preuve \u00e0 l&rsquo;appui, le com\u00e9dien se produira ce jeudi 22 janvier dans un D\u00f4me fr\u00f4lant le \u00ab\u00a0guichets ferm\u00e9s\u00a0\u00bb, une configuration que l&rsquo;on retrouve sur l&rsquo;ensemble de sa tourn\u00e9e dans les Z\u00e9nith et Ar\u00e9nas.<\/p>\n<p>Un an apr\u00e8s avoir rempli le Cepac Silo, Nino Arial retrouvera ses fans marseillais avec Pas comme eux. Un spectacle qui m\u00eale d&rsquo;une fa\u00e7on novatrice les sketchs \u00e9crits et l&rsquo;impro. Au lieu d&rsquo;\u00eatre s\u00e9par\u00e9s en moments distincts, les temps d&rsquo;impro sont diss\u00e9min\u00e9s dans la repr\u00e9sentation. Et se mettent ainsi au service d&rsquo;un texte d\u00e9non\u00e7ant la charge mentale des femmes, \u00ab\u00a0dont la vie est plus dure que celle des hommes\u00a0\u00bb. Tout en d\u00e9cryptant les rapport en soci\u00e9t\u00e9 et en sensibilisant par le rire aux situations de handicap. \u00ab\u00a0Souvent, les spectateurs ont l&rsquo;impression que tout le show est en impro, alors qu&rsquo;il y a 1h10 de sketchs \u00e9crits, assure le com\u00e9dien. C&rsquo;est une mani\u00e8re de garder le public en \u00e9veil en amenant du rythme. Moi-m\u00eame je vais \u00e0 beaucoup d&#8230;<\/p>\n","protected":false},"excerpt":{"rendered":"Son nom n&rsquo;est pas totalement connu du grand public, et pourtant Nino Arial est un ph\u00e9nom\u00e8ne de l&rsquo;humour&hellip;\n","protected":false},"author":2,"featured_media":679514,"comment_status":"","ping_status":"","sticky":false,"template":"","format":"standard","meta":{"footnotes":""},"categories":[2814],"tags":[5734,1111,11,5244,4228,251,11390,1777,674,1011,27,45385,30825,68572,884,12,77746,882,25],"class_list":{"0":"post-679513","1":"post","2":"type-post","3":"status-publish","4":"format-standard","5":"has-post-thumbnail","7":"category-marseille","8":"tag-5734","9":"tag-actu","10":"tag-actualites","11":"tag-club","12":"tag-comedie","13":"tag-culture","14":"tag-dome","15":"tag-eu","16":"tag-europe","17":"tag-fr","18":"tag-france","19":"tag-garder","20":"tag-lhumoriste","21":"tag-lambiance","22":"tag-marseille","23":"tag-news","24":"tag-nino","25":"tag-provence-alpes-cote-dazur","26":"tag-republique-francaise"},"share_on_mastodon":{"url":"https:\/\/pubeurope.com\/@fr\/115934236695473893","error":""},"_links":{"self":[{"href":"https:\/\/www.europesays.com\/fr\/wp-json\/wp\/v2\/posts\/679513","targetHints":{"allow":["GET"]}}],"collection":[{"href":"https:\/\/www.europesays.com\/fr\/wp-json\/wp\/v2\/posts"}],"about":[{"href":"https:\/\/www.europesays.com\/fr\/wp-json\/wp\/v2\/types\/post"}],"author":[{"embeddable":true,"href":"https:\/\/www.europesays.com\/fr\/wp-json\/wp\/v2\/users\/2"}],"replies":[{"embeddable":true,"href":"https:\/\/www.europesays.com\/fr\/wp-json\/wp\/v2\/comments?post=679513"}],"version-history":[{"count":0,"href":"https:\/\/www.europesays.com\/fr\/wp-json\/wp\/v2\/posts\/679513\/revisions"}],"wp:featuredmedia":[{"embeddable":true,"href":"https:\/\/www.europesays.com\/fr\/wp-json\/wp\/v2\/media\/679514"}],"wp:attachment":[{"href":"https:\/\/www.europesays.com\/fr\/wp-json\/wp\/v2\/media?parent=679513"}],"wp:term":[{"taxonomy":"category","embeddable":true,"href":"https:\/\/www.europesays.com\/fr\/wp-json\/wp\/v2\/categories?post=679513"},{"taxonomy":"post_tag","embeddable":true,"href":"https:\/\/www.europesays.com\/fr\/wp-json\/wp\/v2\/tags?post=679513"}],"curies":[{"name":"wp","href":"https:\/\/api.w.org\/{rel}","templated":true}]}}