{"id":679546,"date":"2026-01-21T17:37:12","date_gmt":"2026-01-21T17:37:12","guid":{"rendered":"https:\/\/www.europesays.com\/fr\/679546\/"},"modified":"2026-01-21T17:37:12","modified_gmt":"2026-01-21T17:37:12","slug":"en-direct-marine-le-pen-en-travaillant-pour-les-deputes-europeens-les-assistants-travaillent-indirectement-pour-le-parti","status":"publish","type":"post","link":"https:\/\/www.europesays.com\/fr\/679546\/","title":{"rendered":"EN DIRECT &#8211; Marine Le Pen : \u00ab\u00a0En travaillant pour les d\u00e9put\u00e9s europ\u00e9ens, les assistants travaillent indirectement pour le parti\u00a0\u00bb"},"content":{"rendered":"<p>      Marine Le Pen \u00ab\u00a0regrette\u00a0\u00bb que Charles Hourcade n&rsquo;ait pas fait appel<\/p>\n<p>Place \u00e0 pr\u00e9sent au cas de Charles Hourcade, qui n&rsquo;a pas fait appel dans ce proc\u00e8s.\u00a0\u00ab\u00a0J&rsquo;ai compris ses raisons et je l&rsquo;ai regrett\u00e9\u00a0\u00bb, d\u00e9clare Marine Le Pen.<\/p>\n<p>Les anciens d\u00e9put\u00e9s europ\u00e9ens Marie-Christine Arnautu, Marie-Christine Boutonnet, Dominique Bilde, Myl\u00e8ne Troszczynski, ainsi que les ex-assistants Yann Le Pen &#8211; l&rsquo;une des s\u0153urs de Marine Le Pen -, Thierry L\u00e9gier, Micheline Bruna, G\u00e9rald G\u00e9rin, Guillaume L&rsquo;Huillier, Loup Viallet, Charles Hourcade, Laurent Salles &#8211; d\u00e9c\u00e9d\u00e9 d\u00e9but juillet &#8211; et le \u00ab\u00a0gestionnaire\u00a0\u00bb des contrats Charles Van Houtte n&rsquo;avaient pas fait appel.\u00a0Tous reconnus coupables, leurs condamnations sont devenues d\u00e9finitives.<\/p>\n<p>Partager<\/p>\n","protected":false},"excerpt":{"rendered":"Marine Le Pen \u00ab\u00a0regrette\u00a0\u00bb que Charles Hourcade n&rsquo;ait pas fait appel Place \u00e0 pr\u00e9sent au cas de Charles&hellip;\n","protected":false},"author":2,"featured_media":679547,"comment_status":"","ping_status":"","sticky":false,"template":"","format":"standard","meta":{"footnotes":""},"categories":[2],"tags":[11,107,1011,27,430,12,2694,1078,25],"class_list":{"0":"post-679546","1":"post","2":"type-post","3":"status-publish","4":"format-standard","5":"has-post-thumbnail","7":"category-actualites","8":"tag-actualites","9":"tag-fil-info","10":"tag-fr","11":"tag-france","12":"tag-marine-le-pen","13":"tag-news","14":"tag-proces","15":"tag-rassemblement-national","16":"tag-republique-francaise"},"share_on_mastodon":{"url":"https:\/\/pubeurope.com\/@fr\/115934307489673719","error":""},"_links":{"self":[{"href":"https:\/\/www.europesays.com\/fr\/wp-json\/wp\/v2\/posts\/679546","targetHints":{"allow":["GET"]}}],"collection":[{"href":"https:\/\/www.europesays.com\/fr\/wp-json\/wp\/v2\/posts"}],"about":[{"href":"https:\/\/www.europesays.com\/fr\/wp-json\/wp\/v2\/types\/post"}],"author":[{"embeddable":true,"href":"https:\/\/www.europesays.com\/fr\/wp-json\/wp\/v2\/users\/2"}],"replies":[{"embeddable":true,"href":"https:\/\/www.europesays.com\/fr\/wp-json\/wp\/v2\/comments?post=679546"}],"version-history":[{"count":0,"href":"https:\/\/www.europesays.com\/fr\/wp-json\/wp\/v2\/posts\/679546\/revisions"}],"wp:featuredmedia":[{"embeddable":true,"href":"https:\/\/www.europesays.com\/fr\/wp-json\/wp\/v2\/media\/679547"}],"wp:attachment":[{"href":"https:\/\/www.europesays.com\/fr\/wp-json\/wp\/v2\/media?parent=679546"}],"wp:term":[{"taxonomy":"category","embeddable":true,"href":"https:\/\/www.europesays.com\/fr\/wp-json\/wp\/v2\/categories?post=679546"},{"taxonomy":"post_tag","embeddable":true,"href":"https:\/\/www.europesays.com\/fr\/wp-json\/wp\/v2\/tags?post=679546"}],"curies":[{"name":"wp","href":"https:\/\/api.w.org\/{rel}","templated":true}]}}