{"id":679627,"date":"2026-01-21T18:31:10","date_gmt":"2026-01-21T18:31:10","guid":{"rendered":"https:\/\/www.europesays.com\/fr\/679627\/"},"modified":"2026-01-21T18:31:10","modified_gmt":"2026-01-21T18:31:10","slug":"intrusion-dans-une-ecole-maternelle-du-15e-de-marseille-un-ordinateur-vole","status":"publish","type":"post","link":"https:\/\/www.europesays.com\/fr\/679627\/","title":{"rendered":"Intrusion dans une \u00e9cole maternelle du 15e de Marseille : un ordinateur vol\u00e9"},"content":{"rendered":"<p>Le groupe scolaire <a href=\"https:\/\/www.laprovence.com\/article\/elections\/93380133572752\/a-l-ecole-aygalades-oasis-benoit-payan-veut-faire-la-preuve-par-l-exemple-de-la-realite-du-plan-ecoles\" target=\"_blank\" rel=\"noopener\">Aygalades-Oasis<\/a> nich\u00e9 dans le quartier\u00a0des <a href=\"https:\/\/www.laprovence.com\/article\/region\/18941463335249\/aux-aygalades-a-marseille-une-nature-qui-attend-d-etre-encore-mieux-protegee\" target=\"_blank\" rel=\"noopener\">Aygalades<\/a>, au nord de Marseille, a \u00e9t\u00e9 <a href=\"https:\/\/www.laprovence.com\/article\/faits-divers-justice\/6567154609287414\/un-trafiquant-de-cigarettes-trahi-par-le-cambriolage-de-son-box-dans-les-quartiers-sud-de-marseille\" target=\"_blank\" rel=\"noopener\">cambriol\u00e9<\/a>. C&rsquo;est peu avant minuit mardi soir 20\u00a0janvier, que la vid\u00e9osurveillance de l&rsquo;\u00e9cole maternelle du groupe a signal\u00e9 aux forces de l&rsquo;ordre une intrusion au n\u00b0\u00a056 de la <a href=\"https:\/\/www.laprovence.com\/actu\/en-direct\/4290191\/breve.html\" target=\"_blank\" rel=\"noopener\">traverse des Laitiers<\/a>.<\/p>\n<p>L&rsquo;\u00e9quipage aussit\u00f4t d\u00e9p\u00each\u00e9 sur place a constat\u00e9 que la porte d&rsquo;entr\u00e9e de l&rsquo;\u00e9cole avait \u00e9t\u00e9 forc\u00e9e et que l&rsquo;\u00e9tablissement avait \u00e9t\u00e9 enti\u00e8rement fouill\u00e9. Le ou les intrus avaient d\u00e9j\u00e0 pris la fuite, non sans emporter un <a href=\"https:\/\/www.laprovence.com\/article\/faits-divers-justice\/2480117757455414\/un-homme-juge-pour-le-vol-de-120-ordinateurs-portables-au-prejudice-de-plusieurs-societes-de-la-duranne-a-aix\" target=\"_blank\" rel=\"noopener\">ordinateur<\/a>. Une enqu\u00eate a \u00e9t\u00e9 ouverte.<\/p>\n","protected":false},"excerpt":{"rendered":"Le groupe scolaire Aygalades-Oasis nich\u00e9 dans le quartier\u00a0des Aygalades, au nord de Marseille, a \u00e9t\u00e9 cambriol\u00e9. C&rsquo;est peu&hellip;\n","protected":false},"author":2,"featured_media":679628,"comment_status":"","ping_status":"","sticky":false,"template":"","format":"standard","meta":{"footnotes":""},"categories":[2814],"tags":[16883,5734,1111,11,1446,1122,1777,674,274,1011,27,29929,884,5758,12,882,25,96],"class_list":{"0":"post-679627","1":"post","2":"type-post","3":"status-publish","4":"format-standard","5":"has-post-thumbnail","7":"category-marseille","8":"tag-15e","9":"tag-5734","10":"tag-actu","11":"tag-actualites","12":"tag-dans","13":"tag-ecole","14":"tag-eu","15":"tag-europe","16":"tag-faits-divers-justice","17":"tag-fr","18":"tag-france","19":"tag-intrusion","20":"tag-marseille","21":"tag-maternelle","22":"tag-news","23":"tag-provence-alpes-cote-dazur","24":"tag-republique-francaise","25":"tag-une"},"share_on_mastodon":{"url":"https:\/\/pubeurope.com\/@fr\/115934520108089146","error":""},"_links":{"self":[{"href":"https:\/\/www.europesays.com\/fr\/wp-json\/wp\/v2\/posts\/679627","targetHints":{"allow":["GET"]}}],"collection":[{"href":"https:\/\/www.europesays.com\/fr\/wp-json\/wp\/v2\/posts"}],"about":[{"href":"https:\/\/www.europesays.com\/fr\/wp-json\/wp\/v2\/types\/post"}],"author":[{"embeddable":true,"href":"https:\/\/www.europesays.com\/fr\/wp-json\/wp\/v2\/users\/2"}],"replies":[{"embeddable":true,"href":"https:\/\/www.europesays.com\/fr\/wp-json\/wp\/v2\/comments?post=679627"}],"version-history":[{"count":0,"href":"https:\/\/www.europesays.com\/fr\/wp-json\/wp\/v2\/posts\/679627\/revisions"}],"wp:featuredmedia":[{"embeddable":true,"href":"https:\/\/www.europesays.com\/fr\/wp-json\/wp\/v2\/media\/679628"}],"wp:attachment":[{"href":"https:\/\/www.europesays.com\/fr\/wp-json\/wp\/v2\/media?parent=679627"}],"wp:term":[{"taxonomy":"category","embeddable":true,"href":"https:\/\/www.europesays.com\/fr\/wp-json\/wp\/v2\/categories?post=679627"},{"taxonomy":"post_tag","embeddable":true,"href":"https:\/\/www.europesays.com\/fr\/wp-json\/wp\/v2\/tags?post=679627"}],"curies":[{"name":"wp","href":"https:\/\/api.w.org\/{rel}","templated":true}]}}