{"id":67966,"date":"2025-05-01T23:07:11","date_gmt":"2025-05-01T23:07:11","guid":{"rendered":"https:\/\/www.europesays.com\/fr\/67966\/"},"modified":"2025-05-01T23:07:11","modified_gmt":"2025-05-01T23:07:11","slug":"qui-a-inspire-le-visage-de-logre-vert","status":"publish","type":"post","link":"https:\/\/www.europesays.com\/fr\/67966\/","title":{"rendered":"qui a inspir\u00e9 le visage de l&rsquo;ogre vert ?"},"content":{"rendered":"<p class=\"article-p mdl\">C&rsquo;est une figure m\u00e9connue, dont le nom ne vous \u00e9voquera probablement rien, mais qui a pourtant marqu\u00e9 l&rsquo;histoire du cin\u00e9ma ! <strong>Le visage de Maurice Tillet a inspir\u00e9 l&rsquo;un des personnages les plus embl\u00e9matiques du cin\u00e9ma d&rsquo;animation : Shrek.<\/strong><\/p>\n<p class=\"article-p mdl\">N\u00e9 en 1903 dans l&rsquo;Oural, Maurice Tillet perd son p\u00e8re ing\u00e9nieur tr\u00e8s jeune. En 1917, la R\u00e9volution Russe force sa m\u00e8re et lui \u00e0 s&rsquo;installer \u00e0 Reims. Dot\u00e9 d&rsquo;un visage ang\u00e9lique, il se fait de nombreux amis. Mais \u00e0 20 ans, <strong>sa vie bascule lorsqu&rsquo;il est diagnostiqu\u00e9 d&rsquo;acrom\u00e9galie<\/strong>, une maladie rare qui d\u00e9forme son corps et son visage.<\/p>\n<p class=\"article-p mdl\">Fuyant les moqueries en France, Maurice Tillet s&rsquo;installe aux \u00c9tats-Unis o\u00f9 il devient catcheur professionnel sous le nom de The French Angel. Sa stature imposante et son visage atypique lui valent une renomm\u00e9e internationale. <strong>Champion du Monde en 1944<\/strong>, il reste invaincu pendant plus d&rsquo;un an et demi, inspirant d&rsquo;autres catcheurs atteints de la m\u00eame maladie.<\/p>\n<p class=\"article-p mdl\">Avant sa mort \u00e0 51 ans, <strong>Maurice Tillet accepte que son visage soit immortalis\u00e9 en pl\u00e2tre pour la science<\/strong>. Ce visage, expos\u00e9 \u00e0 Chicago, aurait inspir\u00e9 celui de Shrek, l&rsquo;ogre vert de DreamWorks. Bien que le studio ne l&rsquo;ait jamais confirm\u00e9, la ressemblance est frappante. Maurice Tillet, cet homme au destin singulier, continue de vivre \u00e0 travers ce personnage iconique.<\/p>\n<p>    La r\u00e9daction vous recommande<\/p>\n<p class=\"s-newsletter__title\">\n                L\u2019actualit\u00e9 par la r\u00e9daction de RTL dans votre bo\u00eete mail.\n            <\/p>\n<p class=\"s-newsletter__subtitle\">\n                Gr\u00e2ce \u00e0 votre compte RTL abonnez-vous \u00e0 la newsletter RTL info pour suivre toute l&rsquo;actualit\u00e9 au quotidien\n            <\/p>\n<p>\n                                    Lire la suite\n                                <\/p>\n","protected":false},"excerpt":{"rendered":"C&rsquo;est une figure m\u00e9connue, dont le nom ne vous \u00e9voquera probablement rien, mais qui a pourtant marqu\u00e9 l&rsquo;histoire&hellip;\n","protected":false},"author":2,"featured_media":67967,"comment_status":"","ping_status":"","sticky":false,"template":"","format":"standard","meta":{"footnotes":""},"categories":[1354],"tags":[650,251,58,59,2414,107,1346,1011,27,1360],"class_list":{"0":"post-67966","1":"post","2":"type-post","3":"status-publish","4":"format-standard","5":"has-post-thumbnail","7":"category-films","8":"tag-cinema","9":"tag-culture","10":"tag-divertissement","11":"tag-entertainment","12":"tag-fil-culture","13":"tag-fil-info","14":"tag-films","15":"tag-fr","16":"tag-france","17":"tag-movies"},"share_on_mastodon":{"url":"https:\/\/pubeurope.com\/@fr\/114435092862992730","error":""},"_links":{"self":[{"href":"https:\/\/www.europesays.com\/fr\/wp-json\/wp\/v2\/posts\/67966","targetHints":{"allow":["GET"]}}],"collection":[{"href":"https:\/\/www.europesays.com\/fr\/wp-json\/wp\/v2\/posts"}],"about":[{"href":"https:\/\/www.europesays.com\/fr\/wp-json\/wp\/v2\/types\/post"}],"author":[{"embeddable":true,"href":"https:\/\/www.europesays.com\/fr\/wp-json\/wp\/v2\/users\/2"}],"replies":[{"embeddable":true,"href":"https:\/\/www.europesays.com\/fr\/wp-json\/wp\/v2\/comments?post=67966"}],"version-history":[{"count":0,"href":"https:\/\/www.europesays.com\/fr\/wp-json\/wp\/v2\/posts\/67966\/revisions"}],"wp:featuredmedia":[{"embeddable":true,"href":"https:\/\/www.europesays.com\/fr\/wp-json\/wp\/v2\/media\/67967"}],"wp:attachment":[{"href":"https:\/\/www.europesays.com\/fr\/wp-json\/wp\/v2\/media?parent=67966"}],"wp:term":[{"taxonomy":"category","embeddable":true,"href":"https:\/\/www.europesays.com\/fr\/wp-json\/wp\/v2\/categories?post=67966"},{"taxonomy":"post_tag","embeddable":true,"href":"https:\/\/www.europesays.com\/fr\/wp-json\/wp\/v2\/tags?post=67966"}],"curies":[{"name":"wp","href":"https:\/\/api.w.org\/{rel}","templated":true}]}}