{"id":679730,"date":"2026-01-21T19:32:11","date_gmt":"2026-01-21T19:32:11","guid":{"rendered":"https:\/\/www.europesays.com\/fr\/679730\/"},"modified":"2026-01-21T19:32:11","modified_gmt":"2026-01-21T19:32:11","slug":"une-femme-tuee-par-balle-dans-sa-voiture-un-enfant-indemne-retrouve-a-bord","status":"publish","type":"post","link":"https:\/\/www.europesays.com\/fr\/679730\/","title":{"rendered":"une femme tu\u00e9e par balle dans sa voiture, un enfant indemne retrouv\u00e9 \u00e0 bord"},"content":{"rendered":"<p class=\"article-p mdl\">Nouvelle fusillade mortelle \u00e0 Nice. Une femme \u00e2g\u00e9e de 25 ans a \u00e9t\u00e9 tu\u00e9e par balles, ce mercredi 21 janvier en fin d&rsquo;apr\u00e8s-midi dans la capitale azur\u00e9enne, alors qu&rsquo;elle circulait dans une voiture avec un enfant, qui n&rsquo;a pas \u00e9t\u00e9 touch\u00e9, a appris l&rsquo;AFP aupr\u00e8s des pompiers et de la police.<\/p>\n<p class=\"article-p mdl\">Selon la police, deux hommes circulant \u00e0 scooter ont\u00a0<a class=\"link\" href=\"https:\/\/www.rtl.fr\/actu\/justice-faits-divers\/nice-deux-morts-suspects-en-fuite-narcotrafic-ce-que-l-on-sait-de-la-fusillade-dans-le-quartier-des-moulins-7900548785\" target=\"_blank\" rel=\"noopener\">fait feu \u00e0 plusieurs reprises sur la voiture<\/a>\u00a0o\u00f9 se trouvait la jeune femme. Le drame a eu lieu peu apr\u00e8s 18h \u00e0 l&rsquo;ouest de la Ville, selon les pompiers. La victime \u00e9tait en arr\u00eat cardio-respiratoire \u00e0 l&rsquo;arriv\u00e9e des secours, dont les efforts pour la r\u00e9animer sont rest\u00e9s vains.<\/p>\n<p class=\"article-p mdl\">Au total, une vingtaine de pompiers sont intervenus. Certains ont pris en charge l&rsquo;enfant, dont l&rsquo;\u00e2ge n&rsquo;a pas \u00e9t\u00e9 pr\u00e9cis\u00e9. Selon le journal\u00a0<a class=\"link\" href=\"https:\/\/www.nicematin.com\/faits-divers\/une-jeune-femme-tuee-par-balle-a-nice-a-bord-de-son-vehicule-le-suspect-en-fuite-10665744\" target=\"_blank\" rel=\"noopener\">Nice Matin<\/a>,\u00a0<a class=\"link\" href=\"https:\/\/www.rtl.fr\/actu\/justice-faits-divers\/fusillade-a-nice-le-quartier-est-devenu-un-piege-a-rats-affirme-sur-rtl-une-habitante-des-moulins-7900548801\" target=\"_blank\" rel=\"noopener\">le deux-roues des tireurs<\/a>\u00a0a \u00e9t\u00e9 retrouv\u00e9 non loin de la gare Nice-Ville quelques minutes apr\u00e8s les faits, sans ses plaques d&rsquo;immatriculation.\u00a0<\/p>\n<blockquote class=\"twitter-tweet\" data-media-max-width=\"560\">\n<p lang=\"fr\" dir=\"ltr\">Immense \u00e9motion et profonde col\u00e8re apr\u00e8s la mort d\u2019une jeune femme, vis\u00e9e par des tirs alors qu\u2019elle \u00e9tait avec son b\u00e9b\u00e9, heureusement sain et sauf. <br \/>Je me suis imm\u00e9diatement rendu sur place, avenue Henri Matisse, aux c\u00f4t\u00e9s des forces de l\u2019ordre et de secours. <br \/>Toute la lumi\u00e8re\u2026 <a href=\"https:\/\/t.co\/pnpRxRar8C\">pic.twitter.com\/pnpRxRar8C<\/a><\/p>\n<p>\u2014 Christian Estrosi (@cestrosi) <a href=\"https:\/\/twitter.com\/cestrosi\/status\/2014036821898879299?ref_src=twsrc%5Etfw\" target=\"_blank\" rel=\"noopener\">January 21, 2026<\/a><\/p><\/blockquote>\n<p class=\"article-p mdl\">Sur X, le maire de Nice, Christian Estrosi a partag\u00e9 son \u00ab\u00a0immense \u00e9motion\u00a0\u00bb et sa \u00ab\u00a0profonde col\u00e8re\u00a0\u00bb apr\u00e8s la mort de cette jeune femme. \u00ab\u00a0Toute la lumi\u00e8re doit \u00eatre faite sur cet acte ignoble et les auteurs doivent \u00eatre retrouv\u00e9s au plus vite.<br \/>\nLa Ville de Nice mettra tous ses moyens au service des enqu\u00eateurs\u00a0\u00bb, poursuit-il.\u00a0<\/p>\n<p class=\"article-p mdl\">Aucun \u00e9l\u00e9ment sur les motivations de cet homicide n&rsquo;a \u00e9t\u00e9 communiqu\u00e9 dans l&rsquo;imm\u00e9diat.<\/p>\n<p>    La r\u00e9daction vous recommande<\/p>\n<p class=\"s-newsletter__title\">\n                L\u2019actualit\u00e9 par la r\u00e9daction de RTL dans votre bo\u00eete mail.\n            <\/p>\n<p class=\"s-newsletter__subtitle\">\n                Gr\u00e2ce \u00e0 votre compte RTL abonnez-vous \u00e0 la newsletter RTL info pour suivre toute l&rsquo;actualit\u00e9 au quotidien\n            <\/p>\n<p>\n                                    Lire la suite\n                                <\/p>\n<p>                            <script async src=\"https:\/\/platform.twitter.com\/widgets.js\" charset=\"utf-8\"><\/script><\/p>\n","protected":false},"excerpt":{"rendered":"Nouvelle fusillade mortelle \u00e0 Nice. Une femme \u00e2g\u00e9e de 25 ans a \u00e9t\u00e9 tu\u00e9e par balles, ce mercredi&hellip;\n","protected":false},"author":2,"featured_media":478415,"comment_status":"","ping_status":"","sticky":false,"template":"","format":"standard","meta":{"footnotes":""},"categories":[2819],"tags":[1111,11,1067,1777,674,118,107,1011,27,3832,18,12,2401,882,25],"class_list":{"0":"post-679730","1":"post","2":"type-post","3":"status-publish","4":"format-standard","5":"has-post-thumbnail","7":"category-nice","8":"tag-actu","9":"tag-actualites","10":"tag-enquete","11":"tag-eu","12":"tag-europe","13":"tag-faits-divers","14":"tag-fil-info","15":"tag-fr","16":"tag-france","17":"tag-fusillade","18":"tag-mort","19":"tag-news","20":"tag-nice","21":"tag-provence-alpes-cote-dazur","22":"tag-republique-francaise"},"share_on_mastodon":{"url":"https:\/\/pubeurope.com\/@fr\/115934759655734772","error":""},"_links":{"self":[{"href":"https:\/\/www.europesays.com\/fr\/wp-json\/wp\/v2\/posts\/679730","targetHints":{"allow":["GET"]}}],"collection":[{"href":"https:\/\/www.europesays.com\/fr\/wp-json\/wp\/v2\/posts"}],"about":[{"href":"https:\/\/www.europesays.com\/fr\/wp-json\/wp\/v2\/types\/post"}],"author":[{"embeddable":true,"href":"https:\/\/www.europesays.com\/fr\/wp-json\/wp\/v2\/users\/2"}],"replies":[{"embeddable":true,"href":"https:\/\/www.europesays.com\/fr\/wp-json\/wp\/v2\/comments?post=679730"}],"version-history":[{"count":0,"href":"https:\/\/www.europesays.com\/fr\/wp-json\/wp\/v2\/posts\/679730\/revisions"}],"wp:featuredmedia":[{"embeddable":true,"href":"https:\/\/www.europesays.com\/fr\/wp-json\/wp\/v2\/media\/478415"}],"wp:attachment":[{"href":"https:\/\/www.europesays.com\/fr\/wp-json\/wp\/v2\/media?parent=679730"}],"wp:term":[{"taxonomy":"category","embeddable":true,"href":"https:\/\/www.europesays.com\/fr\/wp-json\/wp\/v2\/categories?post=679730"},{"taxonomy":"post_tag","embeddable":true,"href":"https:\/\/www.europesays.com\/fr\/wp-json\/wp\/v2\/tags?post=679730"}],"curies":[{"name":"wp","href":"https:\/\/api.w.org\/{rel}","templated":true}]}}