{"id":67980,"date":"2025-05-01T23:15:10","date_gmt":"2025-05-01T23:15:10","guid":{"rendered":"https:\/\/www.europesays.com\/fr\/67980\/"},"modified":"2025-05-01T23:15:10","modified_gmt":"2025-05-01T23:15:10","slug":"corentin-moutet-menace-de-mort-par-un-joueur-russe-au-tournoi-daix-en-provence","status":"publish","type":"post","link":"https:\/\/www.europesays.com\/fr\/67980\/","title":{"rendered":"Corentin Moutet menac\u00e9 de mort par un joueur russe au tournoi d\u2019Aix-en-Provence"},"content":{"rendered":"<p><strong>LE SCAN SPORT<\/strong> &#8211; Oppos\u00e9 au premier tour de l\u2019Open d\u2019Aix-en-Provence mercredi \u00e0 Pavel Kotov, Corentin Moutet a affirm\u00e9 sur les r\u00e9seaux sociaux avoir \u00e9t\u00e9 menac\u00e9 de mort par le joueur russe.<\/p>\n<p class=\"fig-paragraph\">Rien ne se passe jamais \u00abnormalement\u00bb avec\u00a0<a href=\"http:\/\/www.lefigaro.fr\/sports\/tennis\/tennis-en-video-le-craquage-de-corentin-moutet-qui-fracasse-sa-raquette-a-madrid-20250424\" data-fig-type=\"NewsFlash\" data-gtm-custom-categorie=\"navigation\" data-gtm-custom-action=\"crossclick\" data-gtm-custom-label=\"Contextuel\" data-gtm-event=\"customEventSPE\" data-fig-domain=\"LEFIGARO\" target=\"_blank\" rel=\"noopener\">Corentin Moutet<\/a>. En lice au tournoi Challenger d\u2019Aix-en-Provence, le joueur fran\u00e7ais aurait \u00e9t\u00e9 la cible de menaces de mort de la part de son adversaire Pavel Kotov mercredi, lors du premier tour, avant que la partie ne soit interrompue par la nuit. Le Tricolore de 26 ans a d\u00e9nonc\u00e9 le comportement du joueur russe sur X (ex-Twitter) avant de supprimer son message, selon les informations du site Tennis Temple. \u00abLa prochaine fois que tu viens au filet, je te tuerai\u00a0! Un jour, quelqu\u2019un te tuera\u00bb, aurait violemment invectiv\u00e9 le Moscovite.<\/p>\n<p>\u00abComment voulez-vous que je ne r\u00e9agisse pas si vous ne faites pas votre boulot\u00a0?\u00bb<\/p>\n<p class=\"fig-paragraph\">\u00abIl n\u2019y a m\u00eame pas eu d\u2019avertissement. Apparemment, ces mots sont autoris\u00e9s sur le court\u00bb, a d\u00e9plor\u00e9 Corentin Moutet sur les r\u00e9seaux sociaux. Agac\u00e9 et d\u00e9sabus\u00e9, le natif de Neuilly-sur-Seine a, par la suite, directement mentionn\u00e9 l\u2019ATP dans un autre post. \u00abComment voulez-vous que je ne r\u00e9agisse pas si vous ne faites pas votre boulot\u00a0?\u00bb Dans un second temps, en r\u00e9ponse \u00e0 une publication faisant \u00e9tat de la controverse, l\u2019actuel 82e mondial a r\u00e9torqu\u00e9\u00a0: \u00abJe vais avoir du mal \u00e0 dormir\u2026\u00bb<\/p>\n<p class=\"fig-body-link\">\n            \u00c0 lire aussi<br \/>\n        <a class=\"fig-body-link__link\" href=\"http:\/\/www.lefigaro.fr\/sports\/tennis\/tennis-en-video-le-craquage-de-corentin-moutet-qui-fracasse-sa-raquette-a-madrid-20250424\" data-fig-type=\"NewsFlash\" data-gtm-custom-categorie=\"navigation\" data-gtm-custom-action=\"crossclick\" data-gtm-custom-label=\"Contextuel\" data-gtm-event=\"customEventSPE\" data-fig-domain=\"LEFIGARO\" target=\"_blank\" rel=\"noopener\">Tennis\u00a0: en vid\u00e9o, le craquage de Corentin Moutet qui fracasse sa raquette \u00e0 Madrid<br \/>\n    <\/a>\n<\/p>\n<p class=\"fig-paragraph\">Finalement, le Fran\u00e7ais a eu le dernier mot face au Russe (7-5, 3-6, 7-5) dans un climat tendu &#8211; les deux hommes ne se sont (sans surprise) pas serr\u00e9 la main \u00e0 l\u2019issue du dernier point &#8211; mais a \u00e9t\u00e9 \u00e9limin\u00e9 du tournoi ce jeudi, en 8e de finale (7-6, 7-6), par le g\u00e9ant am\u00e9ricain Reilly Opelka (2,11 m). En difficult\u00e9 ces derni\u00e8res semaines et habitu\u00e9 des pol\u00e9miques \u00e0 r\u00e9p\u00e9tition, Moutet, qui a abandonn\u00e9 la semaine derni\u00e8re au Masters 1000 de Madrid en\u00a0<a href=\"http:\/\/www.lefigaro.fr\/sports\/tennis\/tennis-en-video-le-craquage-de-corentin-moutet-qui-fracasse-sa-raquette-a-madrid-20250424\" data-fig-type=\"NewsFlash\" data-gtm-custom-categorie=\"navigation\" data-gtm-custom-action=\"crossclick\" data-gtm-custom-label=\"Contextuel\" data-gtm-event=\"customEventSPE\" data-fig-domain=\"LEFIGARO\" target=\"_blank\" rel=\"noopener\">fracassant une \u00e9ni\u00e8me raquette<\/a>, restait sur trois d\u00e9faites cons\u00e9cutives avant son succ\u00e8s face \u00e0 Kotov. Le gaucher s\u2019est \u00e9galement s\u00e9par\u00e9 pour la deuxi\u00e8me fois de son entra\u00eeneur Petar Popovic, apr\u00e8s seulement deux mois de collaboration.<\/p>\n","protected":false},"excerpt":{"rendered":"LE SCAN SPORT &#8211; Oppos\u00e9 au premier tour de l\u2019Open d\u2019Aix-en-Provence mercredi \u00e0 Pavel Kotov, Corentin Moutet a&hellip;\n","protected":false},"author":2,"featured_media":67981,"comment_status":"","ping_status":"","sticky":false,"template":"","format":"standard","meta":{"footnotes":""},"categories":[2],"tags":[47,11,4169,525,1981,16961,4178,4179,1011,27,1114,3996,4977,4177,4176,4174,12,4175,1980,4171,1467,4172,4173,4170],"class_list":{"0":"post-67980","1":"post","2":"type-post","3":"status-publish","4":"format-standard","5":"has-post-thumbnail","7":"category-actualites","8":"tag-actualite","9":"tag-actualites","10":"tag-atp","11":"tag-calendrier","12":"tag-classement","13":"tag-corentin-moutet","14":"tag-coupe-davis","15":"tag-fed-cup","16":"tag-fr","17":"tag-france","18":"tag-infos","19":"tag-jeux-olympiques","20":"tag-le-scan-sport","21":"tag-masters-1000","22":"tag-masters-500","23":"tag-masters-series","24":"tag-news","25":"tag-open-daustralie","26":"tag-resultats","27":"tag-roland-garros","28":"tag-tennis","29":"tag-us-open","30":"tag-wimbledon","31":"tag-wta"},"share_on_mastodon":{"url":"https:\/\/pubeurope.com\/@fr\/114435124287472484","error":""},"_links":{"self":[{"href":"https:\/\/www.europesays.com\/fr\/wp-json\/wp\/v2\/posts\/67980","targetHints":{"allow":["GET"]}}],"collection":[{"href":"https:\/\/www.europesays.com\/fr\/wp-json\/wp\/v2\/posts"}],"about":[{"href":"https:\/\/www.europesays.com\/fr\/wp-json\/wp\/v2\/types\/post"}],"author":[{"embeddable":true,"href":"https:\/\/www.europesays.com\/fr\/wp-json\/wp\/v2\/users\/2"}],"replies":[{"embeddable":true,"href":"https:\/\/www.europesays.com\/fr\/wp-json\/wp\/v2\/comments?post=67980"}],"version-history":[{"count":0,"href":"https:\/\/www.europesays.com\/fr\/wp-json\/wp\/v2\/posts\/67980\/revisions"}],"wp:featuredmedia":[{"embeddable":true,"href":"https:\/\/www.europesays.com\/fr\/wp-json\/wp\/v2\/media\/67981"}],"wp:attachment":[{"href":"https:\/\/www.europesays.com\/fr\/wp-json\/wp\/v2\/media?parent=67980"}],"wp:term":[{"taxonomy":"category","embeddable":true,"href":"https:\/\/www.europesays.com\/fr\/wp-json\/wp\/v2\/categories?post=67980"},{"taxonomy":"post_tag","embeddable":true,"href":"https:\/\/www.europesays.com\/fr\/wp-json\/wp\/v2\/tags?post=67980"}],"curies":[{"name":"wp","href":"https:\/\/api.w.org\/{rel}","templated":true}]}}