{"id":679821,"date":"2026-01-21T20:30:23","date_gmt":"2026-01-21T20:30:23","guid":{"rendered":"https:\/\/www.europesays.com\/fr\/679821\/"},"modified":"2026-01-21T20:30:23","modified_gmt":"2026-01-21T20:30:23","slug":"lassassinat-dun-ado-de-14-ans-a-la-seyne-sur-mer-rejuge-par-la-cour-dassises-speciale","status":"publish","type":"post","link":"https:\/\/www.europesays.com\/fr\/679821\/","title":{"rendered":"l&rsquo;assassinat d&rsquo;un ado de 14 ans \u00e0 La Seyne-sur-Mer rejug\u00e9 par la cour d&rsquo;assises sp\u00e9ciale"},"content":{"rendered":"<p>Dany avait 14 ans, William Gomis en avait 19. Leurs casiers \u00e9taient vierges et tous deux ont \u00e9t\u00e9 tu\u00e9s, <a href=\"https:\/\/www.laprovence.com\/article\/faits-divers-justice\/6873423418759415\/assises-des-bouches-du-rhone-la-frenesie-meurtriere-du-reseau-avait-tue-un-ado-de-14-ans\" target=\"_blank\" rel=\"noopener\">fauch\u00e9s par des balles de kalachnikov et de 9mm<\/a>, le 10 septembre 2018 peu apr\u00e8s minuit, dans une cit\u00e9 de La Seyne-sur-Mer. Un double assassinat sur fond de trafic de stup\u00e9fiants selon l&rsquo;accusation, et pour lequel, depuis ce lundi, trois hommes comparaissent devant la cour d&rsquo;assises d&rsquo;appel sp\u00e9ciale des Bouches-du-Rh\u00f4ne. Condamn\u00e9s \u00e0 des peines de vingt \u00e0 trente ans de r\u00e9clusion criminelle le 1er novembre 2023, Nelson Gomis, 28 ans, son fr\u00e8re Dimitri Gomis, 31 ans, et Daniel Mendy, 33 ans, contestent les faits.<\/p>\n<p>D&rsquo;apr\u00e8s la proc\u00e9dure, les trois hommes ont foment\u00e9 et particip\u00e9 \u00e0 l&rsquo;exp\u00e9dition punitive qui avait pris la forme d&rsquo;un commando d\u00e9boulant dans la cit\u00e9 Berthe, armes \u00e0 la main. D&rsquo;apr\u00e8s les t\u00e9moignages, deux hommes munis d&rsquo;un fusil d&rsquo;assaut et d&rsquo;une arme automatique avaient surgi au pied des b\u00e2timents Abricotier. Deux salves de tirs avaient alors r\u00e9sonn\u00e9 dans cette nuit de fin d&rsquo;\u00e9t\u00e9. Assis sur un fauteuil devant l&rsquo;appartement qu&rsquo;il occupait avec ses parents, le jeune Dany avait re\u00e7u une balle de kalachnikov en bas du dos, \u00ab\u00a0le rendant imm\u00e9diatement parapl\u00e9gique\u00a0\u00bb, souligne la pr\u00e9sid&#8230;<\/p>\n","protected":false},"excerpt":{"rendered":"Dany avait 14 ans, William Gomis en avait 19. Leurs casiers \u00e9taient vierges et tous deux ont \u00e9t\u00e9&hellip;\n","protected":false},"author":2,"featured_media":679822,"comment_status":"","ping_status":"","sticky":false,"template":"","format":"standard","meta":{"footnotes":""},"categories":[9619],"tags":[5734,1111,11,7366,1764,77770,2837,1777,674,274,1011,27,55862,8721,12,882,25,2310,9418],"class_list":{"0":"post-679821","1":"post","2":"type-post","3":"status-publish","4":"format-standard","5":"has-post-thumbnail","7":"category-toulon","8":"tag-5734","9":"tag-actu","10":"tag-actualites","11":"tag-ado","12":"tag-ans","13":"tag-collaterale","14":"tag-dun","15":"tag-eu","16":"tag-europe","17":"tag-faits-divers-justice","18":"tag-fr","19":"tag-france","20":"tag-lassassinat","21":"tag-narcotrafic","22":"tag-news","23":"tag-provence-alpes-cote-dazur","24":"tag-republique-francaise","25":"tag-toulon","26":"tag-victime"},"share_on_mastodon":{"url":"https:\/\/pubeurope.com\/@fr\/115934987787075436","error":""},"_links":{"self":[{"href":"https:\/\/www.europesays.com\/fr\/wp-json\/wp\/v2\/posts\/679821","targetHints":{"allow":["GET"]}}],"collection":[{"href":"https:\/\/www.europesays.com\/fr\/wp-json\/wp\/v2\/posts"}],"about":[{"href":"https:\/\/www.europesays.com\/fr\/wp-json\/wp\/v2\/types\/post"}],"author":[{"embeddable":true,"href":"https:\/\/www.europesays.com\/fr\/wp-json\/wp\/v2\/users\/2"}],"replies":[{"embeddable":true,"href":"https:\/\/www.europesays.com\/fr\/wp-json\/wp\/v2\/comments?post=679821"}],"version-history":[{"count":0,"href":"https:\/\/www.europesays.com\/fr\/wp-json\/wp\/v2\/posts\/679821\/revisions"}],"wp:featuredmedia":[{"embeddable":true,"href":"https:\/\/www.europesays.com\/fr\/wp-json\/wp\/v2\/media\/679822"}],"wp:attachment":[{"href":"https:\/\/www.europesays.com\/fr\/wp-json\/wp\/v2\/media?parent=679821"}],"wp:term":[{"taxonomy":"category","embeddable":true,"href":"https:\/\/www.europesays.com\/fr\/wp-json\/wp\/v2\/categories?post=679821"},{"taxonomy":"post_tag","embeddable":true,"href":"https:\/\/www.europesays.com\/fr\/wp-json\/wp\/v2\/tags?post=679821"}],"curies":[{"name":"wp","href":"https:\/\/api.w.org\/{rel}","templated":true}]}}