{"id":67984,"date":"2025-05-01T23:18:33","date_gmt":"2025-05-01T23:18:33","guid":{"rendered":"https:\/\/www.europesays.com\/fr\/67984\/"},"modified":"2025-05-01T23:18:33","modified_gmt":"2025-05-01T23:18:33","slug":"la-ferme-des-fruitiers","status":"publish","type":"post","link":"https:\/\/www.europesays.com\/fr\/67984\/","title":{"rendered":"LA FERME DES FRUITIERS"},"content":{"rendered":"<p>La fraise, ce fruit embl\u00e9matique de la Ferme des Fruitiers depuis plus de 30 ans,\u00a0arrive\u00a0! \u00c0 l\u2019origine cultiv\u00e9es pour leurs vertus m\u00e9dicinales, les fraises le sont ensuite pour satisfaire notre gourmandise\u2026 La Ferme des Fruitiers en prend soin au c\u0153ur de leurs serres situ\u00e9es \u00e0 Coyviller et La\u00eetre-sous-Amance. Les fraises, \u00e0 savourer nature ou pr\u00e9par\u00e9es en glace, coulis, tarte ou confiture, vous attendent en magasin d\u00e8s le mois de mai et jusqu\u2019\u00e0 la mi-juillet.<\/p>\n<p>Pour partager un moment convivial en famille, l&rsquo;auto-cueillette vous est \u00e9galement propos\u00e9, un contact au pr\u00e9alable par t\u00e9l\u00e9phone est n\u00e9cessaire.<\/p>\n<p>Petits conseils de votre producteur\u00a0: tr\u00e8s fragiles, ces douceurs, charg\u00e9es de Vitamine C et B9, sont \u00e0 consommer rapidement. Rincez-les simplement sous un filet d\u2019eau avant de les savourer\u00a0! N\u2019\u00f4ter la queue et la collerette qu\u2019apr\u00e8s les avoir lav\u00e9es, ainsi, l\u2019eau ne p\u00e9n\u00e9trera pas dans le fruit.<\/p>\n","protected":false},"excerpt":{"rendered":"La fraise, ce fruit embl\u00e9matique de la Ferme des Fruitiers depuis plus de 30 ans,\u00a0arrive\u00a0! \u00c0 l\u2019origine cultiv\u00e9es&hellip;\n","protected":false},"author":2,"featured_media":67985,"comment_status":"","ping_status":"","sticky":false,"template":"","format":"standard","meta":{"footnotes":""},"categories":[9635],"tags":[1111,11,7884,1777,674,1011,27,329,775,1702,12,25],"class_list":{"0":"post-67984","1":"post","2":"type-post","3":"status-publish","4":"format-standard","5":"has-post-thumbnail","7":"category-nancy","8":"tag-actu","9":"tag-actualites","10":"tag-articles-partenaires","11":"tag-eu","12":"tag-europe","13":"tag-fr","14":"tag-france","15":"tag-france-monde","16":"tag-grand-est","17":"tag-nancy","18":"tag-news","19":"tag-republique-francaise"},"share_on_mastodon":{"url":"https:\/\/pubeurope.com\/@fr\/114435136302024459","error":""},"_links":{"self":[{"href":"https:\/\/www.europesays.com\/fr\/wp-json\/wp\/v2\/posts\/67984","targetHints":{"allow":["GET"]}}],"collection":[{"href":"https:\/\/www.europesays.com\/fr\/wp-json\/wp\/v2\/posts"}],"about":[{"href":"https:\/\/www.europesays.com\/fr\/wp-json\/wp\/v2\/types\/post"}],"author":[{"embeddable":true,"href":"https:\/\/www.europesays.com\/fr\/wp-json\/wp\/v2\/users\/2"}],"replies":[{"embeddable":true,"href":"https:\/\/www.europesays.com\/fr\/wp-json\/wp\/v2\/comments?post=67984"}],"version-history":[{"count":0,"href":"https:\/\/www.europesays.com\/fr\/wp-json\/wp\/v2\/posts\/67984\/revisions"}],"wp:featuredmedia":[{"embeddable":true,"href":"https:\/\/www.europesays.com\/fr\/wp-json\/wp\/v2\/media\/67985"}],"wp:attachment":[{"href":"https:\/\/www.europesays.com\/fr\/wp-json\/wp\/v2\/media?parent=67984"}],"wp:term":[{"taxonomy":"category","embeddable":true,"href":"https:\/\/www.europesays.com\/fr\/wp-json\/wp\/v2\/categories?post=67984"},{"taxonomy":"post_tag","embeddable":true,"href":"https:\/\/www.europesays.com\/fr\/wp-json\/wp\/v2\/tags?post=67984"}],"curies":[{"name":"wp","href":"https:\/\/api.w.org\/{rel}","templated":true}]}}