{"id":679939,"date":"2026-01-21T21:44:12","date_gmt":"2026-01-21T21:44:12","guid":{"rendered":"https:\/\/www.europesays.com\/fr\/679939\/"},"modified":"2026-01-21T21:44:12","modified_gmt":"2026-01-21T21:44:12","slug":"lorchestre-national-de-montpellier-demain-soir-au-theatre-des-trois-ponts","status":"publish","type":"post","link":"https:\/\/www.europesays.com\/fr\/679939\/","title":{"rendered":"L\u2019Orchestre national de Montpellier, demain soir au th\u00e9\u00e2tre des Trois ponts"},"content":{"rendered":"<p>Un beau moment de musique attend les spectateurs du th\u00e9\u00e2tre des Trois ponts demain soir\u2026 L\u2019Orchestre national de Montpellier fait l\u2019honneur de jouer un concert dans l\u2019enceinte de ce haut lieu de la culture chaurienne. Ce concert traverse le tournant des XVIII\u1d49 et XIX\u1d49 si\u00e8cles \u00e0 travers des \u0153uvres pleines de contrastes. Il s\u2019ouvre avec Sophie Gail, rare compositrice de son temps, et l\u2019ouverture vive et th\u00e9\u00e2trale des Deux Jaloux. \u00c9tienne-Nicolas M\u00e9hul poursuit avec Stratonice, op\u00e9ra-comique \u00e0 succ\u00e8s m\u00ealant gravit\u00e9 et lyrisme. Beethoven installe ensuite une atmosph\u00e8re suspendue gr\u00e2ce \u00e0 la Romance pour violon et orchestre n\u00b0 2, avant de lib\u00e9rer toute son \u00e9nergie dans l\u2019ouverture des Cr\u00e9atures de Prom\u00e9th\u00e9e. En cl\u00f4ture, Mozart apporte fra\u00eecheur et l\u00e9g\u00e8ret\u00e9 avec la p\u00e9tillante Symphonie n\u00b0 29, \u00e9clatante de jeunesse et de clart\u00e9.<\/p>\n<p>Pour assister \u00e0 cette repr\u00e9sentation, rendez-vous demain soir \u00e0 20 h 30 au th\u00e9\u00e2tre des Trois ponts, 36-38 rue du G\u00e9n\u00e9ral Dejean \u00e0 Castelnaudary.<\/p>\n<p>Billetterie : <a href=\"https:\/\/ville-castelnaudary.notre-billetterie.fr\/\" target=\"_blank\" rel=\"nofollow noopener\">ville-castelnaudary.notre-billetterie.fr\/<\/a>.<\/p>\n","protected":false},"excerpt":{"rendered":"Un beau moment de musique attend les spectateurs du th\u00e9\u00e2tre des Trois ponts demain soir\u2026 L\u2019Orchestre national de&hellip;\n","protected":false},"author":2,"featured_media":679940,"comment_status":"","ping_status":"","sticky":false,"template":"","format":"standard","meta":{"footnotes":""},"categories":[9599],"tags":[1111,11,4086,45469,872,1777,674,1011,27,2208,12,2680,25,853],"class_list":{"0":"post-679939","1":"post","2":"type-post","3":"status-publish","4":"format-standard","5":"has-post-thumbnail","7":"category-montpellier","8":"tag-actu","9":"tag-actualites","10":"tag-aude","11":"tag-castelnaudary","12":"tag-culture-et-loisirs","13":"tag-eu","14":"tag-europe","15":"tag-fr","16":"tag-france","17":"tag-montpellier","18":"tag-news","19":"tag-occitanie","20":"tag-republique-francaise","21":"tag-spectacles"},"share_on_mastodon":{"url":"https:\/\/pubeurope.com\/@fr\/115935278685642683","error":""},"_links":{"self":[{"href":"https:\/\/www.europesays.com\/fr\/wp-json\/wp\/v2\/posts\/679939","targetHints":{"allow":["GET"]}}],"collection":[{"href":"https:\/\/www.europesays.com\/fr\/wp-json\/wp\/v2\/posts"}],"about":[{"href":"https:\/\/www.europesays.com\/fr\/wp-json\/wp\/v2\/types\/post"}],"author":[{"embeddable":true,"href":"https:\/\/www.europesays.com\/fr\/wp-json\/wp\/v2\/users\/2"}],"replies":[{"embeddable":true,"href":"https:\/\/www.europesays.com\/fr\/wp-json\/wp\/v2\/comments?post=679939"}],"version-history":[{"count":0,"href":"https:\/\/www.europesays.com\/fr\/wp-json\/wp\/v2\/posts\/679939\/revisions"}],"wp:featuredmedia":[{"embeddable":true,"href":"https:\/\/www.europesays.com\/fr\/wp-json\/wp\/v2\/media\/679940"}],"wp:attachment":[{"href":"https:\/\/www.europesays.com\/fr\/wp-json\/wp\/v2\/media?parent=679939"}],"wp:term":[{"taxonomy":"category","embeddable":true,"href":"https:\/\/www.europesays.com\/fr\/wp-json\/wp\/v2\/categories?post=679939"},{"taxonomy":"post_tag","embeddable":true,"href":"https:\/\/www.europesays.com\/fr\/wp-json\/wp\/v2\/tags?post=679939"}],"curies":[{"name":"wp","href":"https:\/\/api.w.org\/{rel}","templated":true}]}}