{"id":68001,"date":"2025-05-01T23:30:49","date_gmt":"2025-05-01T23:30:49","guid":{"rendered":"https:\/\/www.europesays.com\/fr\/68001\/"},"modified":"2025-05-01T23:30:49","modified_gmt":"2025-05-01T23:30:49","slug":"14-lieux-en-plein-air-pour-trinquer-a-la-fraiche-a-strasbourg-et-alentours","status":"publish","type":"post","link":"https:\/\/www.europesays.com\/fr\/68001\/","title":{"rendered":"14 lieux en plein air pour trinquer \u00e0 la fra\u00eeche \u00e0 Strasbourg et alentours"},"content":{"rendered":"<p><b>Le soleil joue \u00e0 cache-cache, mais aux premiers rayons, une obsession\u00a0: celle de se poser en terrasse. Et Strasbourg n\u2019en manque pas entre ses p\u00e9niches et ses jolies places\u2026 Pour varier les plaisirs du chill, pourquoi ne pas s\u2019\u00e9loigner un peu du centre-ville\u00a0? Car le retour des beaux jours signe aussi celui des plages \u00e9ph\u00e9m\u00e8res, des tiers-lieux en plein-air, des rooftops vue Cath\u00e9drale et autres coins d\u00e9paysants. Enfourche ta b\u00e9cane, on part faire un tour des bons plans\u00a0!<\/b><\/p>\n<p>La Manufacture des Tabacs\u00a0: KOOMA, The People, Karmen Camina et des rooftops au top<\/p>\n<p>Et on commence ce parcours du chill, non loin du centre-ville\u00a0: <b>\u00e0 la Manufacture des Tabacs<\/b> <b>(class\u00e9e Monument historique)<\/b>. Plus pr\u00e9cis\u00e9ment <b>\u00e0 The People, Kooma et Karmen Camina<\/b>. Si elles n\u2019ont rien d\u2019\u00e9ph\u00e9m\u00e8res, leurs terrasses m\u00e9ritent le d\u00e9tour. Toutes trois \u00e0 l\u2019abri de la circulation et de son raffut, elles offrent une coupure qui n\u2019est pas de refus.<\/p>\n<p>Petit bonus pour <b>les rooftops de Kooma et Karmen Camina<\/b> avec vue de haut sur la Krutenau, avec <b>la<\/b> <b>Cath\u00e9drale au loin<\/b> qui rend bien,<\/p>\n<p>Et c\u2019est sans compter<b> les \u00ab\u00a0F\u00eates de Village\u00a0\u00bb dominicales du Kooma <\/b>qui ont repris \u00e0 la belle saison. Au menu\u00a0? Des activit\u00e9s, des sp\u00e9cialit\u00e9s culinaires ramen\u00e9es directement des producteurs et productrices de la r\u00e9gion, et une bonne ambiance conviviale.<\/p>\n<p>Surveille aussi l\u2019actu des trois lieux\u00a0: ils ont chacun, \u00e0 l\u2019ann\u00e9e, de quoi te faire danser, rire ou divertir, entre <b>spectacles (impro, <\/b><b>dragshows<\/b><b>), concerts et DJ sets<\/b>.<\/p>\n<p align=\"CENTER\"><b>\u00c0 la Manufacture des Tabacs<br \/><\/b>7 rue de la Krutenau, cour des Cigari\u00e8res\u00a0:<\/p>\n<p align=\"CENTER\"><b>The People<br \/><\/b><a href=\"https:\/\/www.instagram.com\/thepeoplestrasbourg\/\" target=\"_blank\" rel=\"noopener nofollow\">+ d\u2019infos<\/a><\/p>\n<p align=\"CENTER\"><b>Kooma<br \/><\/b>La brasserie et sa terrasse\u00a0: du mardi au samedi de 10h \u00e0 minuit<br \/>Le rooftop\u00a0: du mardi au samedi de 16h \u00e0 minuit<br \/><a href=\"https:\/\/kooma-strasbourg.fr\/mangerboire\/\" target=\"_blank\" rel=\"noopener nofollow\">+ d\u2019infos<\/a><\/p>\n<p align=\"CENTER\"><b>Karmen Camina<br \/><\/b>Du mardi au jeudi de 8h \u00e0 1h30, vendredi de 8h \u00e0 21h puis r\u00e9ouverture d\u00e8s 21h30 et samedi de 9h \u00e0 22h puis r\u00e9ouverture d\u00e8s 22h30 (et fermetures variables selon programmation)<b><br \/><\/b><a href=\"http:\/\/karmen-camina.eu\/\" target=\"_blank\" rel=\"noopener nofollow\">+ d\u2019infos<\/a><\/p>\n<p>                <img width=\"750\" height=\"500\" src=\"https:\/\/www.europesays.com\/fr\/wp-content\/uploads\/2025\/05\/10-pokaa-126-750x500.jpg\" class=\"attachment-gallery size-gallery\" alt=\"10 ans Pokaa \u00e9v\u00e9nement anniversaire\" data-full-url=\"https:\/\/pokaa.fr\/wp-content\/uploads\/2024\/09\/30\/10-pokaa-126.jpg\" decoding=\"async\" loading=\"lazy\"  \/>            <\/p>\n<p>                <img width=\"901\" height=\"500\" src=\"https:\/\/www.europesays.com\/fr\/wp-content\/uploads\/2025\/05\/pokaa10ans-14-901x500.png\" class=\"attachment-gallery size-gallery\" alt=\"10 ans Pokaa \u00e9v\u00e9nement anniversaire\" data-full-url=\"https:\/\/pokaa.fr\/wp-content\/uploads\/2024\/09\/30\/pokaa10ans-14.png\" decoding=\"async\" loading=\"lazy\"  \/>            <\/p>\n<p>                <img width=\"750\" height=\"500\" src=\"https:\/\/www.europesays.com\/fr\/wp-content\/uploads\/2025\/05\/10-pokaa-225-750x500.jpg\" class=\"attachment-gallery size-gallery\" alt=\"10 ans Pokaa \u00e9v\u00e9nement anniversaire\" data-full-url=\"https:\/\/pokaa.fr\/wp-content\/uploads\/2024\/09\/30\/10-pokaa-225.jpg\" decoding=\"async\" loading=\"lazy\"  \/>            <\/p>\n<p>                    Terrasses\/rooftops de Kooma et Karmen Camina aux 10 ans de Pokaa (Manufacture des Tabacs) : 1. et 2. \u00a9 Manon Jensen \/ Pokaa, 3. \u00a9 David Lev\u00eaque \/ Pokaa<\/p>\n<p>La Grenze\u00a0: la \u00ab\u00a0graaande terrasse culturelle\u00a0\u00bb<\/p>\n<p>Autre incontournable\u00a0:<b> La Grenze, ancienne friche ferroviaire nich\u00e9e derri\u00e8re la gare, ouverte en 2019<\/b>. Longtemps \u00e9ph\u00e9m\u00e8re, son ouverture ne l\u2019est plus depuis l\u2019an dernier\u00a0: gr\u00e2ce \u00e0 de r\u00e9cents am\u00e9nagements (dont ceux de sa salle de concert), <b>ce lieu alternatif jouit d\u00e9sormais d\u2019une belle programmation \u00e0 l\u2019ann\u00e9e<\/b>.<\/p>\n<p>\u00c0 l\u2019affiche\u00a0? <b>Des concerts, des DJ sets, des spectacles <\/b>(cabaret, impro, jeune public\u2026), mais aussi <b>des march\u00e9s cr\u00e9atifs et friperies, ateliers participatifs, du sport<\/b> et autres rendez-vous qui rentreraient dans le \u00ab\u00a0volet <b>\u00e9cologique, d\u00e9mocratique et socia<\/b><strong>l<\/strong><strong>\u00a0<\/strong><strong>\u00bb<\/strong> de son agenda.<\/p>\n<p>Toutefois, si <b>sa <\/b><b>\u00ab\u00a0graaande terrasse culturelle\u00a0\u00bb<\/b><b> est sortie de son hibernation officiellement d\u00e9but avril<\/b>, elle ouvre et ferme encore <b>au rythme de la m\u00e9t\u00e9o<\/b>\u00a0: au compte-goutte, \u00e0 profiter des premiers rayons. Si la m\u00e9t\u00e9o est cl\u00e9mente, tu pourras t\u2019y poser et profiter de sa carte de boissons locales dont des bi\u00e8res \u00e0 la pression et de la petite restauration.<\/p>\n<p>Cette ann\u00e9e, <b>la cantine s\u2019inspirera des saveurs des Philippines et de la<\/b><b> street-food<\/b><b> mexicaine, avec Ka-y\u00e9 Kubo<\/b> et son duo de cuistots (Hector et Lorna). Pour compl\u00e9ter la carte, La Grenze pr\u00e9voit<b> des soir\u00e9es th\u00e9matiques et gourmandes\u00a0<\/b><b>:<\/b> <b>barbecue<\/b>, <b>aligot<\/b>, et <b>tartes flamb\u00e9es<\/b> (les mercredis 30 avril, 14 et 28 mai, 11 et 25 juin, 9 et 23 juillet).<\/p>\n<p>De quoi nous mettre l\u2019ap\u00e9ro \u00e0 la bouche\u00a0!<\/p>\n<p align=\"CENTER\"><strong>La Grenze<br \/><\/strong>Ouverte depuis avril et jusqu\u2019en d\u00e9cembre (fermeture annuelle du 27 juillet au 17 ao\u00fbt )<br \/>Printemps \/ \u00e9t\u00e9\u00a0: du mercredi au samedi de 17h \u00e0 00h30, le dimanche de 15h \u00e0 21h<br \/>23 rue Georges-Wodli, \u00e0 Strasbourg<br \/><a href=\"https:\/\/www.lagrenze.eu\/\" target=\"_blank\" rel=\"noopener nofollow\">+ d\u2019infos<\/a><\/p>\n<p>                <img width=\"750\" height=\"500\" src=\"https:\/\/www.europesays.com\/fr\/wp-content\/uploads\/2025\/05\/lagrenze1-francoisfreundlich-750x500.jpg\" class=\"attachment-gallery size-gallery\" alt=\"La Grenze\" data-full-url=\"https:\/\/pokaa.fr\/wp-content\/uploads\/2025\/04\/23\/lagrenze1-francoisfreundlich.jpg\" decoding=\"async\" loading=\"lazy\"  \/>            <\/p>\n<p>                <img width=\"667\" height=\"500\" src=\"https:\/\/www.europesays.com\/fr\/wp-content\/uploads\/2025\/05\/la-grenze14-francoisfreundlich-667x500.jpg\" class=\"attachment-gallery size-gallery\" alt=\"La Grenze\" data-full-url=\"https:\/\/pokaa.fr\/wp-content\/uploads\/2025\/04\/23\/la-grenze14-francoisfreundlich.jpg\" decoding=\"async\" loading=\"lazy\"  \/>            <\/p>\n<p>                <img width=\"920\" height=\"500\" src=\"https:\/\/www.europesays.com\/fr\/wp-content\/uploads\/2025\/05\/la-grenze16-francoisfreundlich-920x500.jpg\" class=\"attachment-gallery size-gallery\" alt=\"La Grenze\" data-full-url=\"https:\/\/pokaa.fr\/wp-content\/uploads\/2025\/04\/23\/la-grenze16-francoisfreundlich.jpg\" decoding=\"async\" loading=\"lazy\"  \/>            <\/p>\n<p>                    La Grenze \u00a9 Fran\u00e7ois Freundlich \/ Documents remis<\/p>\n<p>Le Wagon Souk : interculturel, festif mais menac\u00e9<\/p>\n<p>Voisin de La Grenze, toujours <b>pr\u00e8s de la gare<\/b> mais cette fois <b>dans la rue des Remparts\u00a0: direction le Wagon Souk<\/b>. \u00ab\u00a0Lieu autog\u00e9r\u00e9, interculturel, artistique et solidaire\u00a0\u00bb, sa programmation est \u00e0 son image\u00a0: \u00e9clectique et engag\u00e9e. <b>Concerts, DJ sets, expositions d\u2019artistes du coin, atel<\/b><strong><b>iers, soir\u00e9es jeux, conventions de tatouages<\/b><\/strong>\u2026 Il y en a pour tous les go\u00fbts, tous les \u00e2ges, selon les jours ou les heures.<\/p>\n<p>Ouvert toute l\u2019ann\u00e9e, le Wagon Souk est un lieu chaleureux avec une <strong>friperie solidaire<\/strong>, une<strong> cantine associative de cuisine africaine<\/strong>, un <strong>dispensaire de plantes<\/strong> (\u00e0 prix libre), un <strong>CycloSouk <\/strong>(pour acheter ou r\u00e9parer son v\u00e9lo), ainsi qu\u2019un <strong>magasin gratuit<\/strong> et une grande salle int\u00e9rieure pour les \u00e9v\u00e9nements\u2026 Mais les habitu\u00e9(e)s le savent\u00a0: le Wagon Souk, c\u2019est aussi <strong>une belle terrasse<\/strong> au charme d\u2019ailleurs, avec un <strong>mobilier color\u00e9 et de r\u00e9cup\u2019, des parasols, des palmiers, un hamac et un babyfoot<\/strong>.<\/p>\n<p>Actuellement dans la tourmente, avec la menace d\u2019une fermeture administrative, le Wagon Souk a lanc\u00e9 <a href=\"https:\/\/www.change.org\/p\/fermeture-du-wagon-souk-le-risque-en-cas-d-inaction-de-la-mairie-de-strasbourg\" target=\"_blank\" rel=\"noopener nofollow\"><b>une p\u00e9tition afin de maintenir son activit\u00e9<\/b><\/a>.<\/p>\n<p align=\"CENTER\"><b>Le Wagon Souk<br \/><\/b>Ouvert \u00e0 l\u2019ann\u00e9e<b><br \/><\/b>Du mercredi au dimanche de 11h \u00e0 minuit (\u00ab\u00a0ou plus tard selon les \u00e9v\u00e9nements programm\u00e9s\u00a0\u00bb)<br \/>Rue des Remparts, \u00e0 Strasbourg<br \/><a href=\"https:\/\/www.facebook.com\/LeWagonSouk\" target=\"_blank\" rel=\"noopener nofollow\">+ d\u2019infos<\/a><\/p>\n<p>                <img width=\"889\" height=\"500\" src=\"https:\/\/www.europesays.com\/fr\/wp-content\/uploads\/2025\/05\/whatsapp-image-2024-03-05-at-204825-1-889x500.jpeg\" class=\"attachment-gallery size-gallery\" alt=\"Wagon Souk\" data-full-url=\"https:\/\/pokaa.fr\/wp-content\/uploads\/2024\/03\/05\/whatsapp-image-2024-03-05-at-204825-1-1500x843.jpeg\" decoding=\"async\" loading=\"lazy\"  \/>            <\/p>\n<p>                <img width=\"889\" height=\"500\" src=\"https:\/\/www.europesays.com\/fr\/wp-content\/uploads\/2025\/05\/whatsapp-image-2024-03-05-at-204836-889x500.jpeg\" class=\"attachment-gallery size-gallery\" alt=\"Wagon Souk\" data-full-url=\"https:\/\/pokaa.fr\/wp-content\/uploads\/2024\/03\/05\/whatsapp-image-2024-03-05-at-204836-1500x843.jpeg\" decoding=\"async\" loading=\"lazy\"  \/>            <\/p>\n<p>                <img width=\"889\" height=\"500\" src=\"https:\/\/www.europesays.com\/fr\/wp-content\/uploads\/2025\/05\/whatsapp-image-2024-03-05-at-204913-2-889x500.jpeg\" class=\"attachment-gallery size-gallery\" alt=\"Wagon Souk\" data-full-url=\"https:\/\/pokaa.fr\/wp-content\/uploads\/2024\/03\/05\/whatsapp-image-2024-03-05-at-204913-2-1500x843.jpeg\" decoding=\"async\" loading=\"lazy\"  \/>            <\/p>\n<p>                <img width=\"844\" height=\"500\" src=\"https:\/\/www.europesays.com\/fr\/wp-content\/uploads\/2025\/04\/wagonsouk-92-844x500.png\" class=\"attachment-gallery size-gallery\" alt=\"Wagon Souk\" data-full-url=\"https:\/\/pokaa.fr\/wp-content\/uploads\/2025\/01\/31\/wagonsouk-92.png\" decoding=\"async\" loading=\"lazy\"  \/>            <\/p>\n<p>                    1. \u00e0 3. \u00a9 Caroline Alonso Alvarez \/ Pokaa ; 4. \u00a9 Manon Jensen \/ Pokaa<\/p>\n<p>Le Phare Citadelle : \u00e0 bon port<\/p>\n<p>Si Strasbourg n\u2019a pas de mer, elle a <b>depuis 2021 son port\u00a0: le Phare Citadelle<\/b>. Nich\u00e9 sur la presqu\u2019\u00eele dont il tire le nom, au milieu des bateaux et des grues, depuis ses halles de b\u00e9ton brut et sa terrasse aux allures de port industriel,<b> <\/b><b>il est vite devenu <\/b><b>\u00ab\u00a0le tiers-lieu qui illumine le quartier Citadelle\u00a0\u00bb<\/b>.<\/p>\n<p>Profitant des beaux jours d\u2019avril, il a timidement rouvert ses grandes portes m\u00e9talliques sur sa terrasse rapidement prise d\u2019assaut. Le Phare a commenc\u00e9 \u00e0 faire chauffer les premi\u00e8res tartes flamb\u00e9es\u2026 Avant le retour de sa <b>cantine<\/b> du midi (aux produits <b>bios et\/ou locaux, de sais<\/b><strong>on)<\/strong><strong> \u00e0 la<\/strong> fin du mois et surtout <b>sa programmation \u00e9clectique, aux petits oignons<\/b>.<\/p>\n<p>Celle-ci affiche d\u00e9j\u00e0<b> ses vides-greniers r\u00e9guliers <\/b>(les \u00ab\u00a0Chine Citadelle\u00a0\u00bb et autres \u00ab\u00a0Bourses aux disques\u00a0\u00bb), <b>des friperies \u00e9ph\u00e9m\u00e8res, des concerts, du yoga solidaire, et m\u00eame un festival de jeux<\/b> (Des Bretzels et des Jeux qui fait son retour).<\/p>\n<p>Avec l\u2019ouverture d\u2019espaces de travail (individuels comme collectifs) en 2023, le Phare souhaite en parall\u00e8le devenir \u00ab\u00a0un lie<b>u de recherche ouvert prot\u00e9iforme<\/b> aussi bien plastique, p\u00e9dagogique que th\u00e9orique et politique\u00a0\u00bb.<\/p>\n<p>Un lieu qui m\u00e9rite qu\u2019on y jette un \u0153il, ou pour les plus conquis(e)s\u00a0: l\u2019ancre.<\/p>\n<p align=\"CENTER\"><b>Le Phare Citadelle<br \/><\/b>Mercredi et jeudi de 17h \u00e0 00h, vendredi 16h \u00e0 1h, samedi 10h \u00e0 1h, dimanche 8h \u00e0 22h<br \/>(Cantine de 12h \u00e0 14h, 17h \u00e0 23h)<br \/>13 rue de Nantes, \u00e0 Strasbourg<br \/><a href=\"https:\/\/phare-citadelle.eu\/\" target=\"_blank\" rel=\"noopener nofollow\">+ d\u2019infos<\/a><\/p>\n<p>                <img width=\"381\" height=\"500\" src=\"https:\/\/www.europesays.com\/fr\/wp-content\/uploads\/2025\/04\/img-9755-381x500.jpg\" class=\"attachment-gallery size-gallery\" alt=\"phare citadelle\" data-full-url=\"https:\/\/pokaa.fr\/wp-content\/uploads\/2025\/02\/11\/img-9755.jpg\" decoding=\"async\" loading=\"lazy\"  \/>            <\/p>\n<p>                <img width=\"375\" height=\"500\" src=\"https:\/\/www.europesays.com\/fr\/wp-content\/uploads\/2025\/05\/img-9342-375x500.jpeg\" class=\"attachment-gallery size-gallery\" alt=\"Phare citadelle\" data-full-url=\"https:\/\/pokaa.fr\/wp-content\/uploads\/2024\/09\/22\/img-9342.jpeg\" decoding=\"async\" loading=\"lazy\"  \/>            <\/p>\n<p>                <img width=\"691\" height=\"500\" src=\"https:\/\/www.europesays.com\/fr\/wp-content\/uploads\/2025\/05\/img-9754-691x500.jpg\" class=\"attachment-gallery size-gallery\" alt=\"phare citadelle\" data-full-url=\"https:\/\/pokaa.fr\/wp-content\/uploads\/2025\/02\/11\/img-9754.jpg\" decoding=\"async\" loading=\"lazy\"  \/>            <\/p>\n<p>                    Le Phare Citadelle \u00a9 Coraline Lafon \/ Pokaa<\/p>\n<p>L&rsquo;Or\u00e9e 85 : \u00ab\u00a0sous l&rsquo;oc\u00e9aaaan\u00a0\u00bb<\/p>\n<p>Maintenant qu\u2019on s\u2019est jet\u00e9(e) \u00e0 l'(ap\u00e9r)eau, on change de quartier mais on garde le cap\u00a0: direction l\u2019Elsau. On y trouve, le long de la piste cyclable et d\u2019un canal, une charmante maison \u00e9clusi\u00e8re \u00e0 l\u2019allure pas banale\u00a0:<b> L\u2019Or\u00e9e 85<\/b>. En p\u00e9riph\u00e9rie de la ville, s\u2019y cache depuis le printemps 2022 un <b>\u00ab\u00a0lieu de vie solidaire et \u00e9corespon<\/b><b>sable\u00a0\u00bb<\/b>, cr\u00e9\u00e9 par un trio d\u2019ami(e)s.<\/p>\n<p>Outre son <b>resto-caf\u00e9-bar <\/b>(avec des offres v\u00e9g\u00e9), L\u2019Or\u00e9e 85 propose une programmation d\u2019\u00e9v\u00e9nements originaux, d\u00e9cal\u00e9s et engag\u00e9s\u2026 Soir\u00e9es \u00ab\u00a0Karaor\u00e9e\u00a0\u00bb, <b>performances artistiques<\/b> (concerts, DJ sets, spectacles), <b>ateliers cr\u00e9atifs ou p\u00e9dagogiques<\/b>.<\/p>\n<p>Avec ses airs de <b>maison grecque<\/b>, son d\u00e9cor mi-kitsch mi-aquatique, sa terrasse et son grand jardin, elle offre un d\u00e9paysement peu cher pay\u00e9. \u2026Un lieu \u00e0 soutenir, qui a rouvert ses portes ce mois-ci et ce, jusqu\u2019en novembre.<\/p>\n<p align=\"CENTER\"><b>L\u2019Or\u00e9e 85<br \/><\/b>Ouvert jusqu\u2019en novembre<br \/>Mercredi et jeudi de 16h \u00e0 23h, vendredi de 16h \u00e0 1h30, samedi de 15h \u00e0 1h30, dimanche de 15h \u00e0 23h<b><br \/><\/b>32 impasse de l\u2019\u00c9cluse, \u00e0 Strasbourg<br \/><a href=\"https:\/\/www.facebook.com\/Loree85\" target=\"_blank\" rel=\"noopener nofollow\">+ d\u2019infos<\/a><\/p>\n<p>                <img width=\"389\" height=\"500\" src=\"https:\/\/www.europesays.com\/fr\/wp-content\/uploads\/2025\/05\/img-9756-389x500.jpg\" class=\"attachment-gallery size-gallery\" alt=\"or\u00e9e 85\" data-full-url=\"https:\/\/pokaa.fr\/wp-content\/uploads\/2025\/02\/11\/img-9756.jpg\" decoding=\"async\" loading=\"lazy\"  \/>            <\/p>\n<p>                <img width=\"381\" height=\"500\" src=\"https:\/\/www.europesays.com\/fr\/wp-content\/uploads\/2025\/05\/img-9763-381x500.jpg\" class=\"attachment-gallery size-gallery\" alt=\"or\u00e9e 85\" data-full-url=\"https:\/\/pokaa.fr\/wp-content\/uploads\/2025\/02\/11\/img-9763.jpg\" decoding=\"async\" loading=\"lazy\"  \/>            <\/p>\n<p>                <img width=\"378\" height=\"500\" src=\"https:\/\/www.europesays.com\/fr\/wp-content\/uploads\/2025\/05\/img-9757-378x500.jpg\" class=\"attachment-gallery size-gallery\" alt=\"or\u00e9e 85\" data-full-url=\"https:\/\/pokaa.fr\/wp-content\/uploads\/2025\/02\/11\/img-9757.jpg\" decoding=\"async\" loading=\"lazy\"  \/>            <\/p>\n<p>                <img width=\"375\" height=\"500\" src=\"https:\/\/www.europesays.com\/fr\/wp-content\/uploads\/2025\/04\/354417855-1703241296785282-7373523459400122843-n-375x500.jpg\" class=\"attachment-gallery size-gallery\" alt=\"or\u00e9e 85\" data-full-url=\"https:\/\/pokaa.fr\/wp-content\/uploads\/2023\/06\/354417855-1703241296785282-7373523459400122843-n-1500x2000.jpg\" decoding=\"async\" loading=\"lazy\"  \/>            <\/p>\n<p>                    L&rsquo;Or\u00e9e 85 de jour comme de nuit \u00a9 Coraline Lafon \/ Pokaa<\/p>\n<p>La C\u00f4te Flottante et Le Lavoir : terrasses sur l&rsquo;Ill<\/p>\n<p>Toujours au plus pr\u00e8s de l\u2019eau et en plein centre-ville : <b>Le Lavoir et la C\u00f4te Flottante<\/b>, deux terrasses flottant sur l\u2019Ill. Une carte de<strong> finger food<\/strong> et de<strong> bi\u00e8res artisanales<\/strong> pour la premi\u00e8re, et une<strong> \u00ab\u00a0guinguette estivale \u00e0 grillades\u00a0\u00bb<\/strong> pour la seconde.<\/p>\n<p>Dans les deux cas : des \u00e9ph\u00e9m\u00e8res mais n\u00e9anmoins r\u00e9guli\u00e8res, qui rouvriront toutes deux <strong>du 29 mai<\/strong> (\u00ab\u00a0si tout se passe comme pr\u00e9vu\u00ab\u00a0, nous glisse-t-on)<strong> au 1er septembre<\/strong>.<\/p>\n<p style=\"text-align: center;\"><strong>La C\u00f4te Flottante<\/strong><br \/>Du 29 mai au 1er septembre<br \/>Tous les jours de 12h \u00e0 1h<br \/>Quai Kl\u00e9ber \u00e0 Strasbourg<\/p>\n<p style=\"text-align: center;\"><strong>Le Lavoir<\/strong><br \/>Du 29 mai au 1er septembre<br \/>Tous les jours de 17h \u00e0 1h30<br \/>12 quai Saint-Jean \u00e0 Strasbourg<\/p>\n<p>    <img width=\"800\" height=\"600\" src=\"https:\/\/www.europesays.com\/fr\/wp-content\/uploads\/2025\/05\/le-lavoir-3image00005.jpeg\" class=\"attachment-image-size-L size-image-size-L\" alt=\"le lavoir 3image00005\" decoding=\"async\" loading=\"lazy\"  \/>         Le Lavoir \u00a9 Bastien Pietronave \/ Pokaa  <\/p>\n<p>B\u2019Art Garden de l\u2019Apollonia : l&rsquo;\u00e9chapp\u00e9e belle<\/p>\n<p>Quand il s\u2019agit de fuir le centre-ville et ses grosses chaleurs, le <b>B\u2019Art Garden de l\u2019Apollonia<\/b> offre une vraie pause de fra\u00eecheur. Apr\u00e8s une \u00e9chapp\u00e9e <b>\u00e0 la Robertsau<\/b>, tr\u00e8s accessible depuis le centre \u00e0 v\u00e9lo, s\u2019y d\u00e9voile <a href=\"https:\/\/pokaa.fr\/2022\/05\/28\/a-la-decouverte-du-bart-garden-dapollonia-ecrin-de-verdure-de-cocktails-et-tartes-flambees\/\" target=\"_blank\" rel=\"noopener nofollow\">un bel \u00e9crin de verdure qui nous s\u00e9duit chaque \u00e9t\u00e9<\/a>.<\/p>\n<p>En plus de <b>son<\/b> <b>jardin participatif, sa galerie d\u2019art et l\u2019association Apollonia<\/b> (qui y promeut depuis 2016 la cr\u00e9ation contemporaine europ\u00e9enne dans le domaine des arts visuels) s\u2019y cache<b> un <\/b><b>\u00ab\u00a0<\/b><b>biergarten\u00a0\u00bb <\/b><b>\u00e9ph\u00e9m\u00e8re, estival et convivial <\/b>qui en est d\u00e9j\u00e0 \u00e0 <b>sa cinqui\u00e8me ouverture saisonni\u00e8re<\/b>.<\/p>\n<p><b>Depuis le 25 avril<\/b>, <b>l\u2019\u00e9quipe a ressorti les <\/b><b>transats, la p\u00e9tanque<\/b>, et pr\u00e9voit d\u00e9j\u00e0 <b>des animations ponctuelles <\/b>(avec parfois des magiciens pour les enfants, voire des cracheurs de feu pour \u00e9pater aussi les parents)<b>, des concerts<\/b>\u2026 C\u00f4t\u00e9 restauration, la recette reste la m\u00eame qu\u2019\u00e0 chaque saison\u00a0: \u00e0 la bonne franquette, avec des<b> tartes flamb\u00e9es, knacks, salades et autres petits en-cas<\/b>, dont une tarte v\u00e9g\u00e9\u2019 \u00e0 succ\u00e8s.<\/p>\n<p>\u00c7a m\u00e9rite bien une escapade.<\/p>\n<p align=\"CENTER\"><strong>B\u2019Art Garden de l\u2019Apollonia<br \/><\/strong>Du mardi au dimanche de 16h \u00e0 00h<br \/>23 rue Boecklin, \u00e0 Strasbourg<br \/><a href=\"https:\/\/www.facebook.com\/BArtGardenApollonia\" target=\"_blank\" rel=\"noopener nofollow\">+ d\u2019infos<\/a><\/p>\n<p>                <img width=\"750\" height=\"500\" src=\"https:\/\/www.europesays.com\/fr\/wp-content\/uploads\/2025\/05\/bart-garden-1.jpg\" class=\"attachment-gallery size-gallery\" alt=\"B\u2019Art Garden (1)\" data-full-url=\"https:\/\/www.europesays.com\/fr\/wp-content\/uploads\/2025\/05\/bart-garden-1.jpg\" decoding=\"async\" loading=\"lazy\"  \/>            <\/p>\n<p>                <img width=\"750\" height=\"500\" src=\"https:\/\/www.europesays.com\/fr\/wp-content\/uploads\/2025\/05\/bart-garden-19.jpg\" class=\"attachment-gallery size-gallery\" alt=\"B\u2019Art Garden (19)\" data-full-url=\"https:\/\/www.europesays.com\/fr\/wp-content\/uploads\/2025\/05\/bart-garden-19.jpg\" decoding=\"async\" loading=\"lazy\"  \/>            <\/p>\n<p>                <img width=\"750\" height=\"500\" src=\"https:\/\/www.europesays.com\/fr\/wp-content\/uploads\/2025\/05\/bart-garden-18.jpg\" class=\"attachment-gallery size-gallery\" alt=\"B\u2019Art Garden (18)\" data-full-url=\"https:\/\/www.europesays.com\/fr\/wp-content\/uploads\/2025\/05\/bart-garden-18.jpg\" decoding=\"async\" loading=\"lazy\"  \/>            <\/p>\n<p>                <img width=\"750\" height=\"500\" src=\"https:\/\/www.europesays.com\/fr\/wp-content\/uploads\/2025\/05\/bart-garden-8.jpg\" class=\"attachment-gallery size-gallery\" alt=\"B\u2019Art Garden (8)\" data-full-url=\"https:\/\/www.europesays.com\/fr\/wp-content\/uploads\/2025\/05\/bart-garden-8.jpg\" decoding=\"async\" loading=\"lazy\"  \/>            <\/p>\n<p>                <img width=\"750\" height=\"500\" src=\"https:\/\/www.europesays.com\/fr\/wp-content\/uploads\/2025\/05\/bart-garden-14.jpg\" class=\"attachment-gallery size-gallery\" alt=\"B\u2019Art Garden (14)\" data-full-url=\"https:\/\/www.europesays.com\/fr\/wp-content\/uploads\/2025\/05\/bart-garden-14.jpg\" decoding=\"async\" loading=\"lazy\"  \/>            <\/p>\n<p>                    Le B&rsquo;Art Garden \u00a9 Mathilde Piaud pour Pokaa<\/p>\n<p>Pourtal\u00e8s Plage\u00a0: l&rsquo;arbre qui cache la for\u00eat qui cache&#8230; La plage<\/p>\n<p>Toujours <b>\u00e0 la Roberstau, cette fois, en lisi\u00e8re de sa for\u00eat, et au pied d\u2019un ch\u00e2teau<\/b>\u2026 Au c\u0153ur du parc dont il tire son nom, se tient depuis plusieurs \u00e9t\u00e9s, <b>un restaurant \u00e9ph\u00e9m\u00e8re et en plein-air\u00a0: Pourtal\u00e8s Plage<\/b>.<\/p>\n<p>\u00c0 la carte\u00a0? <b>Bi\u00e8res, vins, cocktails et petite restauration, dans un cadre d\u2019exception<\/b>. Mais aussi\u00a0: <b>des jeux<\/b> (M\u00f6lkky, ping-pong, etc.), des<b> \u00ab\u00a0petits concerts et soir\u00e9es \u00e0 th\u00e8me\u00a0\u00bb<\/b>, nous dit-on. L\u2019espace est m\u00eame <b>privatisable \u00e0 la demande<\/b>, avec de quoi y organiser des activit\u00e9s de teambuilding, des Olympiades, jeux en bois, et autres caisses \u00e0 savon.<\/p>\n<p>Un peu de patience toutefois\u00a0: cette nouvelle saison s\u2019inaugurera <b>le vendredi 23 mai<\/b> (avec un concert du groupe YOU).<\/p>\n<p align=\"CENTER\"><b>Pourtal\u00e8s Plage<br \/><\/b>Du 23 mai au 31 ao\u00fbt<br \/>Du mercredi au lundi de 16h \u00e0 22h\/22h30 (sauf exceptions)<br \/>Au Ch\u00e2teau de Pourtal\u00e8s, 161 rue M\u00e9lanie \u00e0 Strasbourg<br \/><a href=\"https:\/\/www.destination-pourtales.fr\/pourtalesplage\" target=\"_blank\" rel=\"noopener nofollow\">+ d\u2019infos<\/a><\/p>\n<p>                <img width=\"763\" height=\"500\" src=\"https:\/\/www.europesays.com\/fr\/wp-content\/uploads\/2025\/05\/pourtales-agenda.jpg\" class=\"attachment-gallery size-gallery\" alt=\"Pourtal\u00e8s -agenda\" data-full-url=\"https:\/\/www.europesays.com\/fr\/wp-content\/uploads\/2025\/05\/pourtales-agenda.jpg\" decoding=\"async\" loading=\"lazy\"  \/>            <\/p>\n<p>                <img width=\"749\" height=\"500\" src=\"https:\/\/pokaa.fr\/wp-content\/uploads\/2018\/05\/pourtal\u00e8s-c\u00f4t\u00e9-plage.jpg\" class=\"attachment-gallery size-gallery\" alt=\"pourtal\u00e8s-c\u00f4t\u00e9-plage\" data-full-url=\"https:\/\/pokaa.fr\/wp-content\/uploads\/2018\/05\/pourtal\u00e8s-c\u00f4t\u00e9-plage.jpg\" decoding=\"async\" loading=\"lazy\"  \/>            <\/p>\n<p>                <img width=\"667\" height=\"500\" src=\"https:\/\/www.europesays.com\/fr\/wp-content\/uploads\/2025\/05\/pourtales.jpg\" class=\"attachment-gallery size-gallery\" alt=\"pourtales\" data-full-url=\"https:\/\/www.europesays.com\/fr\/wp-content\/uploads\/2025\/05\/pourtales.jpg\" decoding=\"async\" loading=\"lazy\"  \/>            <\/p>\n<p>                    ???<\/p>\n<p>Le Ravito des Cyclos\u00a0: apr\u00e8s l&rsquo;effort, le r\u00e9confort<\/p>\n<p><b>\u00ab\u00a0Apr\u00e8s l\u2019effort, le r\u00e9confort\u00a0\u00bb<\/b>. Quand on conna\u00eet <strong><b>Le Ravito des Cyclos<\/b><\/strong><strong>, on sait \u00e0 quel point l\u2019expression lui est appropri\u00e9e. <\/strong><a href=\"https:\/\/pokaa.fr\/2021\/08\/06\/decouvrir-lalsace-sans-voiture-3-idees-de-balades-a-velo-depuis-strasbourg\/\" target=\"_blank\" rel=\"noopener nofollow\">On t\u2019en parlait d\u00e9j\u00e0 \u00e0 l\u2019occasion de balades \u00e0 v\u00e9lo dans la r\u00e9gion<\/a>\u00a0: cette terrasse se<strong> m\u00e9rite. S\u2019il est possible de la rejoindre en voiture, le plaisir r\u00e9side aussi dans la balade qui la pr\u00e9c\u00e8de\u2026 <\/strong><strong><b>\u00c0 pieds, ou \u00e0 v\u00e9lo le long de l\u2019eau<\/b><\/strong><strong>.<\/strong><\/p>\n<p>Que t\u2019aies le mollet assez solide pour tenter la grosse boucle, ou que tu choisisses la plus petite, c\u2019est apr\u00e8s un agr\u00e9able circuit longeant le <b>canal de la Bruche depuis Strasbourg<\/b>, que tu pourras t\u2019y arr\u00eater (pr\u00e8s d\u2019Ernolsheim-Bruche). Pour reposer le biclou, et boire un coup.<\/p>\n<p>\u00c0 l\u2019abri des arbres, dans une <b>ancienne maison \u00e9clusi\u00e8re <\/b>\u00e0 colombages, se tient une petite affaire familiale. <b>Une<\/b><b> charmante buvette \u00e0 la carte bio et locale<\/b><strong>, et une offre de petite restauration qui change selon les semaines<\/strong> avec parfois des glaces, des cr\u00eapes ou galettes, des tartes gourmandes, ou des tartes flamb\u00e9es maison au feu de bois 100% bio certains samedis.<\/p>\n<p>Avec un <b>espace de <\/b><strong>jeux pour les plus jeunes <\/strong><strong>et <\/strong>des concerts ou spectacles occasionnels, le lieu se veut convivial et interg\u00e9n\u00e9rationnel. Et si sa septi\u00e8me saison a commenc\u00e9 en mars,<strong> Le Ravito des Cyclos ouvre en pointill\u00e9 selon la m\u00e9t\u00e9o<\/strong> (\u00e0 v\u00e9rifier sur ses r\u00e9seaux avant de grimper sur le v\u00e9lo).<\/p>\n<p align=\"CENTER\"><strong>Ravito des Cyclos<br \/><\/strong>Ouvert depuis mars, selon la m\u00e9t\u00e9o \/ Horaires variables<br \/>Pour ce week-end\u00a0: vendredi 12 (11h-18h), samedi 13 (11h-20h) et dimanche 14 avril (11h-18h)<br \/>3 Ecluse, 67120 Ernolsheim-Bruche<br \/><a href=\"https:\/\/www.ravitodescyclos.com\/\" target=\"_blank\" rel=\"noopener nofollow\">+ d\u2019infos<\/a><\/p>\n<p>                <img width=\"749\" height=\"500\" src=\"https:\/\/www.europesays.com\/fr\/wp-content\/uploads\/2025\/05\/dsc-0170-749x500.jpg\" class=\"attachment-gallery size-gallery\" alt=\"Le Ravito Des Cyclos\" data-full-url=\"https:\/\/pokaa.fr\/wp-content\/uploads\/2025\/04\/05\/dsc-0170.jpg\" decoding=\"async\" loading=\"lazy\"  \/>            <\/p>\n<p>                <img width=\"1000\" height=\"500\" src=\"https:\/\/www.europesays.com\/fr\/wp-content\/uploads\/2025\/05\/dsc-0163-1000x500.jpg\" class=\"attachment-gallery size-gallery\" alt=\"Le Ravito Des Cyclos\" data-full-url=\"https:\/\/pokaa.fr\/wp-content\/uploads\/2025\/04\/05\/dsc-0163.jpg\" decoding=\"async\" loading=\"lazy\"  \/>            <\/p>\n<p>                <img width=\"750\" height=\"500\" src=\"https:\/\/www.europesays.com\/fr\/wp-content\/uploads\/2025\/05\/dsc-0146-750x500.jpg\" class=\"attachment-gallery size-gallery\" alt=\"Le Ravito Des Cyclos\" data-full-url=\"https:\/\/pokaa.fr\/wp-content\/uploads\/2025\/04\/05\/dsc-0146.jpg\" decoding=\"async\" loading=\"lazy\"  \/>            <\/p>\n<p>                <img width=\"375\" height=\"500\" src=\"https:\/\/www.europesays.com\/fr\/wp-content\/uploads\/2025\/05\/img-20220921-134644-scaled-e1712771753520-375x500.jpg\" class=\"attachment-gallery size-gallery\" alt=\"Ravito des Cyclos + bruche\" data-full-url=\"https:\/\/pokaa.fr\/wp-content\/uploads\/2024\/04\/10\/img-20220921-134644-1500x2000.jpg\" decoding=\"async\" loading=\"lazy\"  \/>            <\/p>\n<p>                <img width=\"375\" height=\"500\" src=\"https:\/\/www.europesays.com\/fr\/wp-content\/uploads\/2025\/05\/img-20220921-154616-scaled-e1712771766612-375x500.jpg\" class=\"attachment-gallery size-gallery\" alt=\"Ravito des Cyclos + bruche\" data-full-url=\"https:\/\/pokaa.fr\/wp-content\/uploads\/2024\/04\/10\/img-20220921-154616-1500x2000.jpg\" decoding=\"async\" loading=\"lazy\"  \/>            <\/p>\n<p>                    1. \u00e0 3. \u00a9 Martin Savail \/ Pokaa ; 4. et 5. \u00a9 Fanny Soriano \/ Pokaa<\/p>\n<p>K-Beach : esprit Croisette \u00e0 Kehl<\/p>\n<p>Elle d\u00e9tonne dans la s\u00e9lection, mais pour le d\u00e9paysement, il suffit de monter dans le tram et voyager sur quelques stations\u2026 \u00c0<b> Kehl, une <a href=\"https:\/\/pokaa.fr\/2023\/05\/27\/k-beach-la-plage-de-sable-fin-qui-accueille-les-strasbourgeoises-de-lautre-cote-du-rhin\/\" target=\"_blank\" rel=\"noopener nofollow\">plage urbaine et \u00e9ph\u00e9m\u00e8re a repoint\u00e9 le bout de son palmier en 2023<\/a>, apr\u00e8s 10 ans de pause : K-Beach.<\/b><\/p>\n<p>Un peu clinquante, faussement jet-set, c\u2019est presque la Croisette mais avec vue sur Rhin. Sous ses parasols de bord de plage, tu y trouveras\u00a0: <b>des transats, des bars, un resto, une piscine, un espace VIP, et des DJ sets, le dimanche<\/b>. Pour y croiser des stars, \u00e7a, par contre\u00a0: c\u2019est une toute autre paire de manches. \u2026Il te restera toutefois <b>la chicha<\/b>, c\u2019est d\u00e9j\u00e0 \u00e7a.<\/p>\n<p align=\"CENTER\"><b>K-Beach<br \/><\/b>R\u00e9ouverture prochaine<b><br \/><\/b>Toute la semaine de 11h \u00e0 00h<br \/>Hafenstrasse \u00e0 Kehl (au pied du pont de l\u2019Europe)<br \/><a href=\"https:\/\/www.facebook.com\/profile.php?id=100057354345235\" target=\"_blank\" rel=\"noopener nofollow\">+ d\u2019infos<\/a><\/p>\n<p>                <img width=\"375\" height=\"500\" src=\"https:\/\/www.europesays.com\/fr\/wp-content\/uploads\/2025\/05\/349831600-768363531696182-2827221180428292967-n-375x500.jpg\" class=\"attachment-gallery size-gallery\" alt=\"K beach Kehl plage\" data-full-url=\"https:\/\/pokaa.fr\/wp-content\/uploads\/2023\/05\/349831600-768363531696182-2827221180428292967-n-1500x2000.jpg\" decoding=\"async\" loading=\"lazy\"  \/>            <\/p>\n<p>                <img width=\"375\" height=\"500\" src=\"https:\/\/www.europesays.com\/fr\/wp-content\/uploads\/2025\/05\/350090501-640083191302826-3889055255890944970-n-375x500.jpg\" class=\"attachment-gallery size-gallery\" alt=\"K beach Kehl plage spritz\" data-full-url=\"https:\/\/pokaa.fr\/wp-content\/uploads\/2023\/05\/350090501-640083191302826-3889055255890944970-n-1500x2000.jpg\" decoding=\"async\" loading=\"lazy\"  \/>            <\/p>\n<p>                <img width=\"375\" height=\"500\" src=\"https:\/\/www.europesays.com\/fr\/wp-content\/uploads\/2025\/05\/349827743-774398091008200-386989818398782355-n-375x500.jpg\" class=\"attachment-gallery size-gallery\" alt=\"K beach Kehl plage\" data-full-url=\"https:\/\/pokaa.fr\/wp-content\/uploads\/2023\/05\/349827743-774398091008200-386989818398782355-n-1500x2000.jpg\" decoding=\"async\" loading=\"lazy\"  \/>            <\/p>\n<p>                <img width=\"667\" height=\"500\" src=\"https:\/\/www.europesays.com\/fr\/wp-content\/uploads\/2025\/05\/349514999-188314044166114-7289689553301335206-n-667x500.jpg\" class=\"attachment-gallery size-gallery\" alt=\"K beach Kehl plage\" data-full-url=\"https:\/\/pokaa.fr\/wp-content\/uploads\/2023\/05\/349514999-188314044166114-7289689553301335206-n-1500x1125.jpg\" decoding=\"async\" loading=\"lazy\"  \/>            <\/p>\n<p>                    K-Beach \u00a9 Coraline Lafon \/ Pokaa<\/p>\n<p>Biergarten \u00e0 La Villa METEOR : \u00e0 quelques stations d&rsquo;ici<\/p>\n<p>Apr\u00e8s l\u2019excursion \u00e0 v\u00e9lo ou en tram\u2026 Celle en train\u00a0! Pour rejoindre ce dernier lieu \u00e9ph\u00e9m\u00e8re, <b>direction Hochefelden<\/b>, o\u00f9 la<b> Villa Meteor <\/b>nous ouvre les portes de son jardin pour un moment convivial et familial.<\/p>\n<p><b>Au c\u0153ur de la brasserie historique de Meteor<\/b> (1640), s\u2019installera<a href=\"https:\/\/pokaa.fr\/2024\/05\/17\/idee-sortie-des-aujourdhui-un-nouveau-biergarten-ouvre-a-cote-de-strasbourg\/\" target=\"_blank\" rel=\"noopener nofollow\"> comme l\u2019\u00e9t\u00e9 dernier <\/a><b>un Biergarten \u00e9ph\u00e9m\u00e8re <\/b>ouvert<b> les jeudis et vendredis soirs du 15 mai au 5 septembre<\/b>. \u00c0 la carte ? Une dizaine de bi\u00e8res de la maison et de la petite restauration, \u00e0 d\u00e9guster entour\u00e9(e)s de v\u00e9g\u00e9tation.<\/p>\n<p align=\"CENTER\"><b>Biergarten Meteor<br \/><\/b>Du 15 mai au 5 septembre<br \/>Les jeudis et vendredis de 18h30 \u00e0 21h30<br \/>\u00c0 la Villa Meteor, 4 rue du G\u00e9n\u00e9ral-Lebocq, \u00e0 Hochfelden<br \/><a href=\"https:\/\/www.brasserie-meteor.fr\/villa-meteor\/\" target=\"_blank\" rel=\"noopener nofollow\">+ d\u2019infos<\/a><br \/><a href=\"https:\/\/fb.me\/e\/68FlQTY2l\" target=\"_blank\" rel=\"noopener nofollow\">L\u2019\u00e9v\u00e9nement Facebook<\/a><\/p>\n<p>                <img width=\"664\" height=\"500\" src=\"https:\/\/www.europesays.com\/fr\/wp-content\/uploads\/2025\/05\/utf-8pxl-20240815-172522546mp2-664x500.jpg\" class=\"attachment-gallery size-gallery\" alt=\"Biergarten Villa Meteor\" data-full-url=\"https:\/\/pokaa.fr\/wp-content\/uploads\/2025\/04\/29\/utf-8pxl-20240815-172522546mp2.jpg\" decoding=\"async\" loading=\"lazy\"  \/>            <\/p>\n<p>                <img width=\"664\" height=\"500\" src=\"https:\/\/www.europesays.com\/fr\/wp-content\/uploads\/2025\/05\/utf-8pxl-20240815-1904412882-664x500.jpg\" class=\"attachment-gallery size-gallery\" alt=\"Biergarten Villa Meteor\" data-full-url=\"https:\/\/pokaa.fr\/wp-content\/uploads\/2025\/04\/29\/utf-8pxl-20240815-1904412882.jpg\" decoding=\"async\" loading=\"lazy\"  \/>            <\/p>\n<p>                    Biergarten de la Villa Meteor \u00a9 Fanny Soriano \/ Pokaa<\/p>\n<p>Et les autres ?<\/p>\n<p>Si quelqu\u2019un a des nouvelles de la terrasse \u00e9ph\u00e9m\u00e8re de la place de Zurich (anciennement La Baigneuse) ou une autre p\u00e9pite que l\u2019on aurait oubli\u00e9e\u2026 \u00ab L\u00e2chez vos comzzz ! \u00bb. En attendant, quelle que soit ta tradition ou tes superstitions, quand il s\u2019agit de trinquer\u00a0: les yeux dans les yeux, ou croiser en t\u2019en moquant un peu\u2026 <b>La saison des terrasses est ouverte, et \u00e7a, \u00e7a se f\u00eate\u00a0!<\/b><\/p>\n<p>    <img width=\"402\" height=\"600\" src=\"https:\/\/www.europesays.com\/fr\/wp-content\/uploads\/2025\/05\/image00022-402x600.jpeg\" class=\"attachment-image-size-M size-image-size-M\" alt=\"Bi\u00e8re\" decoding=\"async\" loading=\"lazy\"  \/>         \u00a9 Bastien Pietronave \/ Pokaa <\/p>\n<p><script async src=\"\/\/www.instagram.com\/embed.js\"><\/script><\/p>\n","protected":false},"excerpt":{"rendered":"Le soleil joue \u00e0 cache-cache, mais aux premiers rayons, une obsession\u00a0: celle de se poser en terrasse. Et&hellip;\n","protected":false},"author":2,"featured_media":68002,"comment_status":"","ping_status":"","sticky":false,"template":"","format":"standard","meta":{"footnotes":""},"categories":[2820],"tags":[1111,11,7168,2883,1777,674,1011,27,775,3354,12,15656,16962,4767,25,10022,640,16963],"class_list":{"0":"post-68001","1":"post","2":"type-post","3":"status-publish","4":"format-standard","5":"has-post-thumbnail","7":"category-strasbourg","8":"tag-actu","9":"tag-actualites","10":"tag-bars","11":"tag-ete","12":"tag-eu","13":"tag-europe","14":"tag-fr","15":"tag-france","16":"tag-grand-est","17":"tag-jardin","18":"tag-news","19":"tag-plage","20":"tag-plein-air","21":"tag-printemps","22":"tag-republique-francaise","23":"tag-rooftop","24":"tag-strasbourg","25":"tag-terrasse"},"share_on_mastodon":{"url":"https:\/\/pubeurope.com\/@fr\/114435188370379934","error":""},"_links":{"self":[{"href":"https:\/\/www.europesays.com\/fr\/wp-json\/wp\/v2\/posts\/68001","targetHints":{"allow":["GET"]}}],"collection":[{"href":"https:\/\/www.europesays.com\/fr\/wp-json\/wp\/v2\/posts"}],"about":[{"href":"https:\/\/www.europesays.com\/fr\/wp-json\/wp\/v2\/types\/post"}],"author":[{"embeddable":true,"href":"https:\/\/www.europesays.com\/fr\/wp-json\/wp\/v2\/users\/2"}],"replies":[{"embeddable":true,"href":"https:\/\/www.europesays.com\/fr\/wp-json\/wp\/v2\/comments?post=68001"}],"version-history":[{"count":0,"href":"https:\/\/www.europesays.com\/fr\/wp-json\/wp\/v2\/posts\/68001\/revisions"}],"wp:featuredmedia":[{"embeddable":true,"href":"https:\/\/www.europesays.com\/fr\/wp-json\/wp\/v2\/media\/68002"}],"wp:attachment":[{"href":"https:\/\/www.europesays.com\/fr\/wp-json\/wp\/v2\/media?parent=68001"}],"wp:term":[{"taxonomy":"category","embeddable":true,"href":"https:\/\/www.europesays.com\/fr\/wp-json\/wp\/v2\/categories?post=68001"},{"taxonomy":"post_tag","embeddable":true,"href":"https:\/\/www.europesays.com\/fr\/wp-json\/wp\/v2\/tags?post=68001"}],"curies":[{"name":"wp","href":"https:\/\/api.w.org\/{rel}","templated":true}]}}