{"id":680013,"date":"2026-01-21T22:24:10","date_gmt":"2026-01-21T22:24:10","guid":{"rendered":"https:\/\/www.europesays.com\/fr\/680013\/"},"modified":"2026-01-21T22:24:10","modified_gmt":"2026-01-21T22:24:10","slug":"a-ljubljana-un-tours-vb-conscient-de-lenjeu","status":"publish","type":"post","link":"https:\/\/www.europesays.com\/fr\/680013\/","title":{"rendered":"\u00e0 Ljubljana, un Tours VB conscient de l\u2019enjeu"},"content":{"rendered":"<p>De notre envoy\u00e9 sp\u00e9cial \u00e0 Ljubljana<\/p>\n<p><strong>ACH Ljubljana\u00a0&#8211; Tours VB<\/strong><\/p>\n<p>Qu\u2019on se le dise, l\u2019avenir europ\u00e9en du Tours Volley-Ball cette saison d\u00e9pendra grandement de ce match qui l\u2019attend sur le terrain de l\u2019ACH Ljubljana, jeudi 22\u00a0janvier 2026. Parce qu\u2019au sein d\u2019une des poules les plus relev\u00e9es de la Ligue des champions \u2013 si ce n\u2019est la plus relev\u00e9e tout court \u2013 les Tourangeaux, comme les Slov\u00e8nes, savent que seule la troisi\u00e8me place semble objectivement accessible. Et qu\u2019elle seule leur garantira, au pire, d\u2019\u00eatre revers\u00e9s en Coupe CEV. Au mieux, de rester un peu plus longtemps en C1.<\/p>\n<p>Et comme les Italiens de Trento et les Turcs du Ziraat Ankara, tombeurs du TVB et de Ljubljana, devraient sauf surprise se hisser aux deux premi\u00e8res places du groupe, la bataille pour la troisi\u00e8me va faire rage\u00a0dans le hall Tivoli de la capitale slov\u00e8ne. \u00ab\u00a0C\u2019est un match tr\u00e8s important pour les deux \u00e9quipes, confirme l\u2019entra\u00eeneur tourangeau, Igor Juricic. On a les m\u00eames ambitions que le club de Ljubljana, qui souhaite prolonger son aventure en coupe d\u2019Europe le plus longtemps possible. On travaille donc pour d\u00e9crocher cette troisi\u00e8me place du groupe&#8230;. <\/p>\n<p>    Cet article a \u00e9t\u00e9 tronqu\u00e9. Abonnez-vous pour lire l&rsquo;article complet sur notre site.<\/p>\n<p>\u00a0\u00bb<\/p>\n<p style=\"margin: 0 !important; padding: 0 !important; font-size: 12px !important;\">Cet article a \u00e9t\u00e9 tronqu\u00e9. Abonnez-vous pour lire l&rsquo;article complet.<\/p>\n<p>    <a href=\"https:\/\/www.lanouvellerepublique.fr\/abonnements\" style=\"display: inline-block; margin-top: 5px !important; padding: 6px 12px !important; background: #cb1c27; color: white; text-decoration: none; border-radius: 4px; font-size: 12px !important;\" target=\"_blank\" rel=\"noopener\"><br \/>\n      S&rsquo;abonner<br \/>\n    <\/a><\/p>\n","protected":false},"excerpt":{"rendered":"De notre envoy\u00e9 sp\u00e9cial \u00e0 Ljubljana ACH Ljubljana\u00a0&#8211; Tours VB Qu\u2019on se le dise, l\u2019avenir europ\u00e9en du Tours&hellip;\n","protected":false},"author":2,"featured_media":680014,"comment_status":"","ping_status":"","sticky":false,"template":"","format":"standard","meta":{"footnotes":""},"categories":[1417],"tags":[1392,39145,1011,27,1387,60,1390,1471,2767,1470,1469],"class_list":{"0":"post-680013","1":"post","2":"type-post","3":"status-publish","4":"format-standard","5":"has-post-thumbnail","7":"category-volley","8":"tag-a-la-une-local","9":"tag-coupe-deurope-volley","10":"tag-fr","11":"tag-france","12":"tag-indre-et-loire","13":"tag-sports","14":"tag-tours","15":"tag-tours-volley-ball","16":"tag-tvb-37","17":"tag-volley","18":"tag-volleyball"},"share_on_mastodon":{"url":"https:\/\/pubeurope.com\/@fr\/115935436120692057","error":""},"_links":{"self":[{"href":"https:\/\/www.europesays.com\/fr\/wp-json\/wp\/v2\/posts\/680013","targetHints":{"allow":["GET"]}}],"collection":[{"href":"https:\/\/www.europesays.com\/fr\/wp-json\/wp\/v2\/posts"}],"about":[{"href":"https:\/\/www.europesays.com\/fr\/wp-json\/wp\/v2\/types\/post"}],"author":[{"embeddable":true,"href":"https:\/\/www.europesays.com\/fr\/wp-json\/wp\/v2\/users\/2"}],"replies":[{"embeddable":true,"href":"https:\/\/www.europesays.com\/fr\/wp-json\/wp\/v2\/comments?post=680013"}],"version-history":[{"count":0,"href":"https:\/\/www.europesays.com\/fr\/wp-json\/wp\/v2\/posts\/680013\/revisions"}],"wp:featuredmedia":[{"embeddable":true,"href":"https:\/\/www.europesays.com\/fr\/wp-json\/wp\/v2\/media\/680014"}],"wp:attachment":[{"href":"https:\/\/www.europesays.com\/fr\/wp-json\/wp\/v2\/media?parent=680013"}],"wp:term":[{"taxonomy":"category","embeddable":true,"href":"https:\/\/www.europesays.com\/fr\/wp-json\/wp\/v2\/categories?post=680013"},{"taxonomy":"post_tag","embeddable":true,"href":"https:\/\/www.europesays.com\/fr\/wp-json\/wp\/v2\/tags?post=680013"}],"curies":[{"name":"wp","href":"https:\/\/api.w.org\/{rel}","templated":true}]}}