{"id":680084,"date":"2026-01-21T23:12:20","date_gmt":"2026-01-21T23:12:20","guid":{"rendered":"https:\/\/www.europesays.com\/fr\/680084\/"},"modified":"2026-01-21T23:12:20","modified_gmt":"2026-01-21T23:12:20","slug":"un-ancien-proviseur-mis-en-examen-pour-viol-sur-une-lyceenne-pres-de-toulouse","status":"publish","type":"post","link":"https:\/\/www.europesays.com\/fr\/680084\/","title":{"rendered":"Un ancien proviseur mis en examen pour viol sur une lyc\u00e9enne pr\u00e8s de Toulouse"},"content":{"rendered":"<p>\n    Le suspect, \u00e2g\u00e9 de 50 ans, est \u00e9galement soumis \u00e0 une interdiction d\u2019entrer en contact avec les deux plaignantes et d\u2019exercer une activit\u00e9 avec des mineurs, a-t-il ajout\u00e9.<\/p>\n<p class=\"fig-paragraph\">Une cellule d&rsquo;\u00e9coute a \u00e9t\u00e9 mise en place mardi dans un lyc\u00e9e de Saint-Gaudens pr\u00e8s de\u00a0<a href=\"http:\/\/www.lefigaro.fr\/voyages\/dossier\/toulouse\" data-fig-type=\"Topic\" data-gtm-custom-categorie=\"navigation\" data-gtm-custom-action=\"crossclick\" data-gtm-custom-label=\"Contextuel\" data-gtm-event=\"customEventSPE\" data-fig-domain=\"LEFIGARO\" target=\"_blank\" rel=\"noopener\">Toulouse<\/a>, apr\u00e8s la mise en examen pour\u00a0<a href=\"https:\/\/video.lefigaro.fr\/figaro\/faits-divers\/toulouse-un-homme-place-en-garde-a-vue-pour-viol-sur-mineure-20240916\" data-fig-type=\"Video\" data-gtm-custom-categorie=\"navigation\" data-gtm-custom-action=\"crossclick\" data-gtm-custom-label=\"Contextuel\" data-gtm-event=\"customEventSPE\" data-fig-domain=\"LEFIGARO\" target=\"_blank\" rel=\"noopener\">viol sur mineure<\/a>\u00a0d&rsquo;un ancien responsable de l&rsquo;\u00e9tablissement, a-t-on appris de sources concordantes mercredi. Un ex-proviseur adjoint du lyc\u00e9e Bagatelle, \u00e0 Saint-Gaudens (Haute-Garonne), a \u00e9t\u00e9 mis en examen pour viol aggrav\u00e9 par personne ayant autorit\u00e9 sur une ancienne \u00e9l\u00e8ve de 17 ans au moment des faits, ainsi que pour harc\u00e8lement scolaire sur une autre lyc\u00e9enne, et plac\u00e9 sous contr\u00f4le judiciaire, en fin de semaine derni\u00e8re, a pr\u00e9cis\u00e9 \u00e0 l&rsquo;AFP le procureur de la R\u00e9publique, Christophe Amunzateguy.<\/p>\n<p class=\"fig-paragraph\">Le suspect, \u00e2g\u00e9 de 50 ans, est \u00e9galement soumis \u00e0 une interdiction d&rsquo;entrer en contact avec les deux plaignantes et d&rsquo;exercer une activit\u00e9 avec des mineurs, a-t-il ajout\u00e9. Le mis en cause a \u00e9t\u00e9 suspendu de ses fonctions \u00e0 la fin de l&rsquo;ann\u00e9e scolaire 2025 et une enqu\u00eate a \u00e9t\u00e9 ouverte, apr\u00e8s un signalement par l&rsquo;\u00c9ducation nationale suite aux confidences d&rsquo;une \u00e9l\u00e8ve de terminale, selon le rectorat de l&rsquo;Acad\u00e9mie de Toulouse.<\/p>\n<p>                                            <a class=\"fig-a11y-skip\" href=\"#fig-a11y-skip-main-inarticle\" data-module=\"a11y-skip\" data-context=\"was @visible\"><br \/>\n    Passer la publicit\u00e9<br \/>\n<\/a>            <\/p>\n<p>                                            Messages \u00abinsistants\u00bb<\/p>\n<p class=\"fig-paragraph\">Celle-ci avait fait part de messages \u00abinsistants\u00bb envoy\u00e9s par le proviseur adjoint en 2025, tels que \u00abTu es jolie\u00bb ou \u00abTu seras une belle femme\u00bb, a ajout\u00e9 le procureur de Saint-Gaudens. En septembre 2025, la compagne du suspect, qui \u00e9tait \u00e0 sa recherche, s&rsquo;\u00e9tait pr\u00e9sent\u00e9e \u00e0 la police et avait r\u00e9v\u00e9l\u00e9 la pr\u00e9sence de vid\u00e9os \u00e0 caract\u00e8re sexuel sur l&rsquo;ordinateur de l&rsquo;int\u00e9ress\u00e9, o\u00f9 figure notamment l&rsquo;une des jeunes filles du lyc\u00e9e Bagatelle, selon la m\u00eame source.<\/p>\n<p class=\"fig-paragraph\">Apr\u00e8s des difficult\u00e9s \u00e0 \u00eatre localis\u00e9, le quinquag\u00e9naire a finalement pu \u00eatre interpell\u00e9 dans les Hautes-Pyr\u00e9n\u00e9es jeudi dernier, son mat\u00e9riel informatique et t\u00e9l\u00e9phonique saisi. Il a reconnu des rapports sexuels avec trois mineures, dont deux lorsqu&rsquo;il \u00e9tait dans de pr\u00e9c\u00e9dents \u00e9tablissements scolaires, selon le procureur. Le rectorat a pr\u00e9cis\u00e9 qu&rsquo;il \u00e9tait professeur dans l&rsquo;acad\u00e9mie de Paris avant septembre 2020, date \u00e0 laquelle il a pris ses fonctions \u00e0 Saint-Gaudens.<\/p>\n<p class=\"fig-paragraph\">Il a admis des \u00abrapports consentis\u00bb avec la jeune fille de Saint-Gaudens, parlant d&rsquo;une \u00abincompr\u00e9hension\u00bb entre eux, a ajout\u00e9 le magistrat, pr\u00e9cisant que 12 \u00e0 17 rapports sexuels avaient \u00e9t\u00e9 d\u00e9nombr\u00e9s entre 2021 et 2022. Une expertise psychologique doit \u00eatre conduite, en raison de l&rsquo;\u00abemprise\u00bb qu&rsquo;a pu exercer le proviseur adjoint sur sa victime pr\u00e9sum\u00e9e. Le rectorat a annonc\u00e9 un accompagnement pour les familles, \u00e9l\u00e8ves et personnels de l&rsquo;\u00e9tablissement.<\/p>\n","protected":false},"excerpt":{"rendered":"Le suspect, \u00e2g\u00e9 de 50 ans, est \u00e9galement soumis \u00e0 une interdiction d\u2019entrer en contact avec les deux&hellip;\n","protected":false},"author":2,"featured_media":680085,"comment_status":"","ping_status":"","sticky":false,"template":"","format":"standard","meta":{"footnotes":""},"categories":[2816],"tags":[1111,11,1777,674,1011,27,12,2680,25,2312,1265],"class_list":{"0":"post-680084","1":"post","2":"type-post","3":"status-publish","4":"format-standard","5":"has-post-thumbnail","7":"category-toulouse","8":"tag-actu","9":"tag-actualites","10":"tag-eu","11":"tag-europe","12":"tag-fr","13":"tag-france","14":"tag-news","15":"tag-occitanie","16":"tag-republique-francaise","17":"tag-toulouse","18":"tag-viol"},"share_on_mastodon":{"url":"https:\/\/pubeurope.com\/@fr\/115935624717872041","error":""},"_links":{"self":[{"href":"https:\/\/www.europesays.com\/fr\/wp-json\/wp\/v2\/posts\/680084","targetHints":{"allow":["GET"]}}],"collection":[{"href":"https:\/\/www.europesays.com\/fr\/wp-json\/wp\/v2\/posts"}],"about":[{"href":"https:\/\/www.europesays.com\/fr\/wp-json\/wp\/v2\/types\/post"}],"author":[{"embeddable":true,"href":"https:\/\/www.europesays.com\/fr\/wp-json\/wp\/v2\/users\/2"}],"replies":[{"embeddable":true,"href":"https:\/\/www.europesays.com\/fr\/wp-json\/wp\/v2\/comments?post=680084"}],"version-history":[{"count":0,"href":"https:\/\/www.europesays.com\/fr\/wp-json\/wp\/v2\/posts\/680084\/revisions"}],"wp:featuredmedia":[{"embeddable":true,"href":"https:\/\/www.europesays.com\/fr\/wp-json\/wp\/v2\/media\/680085"}],"wp:attachment":[{"href":"https:\/\/www.europesays.com\/fr\/wp-json\/wp\/v2\/media?parent=680084"}],"wp:term":[{"taxonomy":"category","embeddable":true,"href":"https:\/\/www.europesays.com\/fr\/wp-json\/wp\/v2\/categories?post=680084"},{"taxonomy":"post_tag","embeddable":true,"href":"https:\/\/www.europesays.com\/fr\/wp-json\/wp\/v2\/tags?post=680084"}],"curies":[{"name":"wp","href":"https:\/\/api.w.org\/{rel}","templated":true}]}}