{"id":680090,"date":"2026-01-21T23:16:11","date_gmt":"2026-01-21T23:16:11","guid":{"rendered":"https:\/\/www.europesays.com\/fr\/680090\/"},"modified":"2026-01-21T23:16:11","modified_gmt":"2026-01-21T23:16:11","slug":"le-billet-hey-jul-comment-les-supporters-ont-assure-le-spectacle-en-fusionnant-marseille-et-les-beatles","status":"publish","type":"post","link":"https:\/\/www.europesays.com\/fr\/680090\/","title":{"rendered":"LE BILLET. \u00ab\u00a0Hey Jul !\u00a0\u00bb, comment les supporters ont assur\u00e9 le spectacle en fusionnant Marseille et les Beatles"},"content":{"rendered":"<p>Voil\u00e0 l&rsquo;atout num\u00e9ro\u00a01 de l&rsquo;OM\u00a0: son douzi\u00e8me homme. Toujours pr\u00e9sent, quand bien m\u00eame il peut s&rsquo;ennuyer en observant son \u00e9quipe f\u00e9tiche. Qui, dans le monde, peut aujourd&rsquo;hui rivaliser avec ces \u0153uvres d&rsquo;art cr\u00e9\u00e9es \u00e0 la main dans des hangars, comme au Parc Chanot ces derniers jours\u00a0? Avec ces supporters, on oublie tout. M\u00eame les prestations aussi d\u00e9cevantes qu&rsquo;insignifiantes de <a href=\"https:\/\/www.laprovence.com\/article\/om\/2419624558155814\/om-liverpool-balerdi-capitaine-abandonne-rulli-encore-en-diffficulte-les-notes-des-olympiens\" target=\"_blank\" rel=\"noopener\">la bande \u00e0 Balerdi<\/a>. Here come the sun, voici le soleil. Il vient de l\u00e0. Et 1, et 2 et 3&#8230; 0-3. Les Olympiens ont \u00e9t\u00e9 humili\u00e9s par les Reds. But&#8230; all you need is love\u00a0! Puisque tout ce dont le monde a besoin, c&rsquo;est de l&rsquo;amour, zappons la d\u00e9faite et chantons, sur l&rsquo;air de Michelle, Marseille ma belle.<\/p>\n","protected":false},"excerpt":{"rendered":"Voil\u00e0 l&rsquo;atout num\u00e9ro\u00a01 de l&rsquo;OM\u00a0: son douzi\u00e8me homme. Toujours pr\u00e9sent, quand bien m\u00eame il peut s&rsquo;ennuyer en observant&hellip;\n","protected":false},"author":2,"featured_media":680091,"comment_status":"","ping_status":"","sticky":false,"template":"","format":"standard","meta":{"footnotes":""},"categories":[2814],"tags":[5734,1111,11,11720,20,1777,674,1011,27,77781,1279,151,884,12,149,882,25,10221],"class_list":{"0":"post-680090","1":"post","2":"type-post","3":"status-publish","4":"format-standard","5":"has-post-thumbnail","7":"category-marseille","8":"tag-5734","9":"tag-actu","10":"tag-actualites","11":"tag-billet","12":"tag-comment","13":"tag-eu","14":"tag-europe","15":"tag-fr","16":"tag-france","17":"tag-hey","18":"tag-jul","19":"tag-les","20":"tag-marseille","21":"tag-news","22":"tag-om","23":"tag-provence-alpes-cote-dazur","24":"tag-republique-francaise","25":"tag-supporters"},"share_on_mastodon":{"url":"https:\/\/pubeurope.com\/@fr\/115935640574045566","error":""},"_links":{"self":[{"href":"https:\/\/www.europesays.com\/fr\/wp-json\/wp\/v2\/posts\/680090","targetHints":{"allow":["GET"]}}],"collection":[{"href":"https:\/\/www.europesays.com\/fr\/wp-json\/wp\/v2\/posts"}],"about":[{"href":"https:\/\/www.europesays.com\/fr\/wp-json\/wp\/v2\/types\/post"}],"author":[{"embeddable":true,"href":"https:\/\/www.europesays.com\/fr\/wp-json\/wp\/v2\/users\/2"}],"replies":[{"embeddable":true,"href":"https:\/\/www.europesays.com\/fr\/wp-json\/wp\/v2\/comments?post=680090"}],"version-history":[{"count":0,"href":"https:\/\/www.europesays.com\/fr\/wp-json\/wp\/v2\/posts\/680090\/revisions"}],"wp:featuredmedia":[{"embeddable":true,"href":"https:\/\/www.europesays.com\/fr\/wp-json\/wp\/v2\/media\/680091"}],"wp:attachment":[{"href":"https:\/\/www.europesays.com\/fr\/wp-json\/wp\/v2\/media?parent=680090"}],"wp:term":[{"taxonomy":"category","embeddable":true,"href":"https:\/\/www.europesays.com\/fr\/wp-json\/wp\/v2\/categories?post=680090"},{"taxonomy":"post_tag","embeddable":true,"href":"https:\/\/www.europesays.com\/fr\/wp-json\/wp\/v2\/tags?post=680090"}],"curies":[{"name":"wp","href":"https:\/\/api.w.org\/{rel}","templated":true}]}}