{"id":680115,"date":"2026-01-21T23:31:12","date_gmt":"2026-01-21T23:31:12","guid":{"rendered":"https:\/\/www.europesays.com\/fr\/680115\/"},"modified":"2026-01-21T23:31:12","modified_gmt":"2026-01-21T23:31:12","slug":"le-conseil-de-leurope-denonce-les-conditions-dincarceration-en-france-en-france","status":"publish","type":"post","link":"https:\/\/www.europesays.com\/fr\/680115\/","title":{"rendered":"le Conseil de l&rsquo;Europe d\u00e9nonce les \u00abconditions d\u2019incarc\u00e9ration en France\u00bb en France"},"content":{"rendered":"<p>\n    Dans un rapport, le Conseil de l\u2019Europe \u00e9pingle la violence, l\u2019insalubrit\u00e9 et la surpopulation carc\u00e9rale des prisons fran\u00e7aises.<\/p>\n<p class=\"fig-paragraph\">Le Conseil de l&rsquo;Europe tire la sonnette d\u2019alarme. Il a d\u00e9nonc\u00e9 jeudi l&rsquo;\u00e9tat des\u00a0<a href=\"https:\/\/www.lefigaro.fr\/tag\/prison\" target=\"_blank\" rel=\"sponsored noopener\" data-gtm-custom-categorie=\"navigation\" data-gtm-custom-action=\"crossclick\" data-gtm-custom-label=\"Contextuel\" data-gtm-event=\"customEventSPE\">prisons<\/a>\u00a0fran\u00e7aises, mettant en garde dans un rapport contre une \u00e9volution en \u00abentrep\u00f4t humain\u00bb. \u00abNous sommes extr\u00eamement inquiets quant aux conditions d\u2019incarc\u00e9ration en France\u00bb, a d\u00e9clar\u00e9 Alan Mitchell, pr\u00e9sident du Comit\u00e9 pour la pr\u00e9vention de la torture (CPT) du Conseil de l\u2019Europe, vigie des droits fondamentaux sur le continent, cit\u00e9 dans un communiqu\u00e9.<\/p>\n<p class=\"fig-paragraph\">Une d\u00e9l\u00e9gation du CPT a effectu\u00e9 une visite en France fin 2024 dans quatre prisons (Fleury-M\u00e9rogis et Fresnes en r\u00e9gion parisienne, Les Baumettes \u00e0 Marseille dans le sud et Villefranche-sur-Sa\u00f4ne dans le Rh\u00f4ne) et \u00e0 l\u2019\u00e9tablissement p\u00e9nitentiaire pour mineurs de la Valentine-Marseille.<\/p>\n<p>                                            <a class=\"fig-a11y-skip\" href=\"#fig-a11y-skip-main-inarticle\" data-module=\"a11y-skip\" data-context=\"was @visible\"><br \/>\n    Passer la publicit\u00e9<br \/>\n<\/a>            <\/p>\n<p class=\"fig-paragraph\">Bilan de la visite\u00a0: \u00abL\u2019accroissement de la surpopulation carc\u00e9rale est particuli\u00e8rement alarmant\u00bb. \u00abLa surpopulation carc\u00e9rale peut transformer une prison en un entrep\u00f4t humain\u00bb , \u00e9crit le CPT, dont le pr\u00e9c\u00e9dent rapport sur la France remontait \u00e0 2021.<\/p>\n<p>                                            Climat de violences physiques<\/p>\n<p class=\"fig-paragraph\">La tr\u00e8s grande majorit\u00e9 des d\u00e9tenus rencontr\u00e9s n\u2019a pas fait \u00e9tat de mauvais traitements physiques de la part du personnel p\u00e9nitentiaire, reconnaissent les auteurs du rapport. \u00abN\u00e9anmoins, la d\u00e9l\u00e9gation a recueilli des all\u00e9gations cr\u00e9dibles de violences physiques\u00bb, notamment des claques et des coups, selon le document, qui \u00e9voque une situation \u00abparticuli\u00e8rement pr\u00e9occupante\u00bb \u00e0 Fresnes et Villefranche-sur-Sa\u00f4ne. La violence physique entre d\u00e9tenus \u00e9tait r\u00e9pandue, notamment dans \u00ables cours de promenade, o\u00f9 le personnel p\u00e9nitentiaire n\u2019intervenait g\u00e9n\u00e9ralement pas\u00bb. Au point que certains refusent \u00abde sortir de leur cellule par crainte de violence\u00bb.<\/p>\n<p class=\"fig-paragraph\">Des d\u00e9tenus interrog\u00e9s ont fait \u00e9tat de coups, voire de violences \u00e9voquant la mort de George Floyd en 2020 aux \u00c9tats-Unis\u00a0: \u00abPlusieurs hommes ont d\u00e9crit avoir \u00e9t\u00e9 plaqu\u00e9s au sol puis maintenus par plusieurs policiers, certains exer\u00e7ant une pression avec leurs genoux au niveau du thorax et de la nuque, parfois avec un pied \u00e9crasant le visage\u00bb. \u00abUne telle technique devrait \u00eatre revue car elle pr\u00e9sente un risque important d\u2019asphyxie\u00bb, avertit le CPT.<\/p>\n<p>                                            Insalubrit\u00e9 et manque d\u2019activit\u00e9s<\/p>\n<p class=\"fig-paragraph\">Du c\u00f4t\u00e9 des b\u00e2timents, le CPT note que la prison des Baumettes et la maison d\u2019arr\u00eat pour hommes de Fleury-M\u00e9rogis ont fait l\u2019objet d\u2019une r\u00e9novation compl\u00e8te. En revanche, \u00ables conditions d\u2019incarc\u00e9ration \u00e0 la prison de Fresnes \u00e9taient indignes, avec des locaux et des cellules humides, v\u00e9tustes et insalubres, ainsi que la pr\u00e9sence alarmante de rats, de cafards et de punaises de lit\u00bb. \u00c0 Villefranche et \u00e0 la maison d\u2019arr\u00eat pour femmes de Fleury-M\u00e9rogis, \u00ables cellules \u00e9taient v\u00e9tustes et d\u00e9cr\u00e9pites, avec du mobilier et des fen\u00eatres cass\u00e9s\u00bb.<\/p>\n<p class=\"fig-paragraph\">Le rapport d\u00e9plore de fa\u00e7on g\u00e9n\u00e9rale le \u00abr\u00e9gime d\u2019activit\u00e9s assez pauvre\u00bb des prisonniers, qui passent \u00abpr\u00e8s de 20 heures par jour en cellule et encore plus le week-end\u00bb. Un manque encore plus criant dans les quartiers pour mineurs o\u00f9 \u00abl\u2019enseignement se limitait souvent \u00e0 une \u00e0 deux heures par jour\u00bb.<\/p>\n<p>                                            <a class=\"fig-a11y-skip\" href=\"#fig-a11y-skip-main-inarticle_mtf\" data-module=\"a11y-skip\" data-context=\"was @visible\"><br \/>\n    Passer la publicit\u00e9<br \/>\n<\/a>            <\/p>\n<p class=\"fig-paragraph\">La d\u00e9l\u00e9gation du CPT a visit\u00e9 en outre 14 \u00e9tablissements de police et de gendarmerie. Elle y a constat\u00e9 des conditions souvent insalubres dans les commissariats, avec des toilettes bouch\u00e9es.<\/p>\n<p>                                            Construire de nouvelles prisons\u00a0?<\/p>\n<p class=\"fig-paragraph\">Dans leur r\u00e9ponse contenue dans le rapport, les autorit\u00e9s fran\u00e7aises \u00abindiquent leur intention de renforcer la formation dispens\u00e9e aux forces de l\u2019ordre\u00bb et s\u2019engagent \u00ab\u00e0 r\u00e9aliser des travaux ou des am\u00e9liorations des conditions mat\u00e9rielles\u00bb.<\/p>\n<p class=\"fig-paragraph\">D\u00e9but janvier, le ministre de la Justice G\u00e9rald Darmanin a dit vouloir vaincre la surpopulation carc\u00e9rale, notamment en construisant des prisons, mais en \u00e9cartant toute r\u00e9gulation du nombre de d\u00e9tenus. Son minist\u00e8re compte ouvrir d\u2019ici un an et demi 3.000 places suppl\u00e9mentaires dans des prisons modulaires. Selon les chiffres officiels, il y avait un nombre record de 86.229 d\u00e9tenus pour 63.613 places de prison en France au 1er d\u00e9cembre 2025, soit un taux d\u2019occupation globale de 136,5%.<\/p>\n<p class=\"fig-paragraph\">\u00abLe CPT est fermement convaincu que la construction de nouvelles prisons ou l\u2019augmentation de la capacit\u00e9 des prisons ne constituent pas une solution durable au probl\u00e8me de la surpopulation\u00bb, selon le rapport. La France figure parmi les mauvais \u00e9l\u00e8ves en Europe en termes de densit\u00e9 carc\u00e9rale. Seules la Slov\u00e9nie et Chypre font pire, selon une \u00e9tude publi\u00e9e en juillet par le Conseil de l\u2019Europe, qui compte 46 pays membres.<\/p>\n","protected":false},"excerpt":{"rendered":"Dans un rapport, le Conseil de l\u2019Europe \u00e9pingle la violence, l\u2019insalubrit\u00e9 et la surpopulation carc\u00e9rale des prisons fran\u00e7aises.&hellip;\n","protected":false},"author":2,"featured_media":680116,"comment_status":"","ping_status":"","sticky":false,"template":"","format":"standard","meta":{"footnotes":""},"categories":[1586],"tags":[11,1777,674,1011,27,12,806,25],"class_list":{"0":"post-680115","1":"post","2":"type-post","3":"status-publish","4":"format-standard","5":"has-post-thumbnail","7":"category-europe","8":"tag-actualites","9":"tag-eu","10":"tag-europe","11":"tag-fr","12":"tag-france","13":"tag-news","14":"tag-prison","15":"tag-republique-francaise"},"share_on_mastodon":{"url":"https:\/\/pubeurope.com\/@fr\/115935699534859660","error":""},"_links":{"self":[{"href":"https:\/\/www.europesays.com\/fr\/wp-json\/wp\/v2\/posts\/680115","targetHints":{"allow":["GET"]}}],"collection":[{"href":"https:\/\/www.europesays.com\/fr\/wp-json\/wp\/v2\/posts"}],"about":[{"href":"https:\/\/www.europesays.com\/fr\/wp-json\/wp\/v2\/types\/post"}],"author":[{"embeddable":true,"href":"https:\/\/www.europesays.com\/fr\/wp-json\/wp\/v2\/users\/2"}],"replies":[{"embeddable":true,"href":"https:\/\/www.europesays.com\/fr\/wp-json\/wp\/v2\/comments?post=680115"}],"version-history":[{"count":0,"href":"https:\/\/www.europesays.com\/fr\/wp-json\/wp\/v2\/posts\/680115\/revisions"}],"wp:featuredmedia":[{"embeddable":true,"href":"https:\/\/www.europesays.com\/fr\/wp-json\/wp\/v2\/media\/680116"}],"wp:attachment":[{"href":"https:\/\/www.europesays.com\/fr\/wp-json\/wp\/v2\/media?parent=680115"}],"wp:term":[{"taxonomy":"category","embeddable":true,"href":"https:\/\/www.europesays.com\/fr\/wp-json\/wp\/v2\/categories?post=680115"},{"taxonomy":"post_tag","embeddable":true,"href":"https:\/\/www.europesays.com\/fr\/wp-json\/wp\/v2\/tags?post=680115"}],"curies":[{"name":"wp","href":"https:\/\/api.w.org\/{rel}","templated":true}]}}