{"id":680139,"date":"2026-01-21T23:49:09","date_gmt":"2026-01-21T23:49:09","guid":{"rendered":"https:\/\/www.europesays.com\/fr\/680139\/"},"modified":"2026-01-21T23:49:09","modified_gmt":"2026-01-21T23:49:09","slug":"rebecca-ma-quitte-pierre-perret-91-ans-sort-du-silence-et-rend-un-dernier-hommage-a-la-femme-de-sa-vie","status":"publish","type":"post","link":"https:\/\/www.europesays.com\/fr\/680139\/","title":{"rendered":"\u00ab\u00a0Rebecca m&rsquo;a quitt\u00e9\u00a0\u00bb&#8230; Pierre Perret (91 ans) sort du silence et rend un dernier hommage \u00e0 la femme de sa vie"},"content":{"rendered":"<p data-start=\"0\" data-end=\"320\" data-is-last-node=\"\" data-is-only-node=\"\">Simone Mazaltarim, affectueusement surnomm\u00e9e<br \/>\n<a href=\"https:\/\/www.grazia.fr\/people\/elle-netait-pas-malade-qui-etait-rebecca-lamour-de-la-vie-de-pierre-perret-depuis-64-ans-decedee-subitement-1212939.html\" target=\"_blank\" rel=\"noopener\">Rebecca<\/a> par son mari<br \/>\n<strong>Pierre Perret<\/strong>, s\u00a0\u00bbest \u00e9teinte dans la nuit du 3 au<br \/>\n4 janvier.\u00a0 Ils s&rsquo;\u00e9taient rencontr\u00e9s en 1957 et mari\u00e9s cinq<br \/>\nans plus tard. De leur union sont n\u00e9s trois enfants, mari\u00e9 en 1962,<br \/>\ndepuis, il filait le parfait amour. Ensemble, ils ont eu trois<br \/>\nenfants : Anne et Alain, des jumeaux n\u00e9s en 1962, et Julie, n\u00e9e en<br \/>\n1963 (d\u00e9c\u00e9d\u00e9e en 1995). Trois semaines apr\u00e8s la disparition de la<br \/>\nfemme de sa vie, Pierre Perret, 91 ans, lui a rendu un ultime<br \/>\nhommage sur les r\u00e9seaux sociaux. Un message accompagn\u00e9 d&rsquo;une photo<br \/>\nde tous les deux.<\/p>\n<p>\u00ab\u00a0Rebecca nous a quitt\u00e9s&#8230;\u00a0\u00bb<\/p>\n<p>\u00ab\u00a0Mes loulous, mes amis, Rebecca m&rsquo;a quitt\u00e9. Rebecca nous a<br \/>\nquitt\u00e9s. C&rsquo;est la premi\u00e8re fois apr\u00e8s sept d\u00e9cennies de joies, de<br \/>\ngal\u00e8res, d&rsquo;amour, <a href=\"https:\/\/www.grazia.fr\/people\/je-ne-les-vois-pas-pierre-perret-revele-pourquoi-il-ne-voit-plus-ses-enfants-et-petits-enfants-1213372.html\" target=\"_blank\" rel=\"noopener\">commence l&rsquo;artiste<\/a>. D&rsquo;aucuns<br \/>\nne la trouvaient pas commode\u2026 et elle ne l&rsquo;\u00e9tait pas effectivement<br \/>\nlorsqu&rsquo;on s&rsquo;en prenait \u00e0 son mari. \u00ab\u00a0Faire du Rebecca\u00a0\u00bb en cette<br \/>\nlangue argotique qui m&rsquo;a toujours \u00e9t\u00e9 famili\u00e8re, signifie faire un<br \/>\nsouk, renverser la table\u2026 en un mot \u00ab\u00a0foutre le bordel\u00a0\u00bb !,<br \/>\npoursuit Pierre Perret. Et, elle l&rsquo;a foutu souvent pour tous<br \/>\nceux qui s&rsquo;en prenaient \u00e0 moi, \u00e0 nous !&#8230; Avec la m\u00eame force<br \/>\nqu&rsquo;elle d\u00e9ployait d&rsquo;ailleurs \u00e0 <strong>d\u00e9fendre ceux qu&rsquo;elle<br \/>\naimait<\/strong>.\u00a0\u00bb<\/p>\n<p>Il ajoute que sa femme n&rsquo;aimait pas les \u00ab\u00a0cons<br \/>\nobstin\u00e9s\u00a0\u00bb, \u00ab\u00a0ce pl\u00e9onasme r\u00e9jouissant ne r\u00e9sumait-il pas \u00e0<br \/>\nlui seul la r\u00e9currente aversion qu&rsquo;elle avait eue toute sa vie pour<br \/>\ntous les racistes, les antis\u00e9mites, les cogneurs de femmes et<br \/>\nautres machos d\u00e9c\u00e9r\u00e9br\u00e9s que son mari avait combattus toute sa vie<br \/>\n?, souligne l&rsquo;interpr\u00e8te de La cage aux oiseaux.<br \/>\nC&rsquo;est pourquoi, nul n&rsquo;oubliera jamais sa lucidit\u00e9 si terrible,<br \/>\nses moqueries, ni cet immense amour qu&rsquo;elle diffusait autour<br \/>\nd&rsquo;elle\u2026 Non ma femme, non ma Simone, ma Rebecca, personne jamais ne<br \/>\nt&rsquo;oubliera. Eh oui, nous t&rsquo;aimerons toujours\u00a0\u00bb, conclut-il.<\/p>\n<blockquote class=\"instagram-media\" style=\"background: #ffffff;border: 0;margin: 1px;width: 100%;padding: 0;max-width: 500px;\" data-instgrm-permalink=\"https:\/\/www.instagram.com\/p\/DTimUBDj9sf\/\" data-instgrm-version=\"14\"\/>\n<p><script async src=\"\/\/www.instagram.com\/embed.js\"><\/script><\/p>\n","protected":false},"excerpt":{"rendered":"Simone Mazaltarim, affectueusement surnomm\u00e9e Rebecca par son mari Pierre Perret, s\u00a0\u00bbest \u00e9teinte dans la nuit du 3 au&hellip;\n","protected":false},"author":2,"featured_media":680140,"comment_status":"","ping_status":"","sticky":false,"template":"","format":"standard","meta":{"footnotes":""},"categories":[1355],"tags":[3632,13041,1764,1805,4431,58,3029,59,12219,1294,1011,27,4879,4743,22636,1361,873,43785,11850,19080,77786,1445,10649,15980,4102,9066,4717],"class_list":{"0":"post-680139","1":"post","2":"type-post","3":"status-publish","4":"format-standard","5":"has-post-thumbnail","7":"category-musique","8":"tag-3632","9":"tag-a","10":"tag-ans","11":"tag-de","12":"tag-dernier","13":"tag-divertissement","14":"tag-du","15":"tag-entertainment","16":"tag-et","17":"tag-femme","18":"tag-fr","19":"tag-france","20":"tag-hommage","21":"tag-la","22":"tag-ma","23":"tag-music","24":"tag-musique","25":"tag-perret","26":"tag-pierre","27":"tag-quitte","28":"tag-rebecca","29":"tag-rend","30":"tag-sa","31":"tag-silence","32":"tag-sort","33":"tag-un","34":"tag-vie"},"share_on_mastodon":{"url":"https:\/\/pubeurope.com\/@fr\/115935770311412526","error":""},"_links":{"self":[{"href":"https:\/\/www.europesays.com\/fr\/wp-json\/wp\/v2\/posts\/680139","targetHints":{"allow":["GET"]}}],"collection":[{"href":"https:\/\/www.europesays.com\/fr\/wp-json\/wp\/v2\/posts"}],"about":[{"href":"https:\/\/www.europesays.com\/fr\/wp-json\/wp\/v2\/types\/post"}],"author":[{"embeddable":true,"href":"https:\/\/www.europesays.com\/fr\/wp-json\/wp\/v2\/users\/2"}],"replies":[{"embeddable":true,"href":"https:\/\/www.europesays.com\/fr\/wp-json\/wp\/v2\/comments?post=680139"}],"version-history":[{"count":0,"href":"https:\/\/www.europesays.com\/fr\/wp-json\/wp\/v2\/posts\/680139\/revisions"}],"wp:featuredmedia":[{"embeddable":true,"href":"https:\/\/www.europesays.com\/fr\/wp-json\/wp\/v2\/media\/680140"}],"wp:attachment":[{"href":"https:\/\/www.europesays.com\/fr\/wp-json\/wp\/v2\/media?parent=680139"}],"wp:term":[{"taxonomy":"category","embeddable":true,"href":"https:\/\/www.europesays.com\/fr\/wp-json\/wp\/v2\/categories?post=680139"},{"taxonomy":"post_tag","embeddable":true,"href":"https:\/\/www.europesays.com\/fr\/wp-json\/wp\/v2\/tags?post=680139"}],"curies":[{"name":"wp","href":"https:\/\/api.w.org\/{rel}","templated":true}]}}