{"id":680177,"date":"2026-01-22T00:12:43","date_gmt":"2026-01-22T00:12:43","guid":{"rendered":"https:\/\/www.europesays.com\/fr\/680177\/"},"modified":"2026-01-22T00:12:43","modified_gmt":"2026-01-22T00:12:43","slug":"comment-sy-prendre-pour-observer-et-compter-les-oiseaux-dans-les-jardins","status":"publish","type":"post","link":"https:\/\/www.europesays.com\/fr\/680177\/","title":{"rendered":"Comment s\u2019y prendre pour observer et compter les oiseaux dans les jardins\u00a0?"},"content":{"rendered":"<p>Rouge-gorge, m\u00e9sange bleue, pinson des arbres, moineau domestique, sittelle torchepot\u2026 Savez-vous quelles esp\u00e8ces d\u2019oiseaux vivent autour de vous\u00a0?<\/p>\n<p>Le comptage des oiseaux des jardins est un programme de science participative pour lequel chaque citoyen peut contribuer \u00e0 mieux conna\u00eetre les populations d\u2019oiseaux qui fr\u00e9quentent les jardins. Deux temps forts sont ainsi organis\u00e9s\u00a0: fin janvier pour les oiseaux hivernants et en mai pour les oiseaux nicheurs. Si on n\u2019a pas de jardin, il est possible de participer en comptant les oiseaux dans un parc public ou un square.<\/p>\n<p><strong>Lire aussi\u00a0:<\/strong> <a href=\"https:\/\/rennes.maville.com\/actu\/actudet_-apprenez-a-reconnaitre-et-a-compter-les-oiseaux-samedi-avec-les-jeunes-benevoles-de-la-lpo-rennes-_52674-6821216_actu.Htm\" target=\"_blank\" rel=\"noopener\"> Apprenez \u00e0 reconna\u00eetre et \u00e0 compter les oiseaux samedi, avec les jeunes b\u00e9n\u00e9voles de la LPO Rennes<\/a><\/p>\n<p>\u00ab\u00a0Envoyer ses observations sur le site d\u00e9di\u00e9\u00a0\u00bb<\/p>\n<p>Agn\u00e8s Moulin, pr\u00e9sidente de l\u2019association Falco (Faune association locale du Clos-aux-Oiseaux de Saint-Malo-de-Phily) et ornithologue amatrice y participe depuis une dizaine d\u2019ann\u00e9es. Elle nous explique comment se fait le comptage\u00a0: \u00a0Il faut d\u2019abord choisir un lieu d\u2019observation dans un jardin, s\u2019y poser pendant une heure et compter, pour chaque esp\u00e8ce, le nombre d\u2019individus vus ensemble en m\u00eame temps. Il s\u2019agit ensuite d\u2019envoyer ses observations sur le site d\u00e9di\u00e9.\u00a0<\/p>\n<p>Agn\u00e8s Moulin est heureuse de s\u2019impliquer dans un programme scientifique, une mani\u00e8re pour elle de prendre part \u00e0 la pr\u00e9servation de la nature. C\u2019est aussi pour elle \u00a0un moment de pl\u00e9nitude, presque m\u00e9ditatif o\u00f9 je me sens en harmonie avec la nature. Avant, je le faisais avec ma fille quand elle \u00e9tait plus jeune\u00a0\u00bb, confie-t-elle.<\/p>\n<p>Tout le monde peut participer quel que soit son niveau de connaissance. Des fiches d\u2019identification sont disponibles en ligne sur le site Oiseaux des jardins et les esp\u00e8ces des jardins sont communes. \u00a0Quand on commence, on peut noter uniquement les esp\u00e8ces qu\u2019on est capable de reconna\u00eetre. Ce n\u2019est pas grave si ce n\u2019est pas exhaustif\u00a0 rassure-t-elle.<\/p>\n<p>Le comptage est une occasion d\u2019apprendre et de mieux conna\u00eetre la faune sauvage avec laquelle nous cohabitons. \u00a0Observez les oiseaux de mon jardin m\u2019a permis, au fur et \u00e0 mesure, de reconna\u00eetre de plus en plus d\u2019esp\u00e8ces et d\u2019y associer leurs chants, ce qui \u00e9tait difficile pour moi au d\u00e9but.\u00a0 Bien s\u00fbr, plus le jardin pr\u00e9sente des habitats naturels et semi-naturels, plus la chance d\u2019observer des oiseaux est grande. Agn\u00e8s Moulin a install\u00e9 plusieurs nichoirs \u00e0 moineau pour combler le manque de cavit\u00e9s de nos habitations modernes. \u00a0Ils sont m\u00eame occup\u00e9s en hiver, en dehors de la p\u00e9riode de nidification. Les oiseaux s\u2019en servent comme abri\u00a0 raconte-t-elle.<\/p>\n<p><strong>Samedi\u00a024 et dimanche 25\u00a0janvier 2026,<\/strong> observation et comptage des oiseaux. Contact\u00a0: inscription sur www.oiseauxdesjardins.fr, falcosmp.wixsite.com\/asso<\/p>\n<p>\u00a0<\/p>\n","protected":false},"excerpt":{"rendered":"Rouge-gorge, m\u00e9sange bleue, pinson des arbres, moineau domestique, sittelle torchepot\u2026 Savez-vous quelles esp\u00e8ces d\u2019oiseaux vivent autour de vous\u00a0?&hellip;\n","protected":false},"author":2,"featured_media":680178,"comment_status":"","ping_status":"","sticky":false,"template":"","format":"standard","meta":{"footnotes":""},"categories":[2821],"tags":[1111,11,829,33563,1777,674,1011,27,18621,12,41965,4964,4571,584,25],"class_list":{"0":"post-680177","1":"post","2":"type-post","3":"status-publish","4":"format-standard","5":"has-post-thumbnail","7":"category-rennes","8":"tag-actu","9":"tag-actualites","10":"tag-bretagne","11":"tag-compter","12":"tag-eu","13":"tag-europe","14":"tag-fr","15":"tag-france","16":"tag-jardins","17":"tag-news","18":"tag-observer","19":"tag-oiseaux","20":"tag-prendre","21":"tag-rennes","22":"tag-republique-francaise"},"share_on_mastodon":{"url":"https:\/\/pubeurope.com\/@fr\/115935860778562598","error":""},"_links":{"self":[{"href":"https:\/\/www.europesays.com\/fr\/wp-json\/wp\/v2\/posts\/680177","targetHints":{"allow":["GET"]}}],"collection":[{"href":"https:\/\/www.europesays.com\/fr\/wp-json\/wp\/v2\/posts"}],"about":[{"href":"https:\/\/www.europesays.com\/fr\/wp-json\/wp\/v2\/types\/post"}],"author":[{"embeddable":true,"href":"https:\/\/www.europesays.com\/fr\/wp-json\/wp\/v2\/users\/2"}],"replies":[{"embeddable":true,"href":"https:\/\/www.europesays.com\/fr\/wp-json\/wp\/v2\/comments?post=680177"}],"version-history":[{"count":0,"href":"https:\/\/www.europesays.com\/fr\/wp-json\/wp\/v2\/posts\/680177\/revisions"}],"wp:featuredmedia":[{"embeddable":true,"href":"https:\/\/www.europesays.com\/fr\/wp-json\/wp\/v2\/media\/680178"}],"wp:attachment":[{"href":"https:\/\/www.europesays.com\/fr\/wp-json\/wp\/v2\/media?parent=680177"}],"wp:term":[{"taxonomy":"category","embeddable":true,"href":"https:\/\/www.europesays.com\/fr\/wp-json\/wp\/v2\/categories?post=680177"},{"taxonomy":"post_tag","embeddable":true,"href":"https:\/\/www.europesays.com\/fr\/wp-json\/wp\/v2\/tags?post=680177"}],"curies":[{"name":"wp","href":"https:\/\/api.w.org\/{rel}","templated":true}]}}