{"id":680204,"date":"2026-01-22T00:28:16","date_gmt":"2026-01-22T00:28:16","guid":{"rendered":"https:\/\/www.europesays.com\/fr\/680204\/"},"modified":"2026-01-22T00:28:16","modified_gmt":"2026-01-22T00:28:16","slug":"les-agents-de-la-region-en-colere-apres-une-decision-polemique","status":"publish","type":"post","link":"https:\/\/www.europesays.com\/fr\/680204\/","title":{"rendered":"les agents de la R\u00e9gion en col\u00e8re apr\u00e8s une d\u00e9cision pol\u00e9mique"},"content":{"rendered":"<p>                    Par<br \/>\n        <strong><br \/>\n            <a href=\"https:\/\/actu.fr\/auteur\/theo-zuili\" title=\"Consulter tous les articles de Th\u00e9o Zuili\" target=\"_blank\" rel=\"noopener\">Th\u00e9o Zuili<\/a><br \/>\n                    <\/strong><\/p>\n<p>        Publi\u00e9 le<\/p>\n<p>            21 janv. 2026 \u00e0 17h42        <\/p>\n<p>\u00c0 la R\u00e9gion Auvergne-Rh\u00f4ne-Alpes, en plus du jour de carence national non pay\u00e9, l\u2019ex\u00e9cutif LR de <a href=\"https:\/\/actu.fr\/politique\/fabrice-pannekoucke-succede-a-laurent-wauquiez-qui-est-le-nouveau-president-d-aura_61570370.html\" target=\"_blank\" rel=\"noopener\">Fabrice Pannekouke<\/a>, successeur de <a href=\"https:\/\/actu.fr\/tag\/laurent-wauquiez\" target=\"_blank\" rel=\"noopener\">Laurent Wauquiez<\/a>, a d\u00e9cid\u00e9 de retenir <strong>jusqu\u2019\u00e0 sept jours de carence<\/strong> sur les primes en cas d\u2019arr\u00eat maladie.<br \/>Une mesure mise en place d\u00e8s le 1\u1d49\u02b3 janvier 2026, voulue comme \u00ab\u00a0une politique de lutte contre l\u2019absent\u00e9isme\u00a0\u00bb qui concerne les pr\u00e8s de 9 000 agents administratifs, techniques et lyc\u00e9es de la R\u00e9gion avec des pertes de revenus pouvant atteindre \u00ab\u00a0environ <strong>200 euros nets<\/strong> pour dix jours d\u2019arr\u00eat en un mois\u00a0\u00bb, selon les syndicats qui d\u00e9noncent.<\/p>\n<p>\u00ab\u00a0Le choix du m\u00e9rite\u00a0\u00bb<\/p>\n<p class=\" wall-content\">Dans sa communication sur le sujet, la R\u00e9gion Auvergne-Rh\u00f4ne-Alpes d\u00e9fend \u00ab\u00a0le choix du m\u00e9rite\u00a0\u00bb face \u00e0 <strong>un taux d\u2019absent\u00e9isme atteignant 10 %<\/strong>, soit environ \u00ab\u00a0700 agents et 160 000 heures perdues\u00a0\u00bb.<\/p>\n<p class=\" wall-content\">Au sein du nouveau r\u00e9gime indemnitaire des agents, la R\u00e9gion pr\u00e9voit de \u00ab\u00a0r\u00e9injecter les \u00e9conomies r\u00e9alis\u00e9es gr\u00e2ce aux jours de carence <strong>au b\u00e9n\u00e9fice des agents<\/strong> les plus investis\u00a0\u00bb.<\/p>\n<p>    <a href=\"https:\/\/www.facebook.com\/plugins\/post.php?href=https%3A%2F%2Fwww.facebook.com%2FRegionAuvergneRhoneAlpes%2Fposts%2Fpfbid02wfR8EUDkZ66kixC5d6t9FYkdEY21LUtx58hHnsaXkafEqrdy7zngZSmLrj8ajDVrl&amp;show_text=true&amp;width=350\" title=\"Ouvrie le lien\" target=\"_blank\" rel=\"noopener\">Cliquez ici pour visualiser le contenu<\/a><\/p>\n<p class=\" wall-content\">\u00ab\u00a0Il s\u2019agit de mettre en place une part variable dans la r\u00e9mun\u00e9ration des personnels en fonction du m\u00e9rite, de l\u2019investissement, <strong>tout \u00e7a avec des crit\u00e8res vagues<\/strong> et des \u2018groupes de fonction\u2019 (contrairement au r\u00e9gime indiciaire bas\u00e9 sur le grade) tout aussi vagues, dans un contexte permanent de r\u00e9organisation des services et des directions\u00a0\u00bb, d\u00e9noncent Les Ecologistes dans l\u2019opposition du conseil r\u00e9gional.<\/p>\n<p>\u00ab\u00a0Tout le monde est perdant\u00a0\u00bb<\/p>\n<p class=\" wall-content\">L\u2019intersyndicale s\u2019est mobilis\u00e9e en fin d\u2019ann\u00e9e 2025 pour d\u00e9noncer un \u00ab\u00a0dogmatisme pur et simple\u00a0\u00bb. \u00ab\u00a0On nous a dit que les m\u00e9decins faisaient <a href=\"https:\/\/actu.fr\/societe\/arret-maladie-un-jour-de-carence-ou-trois-quelles-sont-les-regles-dans-le-public-et-le-prive_61796879.html\" target=\"_blank\" rel=\"noopener\">des arr\u00eats de complaisance<\/a>, moi je ne le pense pas. Quand vous avez d\u00e9j\u00e0 des probl\u00e8mes de sant\u00e9, vous n\u2019avez pas besoin d\u2019avoir des probl\u00e8mes financiers par-dessus\u00a0\u00bb, tance aupr\u00e8s d\u2019actu Lyon Natalie Sabatier, coordinatrice de la CGT au conseil r\u00e9gional Auvergne-Rh\u00f4ne-Alpes.<\/p>\n<p>Votre r\u00e9gion, votre actu !<\/p>\n<p>Recevez chaque jour les infos qui comptent pour vous.<\/p>\n<p>\t<a href=\"https:\/\/actu.fr\/newsletter\" class=\"ac-btn ac-btn--corner ac-btn--medium ac-btn--blue800\" target=\"_blank\" rel=\"noopener\">S&rsquo;incrire<\/a><\/p>\n<p class=\" wall-content\">\u00ab\u00a0Tout le monde est perdant, <strong>la R\u00e9gion y compris<\/strong>. Ils perdront dans la dur\u00e9e des arr\u00eats : si on ne fait que repousser l\u2019arr\u00eat pour ne pas perdre de salaire, la corde se ronge de plus en plus et l\u2019arr\u00eat finit par \u00eatre encore plus long\u00a0\u00bb, argue la syndicaliste.<\/p>\n<p>La bataille \u00ab\u00a0perdue\u00a0\u00bb par les syndicats<\/p>\n<p class=\" wall-content\">\u00ab\u00a0Burn-out, p\u00e9nibilit\u00e9, d\u00e9sorganisation, perte de sens : derri\u00e8re l\u2019absent\u00e9isme, il y a une r\u00e9alit\u00e9 humaine que votre gestion lib\u00e9rale refuse de voir\u00a0\u00bb, attaque quant \u00e0 elle l\u2019opposition \u00e9cologiste.<\/p>\n<p class=\" wall-content\">\u00ab\u00a0Et quand on accro\u00eet la charge de travail de ceux qui sont pr\u00e9sents car on ne remplace pas les agents, on ne peut pas leur reprocher de finir par tomber malades \u00e0 leur tour. <strong>C\u2019est pas humain<\/strong> pour les personnels qui, on le sait, sont attach\u00e9s \u00e0 essayer de rendre la meilleure qualit\u00e9 de service\u00a0\u00bb, continue Nathalie Sabatier.<\/p>\n<p class=\" wall-content\">\u00ab\u00a0Maintenant \u00e7a a \u00e9t\u00e9 vot\u00e9, la bataille est perdue\u2026 On nous conduit droit dans le mur\u00a0\u00bb, estime-t-elle. La R\u00e9gion, de son c\u00f4t\u00e9, \u00ab\u00a0assume pleinement cette r\u00e9forme, guid\u00e9e par un principe de responsabilit\u00e9 envers les contribuables et les habitants d\u2019Auvergne-Rh\u00f4ne-Alpes\u00a0\u00bb.<\/p>\n<p class=\" wall-content\">Personnalisez votre actualit\u00e9 en ajoutant vos villes et m\u00e9dias en favori avec <a href=\"https:\/\/moncompte.actu.fr\" title=\"D\u00e9couvez Mon Actu\" rel=\"nofollow noopener\" data-trk=\"{&quot;cta&quot;:{&quot;action&quot;:&quot;https:\\\/\\\/moncompte.actu.fr&quot;,&quot;category&quot;:&quot;mon compte&quot;,&quot;from&quot;:&quot;article footer&quot;,&quot;name&quot;:&quot;Mon actu&quot;,&quot;type&quot;:&quot;cta&quot;}}\" target=\"_blank\">Mon Actu<\/a>.<\/p>\n","protected":false},"excerpt":{"rendered":"Par Th\u00e9o Zuili Publi\u00e9 le 21 janv. 2026 \u00e0 17h42 \u00c0 la R\u00e9gion Auvergne-Rh\u00f4ne-Alpes, en plus du jour&hellip;\n","protected":false},"author":2,"featured_media":680205,"comment_status":"","ping_status":"","sticky":false,"template":"","format":"standard","meta":{"footnotes":""},"categories":[1889],"tags":[1111,11,2430,1777,674,1011,27,6151,5639,2428,12,25,104,3427],"class_list":{"0":"post-680204","1":"post","2":"type-post","3":"status-publish","4":"format-standard","5":"has-post-thumbnail","7":"category-lyon","8":"tag-actu","9":"tag-actualites","10":"tag-auvergne-rhone-alpes","11":"tag-eu","12":"tag-europe","13":"tag-fr","14":"tag-france","15":"tag-greve","16":"tag-laurent-wauquiez","17":"tag-lyon","18":"tag-news","19":"tag-republique-francaise","20":"tag-societe","21":"tag-syndicats"},"share_on_mastodon":{"url":"https:\/\/pubeurope.com\/@fr\/115935923737130566","error":""},"_links":{"self":[{"href":"https:\/\/www.europesays.com\/fr\/wp-json\/wp\/v2\/posts\/680204","targetHints":{"allow":["GET"]}}],"collection":[{"href":"https:\/\/www.europesays.com\/fr\/wp-json\/wp\/v2\/posts"}],"about":[{"href":"https:\/\/www.europesays.com\/fr\/wp-json\/wp\/v2\/types\/post"}],"author":[{"embeddable":true,"href":"https:\/\/www.europesays.com\/fr\/wp-json\/wp\/v2\/users\/2"}],"replies":[{"embeddable":true,"href":"https:\/\/www.europesays.com\/fr\/wp-json\/wp\/v2\/comments?post=680204"}],"version-history":[{"count":0,"href":"https:\/\/www.europesays.com\/fr\/wp-json\/wp\/v2\/posts\/680204\/revisions"}],"wp:featuredmedia":[{"embeddable":true,"href":"https:\/\/www.europesays.com\/fr\/wp-json\/wp\/v2\/media\/680205"}],"wp:attachment":[{"href":"https:\/\/www.europesays.com\/fr\/wp-json\/wp\/v2\/media?parent=680204"}],"wp:term":[{"taxonomy":"category","embeddable":true,"href":"https:\/\/www.europesays.com\/fr\/wp-json\/wp\/v2\/categories?post=680204"},{"taxonomy":"post_tag","embeddable":true,"href":"https:\/\/www.europesays.com\/fr\/wp-json\/wp\/v2\/tags?post=680204"}],"curies":[{"name":"wp","href":"https:\/\/api.w.org\/{rel}","templated":true}]}}