{"id":68021,"date":"2025-05-01T23:41:09","date_gmt":"2025-05-01T23:41:09","guid":{"rendered":"https:\/\/www.europesays.com\/fr\/68021\/"},"modified":"2025-05-01T23:41:09","modified_gmt":"2025-05-01T23:41:09","slug":"previsions-du-vendredi-2-mai-2025-8","status":"publish","type":"post","link":"https:\/\/www.europesays.com\/fr\/68021\/","title":{"rendered":"pr\u00e9visions du vendredi 2 mai 2025"},"content":{"rendered":"<p>Un beau soleil est pr\u00e9vu aujourd&rsquo;hui \u00e0 Lille. Il va faire 19\u00b0C en moyenne. Dans la matin\u00e9e, les temp\u00e9ratures tourneront autour des 20\u00b0C. Un vent d&rsquo;ouest rafra\u00eechira quelque peu l&rsquo;atmosph\u00e8re. Une m\u00e9t\u00e9o plus chaude est pr\u00e9vue l&rsquo;apr\u00e8s-midi puisque les temp\u00e9ratures vont enregistrer une augmentation. Les valeurs afficheront entre 22 et 24\u00b0C. Le soir, on anticipe des valeurs d&rsquo;environ 17\u00b0C. Le passage de vendredi \u00e0 samedi se fera sous un ciel d\u00e9pourvu de nuages.<\/p>\n<p>Le ciel sera toujours couvert demain, \u00e0 Lille, avec des nuages. Une chute des temp\u00e9ratures est \u00e0 pr\u00e9voir. Les valeurs seront comprises entre 9 et 20\u00b0C. D&rsquo;un autre c\u00f4t\u00e9, un superbe soleil va briller et ce, tout au long de la matin\u00e9e. Il fera en moyenne 17\u00b0C. Une l\u00e9g\u00e8re brise de nord-est sera ressentie par les habitants. Il va pleuvoir demain apr\u00e8s-midi. Les valeurs iront de 13 \u00e0 20\u00b0C. Des pluies \u00e9parses vont tomber au cours de la soir\u00e9e. Les temp\u00e9ratures tourneront autour des 11\u00b0C. Un vent de nord soufflera doucement.<\/p>\n<p>Les jours se suivent mais ne se ressemblent pas. Le temps sera changeant les prochains jours. Dimanche, les conditions m\u00e9t\u00e9orologiques seront ensoleill\u00e9es alors qu&rsquo;une d\u00e9gradation est pr\u00e9vue lundi.<\/p>\n<p><\/p>\n","protected":false},"excerpt":{"rendered":"Un beau soleil est pr\u00e9vu aujourd&rsquo;hui \u00e0 Lille. Il va faire 19\u00b0C en moyenne. Dans la matin\u00e9e, les&hellip;\n","protected":false},"author":2,"featured_media":68022,"comment_status":"","ping_status":"","sticky":false,"template":"","format":"standard","meta":{"footnotes":""},"categories":[2815],"tags":[1111,11,1777,674,1011,27,811,1307,12,1308,1309,2119,25],"class_list":{"0":"post-68021","1":"post","2":"type-post","3":"status-publish","4":"format-standard","5":"has-post-thumbnail","7":"category-lille","8":"tag-actu","9":"tag-actualites","10":"tag-eu","11":"tag-europe","12":"tag-fr","13":"tag-france","14":"tag-hauts-de-france","15":"tag-lille","16":"tag-news","17":"tag-nord","18":"tag-nord-pas-de-calais","19":"tag-previsions-meteo","20":"tag-republique-francaise"},"share_on_mastodon":{"url":"https:\/\/pubeurope.com\/@fr\/114435226519825836","error":""},"_links":{"self":[{"href":"https:\/\/www.europesays.com\/fr\/wp-json\/wp\/v2\/posts\/68021","targetHints":{"allow":["GET"]}}],"collection":[{"href":"https:\/\/www.europesays.com\/fr\/wp-json\/wp\/v2\/posts"}],"about":[{"href":"https:\/\/www.europesays.com\/fr\/wp-json\/wp\/v2\/types\/post"}],"author":[{"embeddable":true,"href":"https:\/\/www.europesays.com\/fr\/wp-json\/wp\/v2\/users\/2"}],"replies":[{"embeddable":true,"href":"https:\/\/www.europesays.com\/fr\/wp-json\/wp\/v2\/comments?post=68021"}],"version-history":[{"count":0,"href":"https:\/\/www.europesays.com\/fr\/wp-json\/wp\/v2\/posts\/68021\/revisions"}],"wp:featuredmedia":[{"embeddable":true,"href":"https:\/\/www.europesays.com\/fr\/wp-json\/wp\/v2\/media\/68022"}],"wp:attachment":[{"href":"https:\/\/www.europesays.com\/fr\/wp-json\/wp\/v2\/media?parent=68021"}],"wp:term":[{"taxonomy":"category","embeddable":true,"href":"https:\/\/www.europesays.com\/fr\/wp-json\/wp\/v2\/categories?post=68021"},{"taxonomy":"post_tag","embeddable":true,"href":"https:\/\/www.europesays.com\/fr\/wp-json\/wp\/v2\/tags?post=68021"}],"curies":[{"name":"wp","href":"https:\/\/api.w.org\/{rel}","templated":true}]}}