{"id":680226,"date":"2026-01-22T00:41:13","date_gmt":"2026-01-22T00:41:13","guid":{"rendered":"https:\/\/www.europesays.com\/fr\/680226\/"},"modified":"2026-01-22T00:41:13","modified_gmt":"2026-01-22T00:41:13","slug":"un-moment-historique-le-solaire-et-leolien-ont-produit-plus-delectricite-que-le-fossile-en-europe-en-2025","status":"publish","type":"post","link":"https:\/\/www.europesays.com\/fr\/680226\/","title":{"rendered":"\u00ab\u00a0Un moment historique\u00a0\u00bb\u00a0: le solaire et l\u2019\u00e9olien ont produit plus d\u2019\u00e9lectricit\u00e9 que le fossile en Europe en 2025"},"content":{"rendered":"<p class=\"paragraph text_align_left lp-f-body-02\">Voil\u00e0 qui ne va pas plaire \u00e0 <a href=\"https:\/\/www.leparisien.fr\/international\/etats-unis\/donald-trump\/\" target=\"_blank\" rel=\"noreferrer noopener\">Donald Trump<\/a>, critique habituel des <a href=\"https:\/\/www.leparisien.fr\/environnement\/climat\/\" target=\"_blank\" rel=\"noreferrer noopener\">\u00e9nergies renouvelables<\/a>, et qui a <a href=\"https:\/\/www.leparisien.fr\/international\/etats-unis\/paris-a-un-paquet-de-problemes-ils-doivent-arreter-avec-leurs-moulins-donald-trump-se-paie-a-nouveau-la-france-21-01-2026-5VO5MFQJT5HMPOLVHPYSA2SKMA.php\" target=\"_blank\" rel=\"noreferrer noopener\">point\u00e9 cette semaine<\/a> le go\u00fbt des Europ\u00e9ens pour les \u00e9oliennes : les centrales \u00e9oliennes et solaires ont pour la premi\u00e8re fois produit plus d\u2019\u00e9lectricit\u00e9 dans l\u2019Union europ\u00e9enne en 2025 que les \u00e9nergies fossiles, selon un rapport du centre de r\u00e9flexion sur l\u2019\u00e9nergie Ember publi\u00e9 jeudi.<\/p>\n<p class=\"\">Au total, les deux \u00e9nergies issues <a href=\"https:\/\/www.leparisien.fr\/politique\/nucleaire-eolien-solaire-sebastien-lecornu-a-lheure-des-choix-25-11-2025-WQRLKQXQCZCG7H6TUZ22UTHUWE.php\" target=\"_blank\" rel=\"noreferrer noopener\">du vent et du soleil<\/a> \u00ab ont g\u00e9n\u00e9r\u00e9 un record de 30 % de l\u2019\u00e9lectricit\u00e9 de l\u2019UE, devan\u00e7ant les \u00e9nergies fossiles (29 %) \u00bb, indique le think-tank dans son rapport annuel intitul\u00e9 European Electricity Review. \u00ab Ce moment historique montre \u00e0 quelle vitesse l\u2019UE \u00e9volue vers un syst\u00e8me \u00e9nerg\u00e9tique reposant sur l\u2019\u00e9olien et le solaire \u00bb, s\u2019est f\u00e9licit\u00e9 Beatrice Petrovich, auteure du rapport. \u00ab Alors que la d\u00e9pendance aux \u00e9nergies fossiles alimente l\u2019instabilit\u00e9 dans le monde, les enjeux de la transition vers les \u00e9nergies propres sont plus \u00e9vidents que jamais \u00bb, a-t-elle ajout\u00e9.<\/p>\n<p class=\"\">Cette premi\u00e8re est port\u00e9e principalement par l\u2019\u00e9nergie solaire, dont la production a augment\u00e9 de plus de 20 % pour la quatri\u00e8me ann\u00e9e cons\u00e9cutive, indique Ember. Elle repr\u00e9sentait en 2025 13 % de l\u2019\u00e9lectricit\u00e9 produite dans l\u2019UE, un record, devant l\u2019\u00e9lectricit\u00e9 issue des centrales \u00e0 charbon et hydro\u00e9lectriques.<\/p>\n<p class=\"\">L\u2019\u00e9olien a repr\u00e9sent\u00e9 16,9 % de l\u2019\u00e9lectricit\u00e9 produite l\u2019an dernier, en l\u00e9ger recul en raison d\u2019une m\u00e9t\u00e9o moins venteuse en d\u00e9but d\u2019ann\u00e9e, tandis que l\u2019hydraulique a recul\u00e9 plus fortement du fait de pr\u00e9cipitations moindres qu\u2019en 2024 (11,7 %).<\/p>\n<p>Le charbon \u00e0 un niveau plancher, le gaz r\u00e9siste<\/p>\n<p class=\"\">La production d\u2019\u00e9lectricit\u00e9 issue du charbon atteint un nouveau plancher (9,2 %) en 2025 apr\u00e8s des ann\u00e9es de forte baisse, ajoute le rapport qui analyse les donn\u00e9es de production et de demande d\u2019\u00e9lectricit\u00e9 dans les 27 pays de l\u2019UE en 2025. Dans 19 pays de l\u2019UE, la part du charbon dans la production d\u2019\u00e9lectricit\u00e9 est inf\u00e9rieure \u00e0 5 %. Ember rel\u00e8ve en revanche que l\u2019UE reste fortement d\u00e9pendante au gaz (16,7 %).<\/p>\n<p class=\"\">\u00ab L\u2019augmentation de la production d\u2019\u00e9lectricit\u00e9 \u00e0 partir de gaz, conjugu\u00e9e \u00e0 la baisse de la production hydro\u00e9lectrique en 2025, a fait grimper de 16 % la facture des importations de gaz fossile de l\u2019UE et a entra\u00een\u00e9 des flamb\u00e9es des prix sur les march\u00e9s de l\u2019\u00e9lectricit\u00e9 \u00bb, indique-t-il.<\/p>\n<p class=\"title-embed-dailymotion lp-color-text lp-f-subtitle-04\">Vid\u00e9oLa facture d&rsquo;\u00e9lectricit\u00e9 va grimper<\/p>\n<p class=\"\">Or, ajoute Ember, les enjeux sont majeurs pour l\u2019UE en raison du \u00ab risque de chantage \u00e9nerg\u00e9tique de la part des exportateurs d\u2019\u00e9nergies fossiles \u00bb. Une allusion transparente \u00e0 la d\u00e9pendance de l\u2019Europe au gaz russe ou aux injonctions am\u00e9ricaines de s\u2019approvisionner en p\u00e9trole et gaz aupr\u00e8s des <a href=\"https:\/\/www.leparisien.fr\/international\/etats-unis\/\" target=\"_blank\" rel=\"noreferrer noopener\">\u00c9tats-Unis<\/a>.<\/p>\n<p class=\"\">\u00ab Investir dans les \u00e9nergies renouvelables produites localement constitue une strat\u00e9gie essentielle pour att\u00e9nuer ce risque, dans un contexte g\u00e9opolitique toujours plus instable \u00bb, recommande-t-il.<\/p>\n","protected":false},"excerpt":{"rendered":"Voil\u00e0 qui ne va pas plaire \u00e0 Donald Trump, critique habituel des \u00e9nergies renouvelables, et qui a point\u00e9&hellip;\n","protected":false},"author":2,"featured_media":680227,"comment_status":"","ping_status":"","sticky":false,"template":"","format":"standard","meta":{"footnotes":""},"categories":[1586],"tags":[11,1129,436,1777,674,1011,27,12,316,25],"class_list":{"0":"post-680226","1":"post","2":"type-post","3":"status-publish","4":"format-standard","5":"has-post-thumbnail","7":"category-europe","8":"tag-actualites","9":"tag-climat","10":"tag-environnement","11":"tag-eu","12":"tag-europe","13":"tag-fr","14":"tag-france","15":"tag-news","16":"tag-politique","17":"tag-republique-francaise"},"share_on_mastodon":{"url":"https:\/\/pubeurope.com\/@fr\/115935974774489363","error":""},"_links":{"self":[{"href":"https:\/\/www.europesays.com\/fr\/wp-json\/wp\/v2\/posts\/680226","targetHints":{"allow":["GET"]}}],"collection":[{"href":"https:\/\/www.europesays.com\/fr\/wp-json\/wp\/v2\/posts"}],"about":[{"href":"https:\/\/www.europesays.com\/fr\/wp-json\/wp\/v2\/types\/post"}],"author":[{"embeddable":true,"href":"https:\/\/www.europesays.com\/fr\/wp-json\/wp\/v2\/users\/2"}],"replies":[{"embeddable":true,"href":"https:\/\/www.europesays.com\/fr\/wp-json\/wp\/v2\/comments?post=680226"}],"version-history":[{"count":0,"href":"https:\/\/www.europesays.com\/fr\/wp-json\/wp\/v2\/posts\/680226\/revisions"}],"wp:featuredmedia":[{"embeddable":true,"href":"https:\/\/www.europesays.com\/fr\/wp-json\/wp\/v2\/media\/680227"}],"wp:attachment":[{"href":"https:\/\/www.europesays.com\/fr\/wp-json\/wp\/v2\/media?parent=680226"}],"wp:term":[{"taxonomy":"category","embeddable":true,"href":"https:\/\/www.europesays.com\/fr\/wp-json\/wp\/v2\/categories?post=680226"},{"taxonomy":"post_tag","embeddable":true,"href":"https:\/\/www.europesays.com\/fr\/wp-json\/wp\/v2\/tags?post=680226"}],"curies":[{"name":"wp","href":"https:\/\/api.w.org\/{rel}","templated":true}]}}