{"id":680234,"date":"2026-01-22T00:45:25","date_gmt":"2026-01-22T00:45:25","guid":{"rendered":"https:\/\/www.europesays.com\/fr\/680234\/"},"modified":"2026-01-22T00:45:25","modified_gmt":"2026-01-22T00:45:25","slug":"france-la-confiance-comme-socle-a-lheure-du-xive-congres-du-parti","status":"publish","type":"post","link":"https:\/\/www.europesays.com\/fr\/680234\/","title":{"rendered":"France : la confiance comme socle \u00e0 l\u2019heure du XIVe Congr\u00e8s du Parti"},"content":{"rendered":"<p>&#13;<br \/>\n                        Vietnam &#8211; France : la confiance comme socle \u00e0 l\u2019heure du XIVe Congr\u00e8s du Parti&#13;\n                    <\/p>\n<p><a href=\"https:\/\/lecourrier.vn\/un-tournant-strategique-vers-lavenir\/1309913.html\" title=\"Un tournant strat\u00e9gique vers l\u2019avenir\" target=\"_blank\" rel=\"noopener\">&gt;&gt; Un tournant strat\u00e9gique vers l\u2019avenir<\/a><\/p>\n<p><a href=\"https:\/\/lecourrier.vn\/un-depute-russe-souligne-les-succes-du-vietnam-sous-la-direction-du-parti\/1309924.html\" title=\"Un d\u00e9put\u00e9 russe souligne les succ\u00e8s du Vietnam sous la direction du Parti \" target=\"_blank\" rel=\"noopener\">&gt;&gt; Un d\u00e9put\u00e9 russe souligne les succ\u00e8s du Vietnam sous la direction du Parti <\/a><\/p>\n<p><a href=\"https:\/\/lecourrier.vn\/vers-une-pensee-de-rupture-pour-une-croissance-rapide-et-durable-du-vietnam\/1309931.html\" title=\"Vers une pens\u00e9e de rupture pour une croissance rapide et durable du Vietnam\" target=\"_blank\" rel=\"noopener\">&gt;&gt; Vers une pens\u00e9e de rupture pour une croissance rapide et durable du Vietnam<\/a><\/p>\n<p><a href=\"https:\/\/lecourrier.vn\/le-xive-congres-national-du-parti-definit-la-voie-du-developpement-futur\/1309964.html\" title=\"Le XIV&lt;sup&gt;e&lt;\/sup&gt; Congr\u00e8s national du Parti d\u00e9finit la voie du d\u00e9veloppement futur\" target=\"_blank\" rel=\"noopener\">&gt;&gt; Le XIVe Congr\u00e8s national du Parti d\u00e9finit la voie du d\u00e9veloppement futur<\/a><\/p>\n<tr>\n<td class=\"pic\"><img decoding=\"async\" class=\"lazyload\" src=\"https:\/\/www.europesays.com\/fr\/wp-content\/uploads\/2026\/01\/171310-france.png\" alt=\"\"\/><\/td>\n<\/tr>\n<tr>\n<td class=\"caption\"><\/td>\n<\/tr>\n<tr align=\"right\">\n<td class=\"author\">Photo : VNA\/CVN<\/td>\n<\/tr>\n<p style=\"text-align:left\"><b>Le XIVe Congr\u00e8s du PCV est attendu comme un moment cl\u00e9. En quoi est-il important pour le d\u00e9veloppement \u00e0 long terme du Vietnam, dans le contexte actuel de profondes mutations ?<\/b><\/p>\n<p style=\"text-align:left\">Le XIVe Congr\u00e8s intervient \u00e0 un moment charni\u00e8re pour le Vietnam, \u00e0 la fois sur les plans interne et international. Il s\u2019inscrit au terme d\u2019une s\u00e9quence politique tr\u00e8s structur\u00e9e, au cours de laquelle le Vietnam a engag\u00e9 une acc\u00e9l\u00e9ration des r\u00e9formes \u00e9conomiques et administratives. Plusieurs textes structurants ont \u00e9t\u00e9 adopt\u00e9s par l\u2019Assembl\u00e9e nationale en 2025, notamment en mati\u00e8re d\u2019investissement, de gouvernance \u00e9conomique et d\u2019action publique. Ces r\u00e9formes sont suivies de tr\u00e8s pr\u00e8s par les investisseurs internationaux, y compris fran\u00e7ais et europ\u00e9ens.<\/p>\n<p style=\"text-align:left\">Le XIVe Congr\u00e8s se d\u00e9roule \u00e9galement dans un environnement international marqu\u00e9 par une brutalisation des relations internationales, le retour assum\u00e9 des rapports de force, une fragmentation croissante et des incertitudes fortes et durables sur l\u2019avenir, y compris \u00e0 court terme. Dans ce contexte, la France et le Vietnam partagent un attachement commun \u00e0 des principes essentiels : la confiance et le respect des partenaires, la d\u00e9fense des souverainet\u00e9s, ainsi que la pr\u00e9servation du multilat\u00e9ralisme afin de rechercher des solutions collectives aux d\u00e9fis vitaux du monde. Ces principes apportent pr\u00e9visibilit\u00e9 et stabilit\u00e9, et sont indispensables au d\u00e9veloppement \u00e0 long terme.<\/p>\n<p style=\"text-align:left\">En tant que partenaire strat\u00e9gique global, la France entend accompagner le Vietnam dans ses efforts avec une approche tr\u00e8s concr\u00e8te, comme elle le fait depuis quarante ans : appui aux r\u00e9formes, financement de projets structurants et partenariats de long terme dans les secteurs cl\u00e9s de l\u2019\u00e9conomie vietnamienne.<\/p>\n<p style=\"text-align:left\"><b>Quel impact les orientations du Congr\u00e8s peuvent-elles avoir sur la capacit\u00e9 du Vietnam \u00e0 se projeter dans la r\u00e9gion et sur la sc\u00e8ne internationale ?<\/b><\/p>\n<p style=\"text-align:left\">Le Vietnam s\u2019est fix\u00e9 des objectifs clairs \u00e0 l\u2019horizon 2030 et 2045, articulant d\u00e9veloppement \u00e9conomique et social, transition verte et \u00e9conomie num\u00e9rique. Cette trajectoire fait \u00e9voluer son r\u00f4le r\u00e9gional et international, qu\u2019il entend assumer pleinement au service de la stabilit\u00e9.<\/p>\n<p style=\"text-align:left\">La France accompagne cette projection internationale du Vietnam, d\u2019abord \u00e0 travers des coop\u00e9rations concr\u00e8tes sur les enjeux globaux. Sur le climat, par exemple, la France soutient les engagements du Vietnam dans le cadre du Partenariat pour une transition \u00e9nerg\u00e9tique juste (JETP), avec une contribution fran\u00e7aise de 500 millions d\u2019euros via l\u2019Agence fran\u00e7aise de d\u00e9veloppement (AFD), d\u00e9j\u00e0 traduite par des projets concrets portant sur le r\u00e9seau \u00e9lectrique et les infrastructures \u00e9nerg\u00e9tiques.<\/p>\n<tr>\n<td class=\"pic\"><img decoding=\"async\" class=\"lazyload\" src=\"https:\/\/www.europesays.com\/fr\/wp-content\/uploads\/2026\/01\/175144-france-2.png\" alt=\"\"\/><\/td>\n<\/tr>\n<tr>\n<td class=\"caption\"><\/td>\n<\/tr>\n<tr align=\"right\">\n<td class=\"author\">Photo : VNA\/CVN<\/td>\n<\/tr>\n<p style=\"text-align:left\">Dans les transports et les infrastructures, la France souhaite travailler avec le Vietnam sur des projets d\u2019envergure, qu\u2019il s\u2019agisse du ferroviaire, de la connectivit\u00e9 urbaine ou de l\u2019aviation civile. Ces projets structurants, indispensables au d\u00e9veloppement, contribuent directement \u00e0 l\u2019int\u00e9gration r\u00e9gionale du Vietnam et \u00e0 son attractivit\u00e9.<\/p>\n<p style=\"text-align:left\">Enfin, le Vietnam s\u2019affirme de plus en plus comme un acteur engag\u00e9 en faveur de la paix et de la stabilit\u00e9 internationales. Avec l\u2019Union europ\u00e9enne (UE), nous soutenons par exemple le D\u00e9partement des op\u00e9rations de maintien de la paix. Nous avons \u00e9galement salu\u00e9 l\u2019organisation par le Vietnam de la c\u00e9r\u00e9monie de signature de la Convention des Nations unies sur la cybercriminalit\u00e9, qui t\u00e9moigne de sa capacit\u00e9 \u00e0 jouer un r\u00f4le normatif sur la sc\u00e8ne internationale. Nous coop\u00e9rons par ailleurs avec la pr\u00e9sidence vietnamienne de la Conf\u00e9rence d\u2019examen du Trait\u00e9 sur la non-prolif\u00e9ration des armes nucl\u00e9aires.<\/p>\n<p style=\"text-align:left\">Cet engagement se traduit aussi par la participation du Vietnam aux grandes coalitions multilat\u00e9rales sur les biens publics mondiaux. Le Vietnam apporte son plein soutien au Pacte de Paris pour les peuples et la plan\u00e8te et s\u2019est engag\u00e9 sur la gouvernance des oc\u00e9ans en ratifiant l\u2019accord sur la haute mer, dont l\u2019entr\u00e9e en vigueur est pr\u00e9vue le 17 janvier 2026.<\/p>\n<tr>\n<td class=\"pic\"><img decoding=\"async\" class=\"lazyload\" src=\"https:\/\/www.europesays.com\/fr\/wp-content\/uploads\/2026\/01\/180318-doi-moi-1.png\" alt=\"\"\/><\/td>\n<\/tr>\n<tr>\n<td class=\"caption\"><\/td>\n<\/tr>\n<tr align=\"right\">\n<td class=\"author\">Photo : VNA\/CVN<\/td>\n<\/tr>\n<p style=\"text-align:left\"><b>Comment la France per\u00e7oit-elle la gouvernance du Vietnam \u00e0 la lumi\u00e8re de ses succ\u00e8s socio-\u00e9conomiques r\u00e9cents, et quelle appr\u00e9ciation formulez-vous du bilan de 40 ans de D\u00f4i moi ?<\/b><\/p>\n<p style=\"text-align:left\">Le regard de la France s\u2019inscrit dans le temps long. En quarante ans, depuis le lancement du D\u00f4i moi en 1986, le Vietnam a profond\u00e9ment transform\u00e9 son \u00e9conomie, r\u00e9duit massivement la pauvret\u00e9, modernis\u00e9 ses infrastructures et diversifi\u00e9 ses partenariats internationaux. La France accompagne le d\u00e9veloppement du Vietnam depuis sa r\u00e9unification, en investissant tr\u00e8s t\u00f4t dans des coop\u00e9rations culturelles, scientifiques et techniques.<\/p>\n<p style=\"text-align:left\">D\u00e8s 1977, la visite du Premier ministre Pham Van D\u00f4ng en France et la signature d\u2019un accord dans ces domaines ont marqu\u00e9 une \u00e9tape fondatrice.<\/p>\n<p style=\"text-align:left\">Dans les d\u00e9cennies suivantes, la France a soutenu de mani\u00e8re constante l\u2019ancrage du Vietnam dans les cadres europ\u00e9ens et internationaux. On peut rappeler, par exemple, le soutien apport\u00e9 par la France pour l\u2019organisation \u00e0 Hano\u00ef du sommet de la Francophonie en 1997. Cet engagement a contribu\u00e9 \u00e0 la structuration du partenariat entre l\u2019Union europ\u00e9enne et le Vietnam d\u00e8s 1995, \u00e0 travers un accord-cadre de coop\u00e9ration que la France avait fortement soutenu.<\/p>\n<p style=\"text-align:left\">Aujourd\u2019hui, les r\u00e9sultats sont visibles : le Vietnam est une \u00e9conomie dynamique, int\u00e9gr\u00e9e aux cha\u00eenes de valeur mondiales et un partenaire central au sein de l\u2019ASEAN. La France continue d\u2019accompagner cette trajectoire par des coop\u00e9rations \u00e9conomiques, universitaires, scientifiques et institutionnelles.<\/p>\n<p style=\"text-align:left\"><b>Apr\u00e8s le quinquennat 2021-2025 marqu\u00e9 par la pand\u00e9mie et des turbulences internationales, quelles orientations vous paraissent d\u00e9terminantes pour les secteurs de partenariat bilat\u00e9ral ?<\/b><\/p>\n<p style=\"text-align:left\">La p\u00e9riode 2021-2025 a constitu\u00e9 un v\u00e9ritable test de r\u00e9silience et de solidarit\u00e9. Elle a montr\u00e9 l\u2019importance de disposer de syst\u00e8mes de sant\u00e9 solides et de cha\u00eenes d\u2019approvisionnement robustes. Pendant la pand\u00e9mie de COVID-19, la coop\u00e9ration sanitaire franco-vietnamienne a eu une dimension tr\u00e8s concr\u00e8te et humaine : le Vietnam a fourni des masques \u00e0 la France, et la France a apport\u00e9 des vaccins au Vietnam.<\/p>\n<p style=\"text-align:left\">Pour les ann\u00e9es \u00e0 venir, plusieurs orientations seront d\u00e9terminantes. D\u2019abord, l\u2019investissement dans les comp\u00e9tences, la formation et la recherche. La mont\u00e9e en gamme de l\u2019\u00e9conomie vietnamienne cr\u00e9e un besoin massif de ressources humaines qualifi\u00e9es, et la France dispose d\u2019une offre solide en mati\u00e8re de formation universitaire, scientifique et technologique. Depuis trente ans, les coop\u00e9rations sont nombreuses, notamment \u00e0 travers trois campus franco-vietnamiens particuli\u00e8rement performants : le Centre Franco-Vietnamien de Gestion, le Programme de Formation d\u2019Ing\u00e9nieurs d\u2019Excellence au Vietnam et l\u2019Universit\u00e9 des sciences et technologies de Hano\u00ef.<\/p>\n<tr>\n<td class=\"pic\"><img decoding=\"async\" class=\"lazyload\" src=\"https:\/\/www.europesays.com\/fr\/wp-content\/uploads\/2026\/01\/173908-france-1.png\" alt=\"\"\/><\/td>\n<\/tr>\n<tr>\n<td class=\"caption\">Le Vietnam et la France ont \u00e9tabli un partenariat strat\u00e9gique global \u00e0 l\u2019occasion de la visite du secr\u00e9taire g\u00e9n\u00e9ral T\u00f4 L\u00e2m \u00e0 Paris du 3 \u00e0 7 octobre 2024.\u00a0<\/td>\n<\/tr>\n<tr align=\"right\">\n<td class=\"author\">Photo : VNA\/CVN<\/td>\n<\/tr>\n<p style=\"text-align:left\">Il ne peut toutefois y avoir de d\u00e9veloppement durable sans transition verte visant \u00e0 pr\u00e9venir les risques li\u00e9s \u00e0 la perte de biodiversit\u00e9. Le Vietnam est particuli\u00e8rement expos\u00e9 aux effets du changement climatique. Le dixi\u00e8me anniversaire de l\u2019Accord de Paris, c\u00e9l\u00e9br\u00e9 \u00e0 l\u2019ambassade de France \u00e0 Hanoi en d\u00e9cembre dernier avec l\u2019ambassade du Br\u00e9sil, pays h\u00f4te de la COP de Bel\u00e9m, et la participation d\u2019autorit\u00e9s vietnamiennes, de l\u2019Union europ\u00e9enne et des Nations unies, a rappel\u00e9 notre volont\u00e9 commune de poursuivre nos efforts collectifs, avec le multilat\u00e9ralisme comme fondement.<\/p>\n<p style=\"text-align:left\">Concr\u00e8tement, la France accompagne les efforts du Vietnam pour atteindre la neutralit\u00e9 carbone d\u2019ici 2050, notamment \u00e0 travers le JETP. Deux premiers projets financ\u00e9s par l\u2019AFD ont d\u00e9j\u00e0 \u00e9t\u00e9 mis en \u0153uvre en 2025. Des financements structurants ont \u00e9t\u00e9 engag\u00e9s, notamment 67 millions d\u2019euros pour le r\u00e9seau de transport \u00e9lectrique et 76 millions d\u2019euros pour le projet de pompage-turbinage de Bac \u00c1i, essentiel \u00e0 l\u2019int\u00e9gration des \u00e9nergies renouvelables.<\/p>\n<p style=\"text-align:left\"><b>Depuis l\u2019\u00e9l\u00e9vation des relations bilat\u00e9rales au niveau d\u2019un Partenariat strat\u00e9gique global en octobre 2024 et les avanc\u00e9es de 2025, quels domaines ont le plus progress\u00e9, et quelles perspectives concr\u00e8tes s\u2019ouvrent pour 2026 ?<\/b><\/p>\n<p style=\"text-align:left\">Le Partenariat strat\u00e9gique global a permis de fixer des objectifs plus ambitieux dans plusieurs domaines prioritaires. La France accompagnera davantage le Vietnam dans sa transition \u00e9nerg\u00e9tique et le renforcement de ses infrastructures. De nombreuses formations de haut niveau ont \u00e9t\u00e9 engag\u00e9es ces derniers mois.<\/p>\n<tr>\n<td class=\"pic\"><img decoding=\"async\" class=\"lazyload\" src=\"https:\/\/www.europesays.com\/fr\/wp-content\/uploads\/2026\/01\/181555-france-3.png\" alt=\"\"\/><\/td>\n<\/tr>\n<tr>\n<td class=\"caption\">Vietnam\u2013France : une coop\u00e9ration strat\u00e9gique renforc\u00e9e \u00e0 travers les projets de d\u00e9veloppement durable.\u00a0<\/td>\n<\/tr>\n<tr align=\"right\">\n<td class=\"author\">Photo : VNA\/CVN<\/td>\n<\/tr>\n<p style=\"text-align:left\">Dans les transports, des accords et m\u00e9morandums d\u2019entente ont \u00e9t\u00e9 sign\u00e9s lors de la visite d\u2019\u00c9tat du pr\u00e9sident Macron, ouvrant un cadre de coop\u00e9ration renforc\u00e9 dans le ferroviaire, l\u2019aviation et les infrastructures de mobilit\u00e9.<\/p>\n<p style=\"text-align:left\">Sur le plan de la d\u00e9fense, une Lettre d\u2019intention a \u00e9t\u00e9 sign\u00e9e entre nos minist\u00e8res, traduisant une volont\u00e9 commune de renforcer la coop\u00e9ration au service de la paix, de la stabilit\u00e9 r\u00e9gionale et de l\u2019autonomie strat\u00e9gique du Vietnam.<\/p>\n<p style=\"text-align:left\"><b>Quelles sont les attentes prioritaires des entreprises fran\u00e7aises en mati\u00e8re d\u2019orientations juridiques et \u00e9conomiques qui seront d\u00e9finies lors du XIVe Congr\u00e8s ?<\/b><\/p>\n<p style=\"text-align:left\">Les entreprises fran\u00e7aises attendent avant tout de la lisibilit\u00e9 et de la pr\u00e9visibilit\u00e9. Elles ont besoin d\u2019un cadre clair sur les proc\u00e9dures, la fiscalit\u00e9, les autorisations et le financement.<\/p>\n<p style=\"text-align:left\">La confiance est r\u00e9elle. Selon les travaux de l\u2019EuroCham, plus de 70% des entreprises europ\u00e9ennes au Vietnam se d\u00e9clarent confiantes dans les perspectives \u00e9conomiques du pays, et une majorit\u00e9 pr\u00e9voit d\u2019y maintenir ou d\u2019y accro\u00eetre ses investissements.<\/p>\n<p style=\"text-align:left\">La France travaille avec le Vietnam et ses partenaires europ\u00e9ens pour que les r\u00e9formes administratives se traduisent par des d\u00e9lais plus courts, plus de transparence et une meilleure capacit\u00e9 d\u2019ex\u00e9cution, ce qui a un impact direct sur l\u2019investissement et l\u2019emploi.<\/p>\n<p style=\"text-align:left\"><b>De quelle mani\u00e8re la France peut-elle accompagner le Vietnam dans des projets comme le train \u00e0 grande vitesse et le nucl\u00e9aire civil ?<\/b><\/p>\n<p style=\"text-align:left\">La France dispose d\u2019une exp\u00e9rience reconnue dans le domaine du train \u00e0 grande vitesse. Chaque ann\u00e9e, plus de 150 millions de passagers utilisent le TGV, et la France d\u00e9tient le record mondial de vitesse sur rail depuis 2007, avec 574 km\/h. Notre coop\u00e9ration avec le Maroc illustre comment ces projets peuvent s\u2019accompagner de formation et de transferts de technologies. La France souhaite travailler avec le Vietnam sur ce type de grands projets. \u00c0 ce titre, la Compagnie g\u00e9n\u00e9rale des chemins de fer du Vietnam (VNR) et la Soci\u00e9t\u00e9 nationale des chemins de fer fran\u00e7ais (SNCF) renforcent d\u00e9j\u00e0 leur coop\u00e9ration, et un consortium franco-espagnol a \u00e9t\u00e9 retenu pour conseiller les autorit\u00e9s vietnamiennes.<\/p>\n<p style=\"text-align:left\">En mati\u00e8re de nucl\u00e9aire civil, la France dispose \u00e9galement d\u2019une expertise ancienne et reconnue. Aujourd\u2019hui, le nucl\u00e9aire repr\u00e9sente environ 67% de la production d\u2019\u00e9lectricit\u00e9 fran\u00e7aise, faisant de la France l\u2019un des producteurs d\u2019\u00e9lectricit\u00e9 les moins carbon\u00e9s d\u2019Europe. Si le Vietnam choisit cette voie, la France peut l\u2019accompagner en mati\u00e8re de s\u00fbret\u00e9, de transferts de comp\u00e9tences et de cadres institutionnels, dans le respect des standards internationaux et des choix souverains du Vietnam. Nous avons \u00e9t\u00e9 heureux d\u2019accueillir une d\u00e9l\u00e9gation vietnamienne au World Nuclear Exhibition de Paris en novembre dernier et poursuivons les discussions avec les autorit\u00e9s vietnamiennes.<\/p>\n<tr>\n<td class=\"pic\"><img decoding=\"async\" class=\"lazyload\" src=\"https:\/\/www.europesays.com\/fr\/wp-content\/uploads\/2026\/01\/182438-france-4.png\" alt=\"\"\/><\/td>\n<\/tr>\n<tr>\n<td class=\"caption\"><\/td>\n<\/tr>\n<tr align=\"right\">\n<td class=\"author\">Photo : VNA\/CVN<\/td>\n<\/tr>\n<p style=\"text-align:left\"><b>En quoi le Congr\u00e8s peut-il cr\u00e9er de nouveaux leviers pour approfondir le partenariat Vietnam &#8211; France et la coop\u00e9ration Vietnam &#8211; UE ?<\/b><\/p>\n<p style=\"text-align:left\">Le Congr\u00e8s va officialiser les priorit\u00e9s vietnamiennes. Pour la France, cela permet d\u2019aligner pr\u00e9cis\u00e9ment les coop\u00e9rations autour de calendriers r\u00e9alistes et de projets concrets. Concernant l\u2019UE, dont la France est un acteur majeur, nous soutenons l\u2019\u00e9l\u00e9vation des relations entre le Vietnam et l\u2019UE. En 2026, l\u2019objectif est d\u2019approfondir les coop\u00e9rations dans les domaines prioritaires : \u00e9nergie, infrastructures, transports, d\u00e9carbonation, sant\u00e9, formation et \u00e9conomie num\u00e9rique, dans un esprit de partenariat de long terme.<\/p>\n<p style=\"text-align:left\"><b>Pourriez-vous nous partager trois adjectifs d\u00e9crivant les perspectives du Vietnam au cours des cinq \u00e0 dix prochaines ann\u00e9es, et quels messages souhaiteriez-vous transmettre \u00e0 la veille du Congr\u00e8s et \u00e0 l\u2019occasion du T\u00eat 2026 ?<\/b><\/p>\n<p style=\"text-align:left\">Je dirais \u00ab\u00a0ambitieux\u00a0\u00bb, \u00ab\u00a0structur\u00e9\u00a0\u00bb et \u00ab\u00a0ouvert\u00a0\u00bb. Ambitieux, car le Vietnam se fixe des objectifs \u00e9lev\u00e9s ; structur\u00e9, car les r\u00e9formes engag\u00e9es renforcent l\u2019efficacit\u00e9 de l\u2019action publique ; et ouvert, car le Vietnam continue de diversifier ses partenariats et de s\u2019engager activement sur la sc\u00e8ne internationale.<\/p>\n<p style=\"text-align:left\">\u00c0 la veille du XIVe Congr\u00e8s, je souhaite au Vietnam et au peuple vietnamien une pleine r\u00e9ussite pour ce rendez-vous majeur, au service de la prosp\u00e9rit\u00e9 et de la stabilit\u00e9 du pays.<\/p>\n<p style=\"text-align:left\">\u00c0 l\u2019occasion du T\u00eat 2026, qui ouvre l\u2019ann\u00e9e du Cheval de Feu, symbole de renouveau et d\u2019\u00e9lan, j\u2019adresse un message de confiance dans les succ\u00e8s du Vietnam. La France est pr\u00eate \u00e0 travailler avec le Vietnam pour transformer ses priorit\u00e9s en r\u00e9alisations concr\u00e8tes, dans un esprit de respect, de confiance mutuelle et de partenariat durable.<\/p>\n<p style=\"text-align:right\"><b>Propos recueillis par H\u00f4ng Anh\/CVN<\/b><\/p>\n","protected":false},"excerpt":{"rendered":"&#13; Vietnam &#8211; France : la confiance comme socle \u00e0 l\u2019heure du XIVe Congr\u00e8s du Parti&#13; &gt;&gt; Un&hellip;\n","protected":false},"author":2,"featured_media":680235,"comment_status":"","ping_status":"","sticky":false,"template":"","format":"standard","meta":{"footnotes":""},"categories":[4],"tags":[11,4394,10463,1011,27,12,77791,25],"class_list":{"0":"post-680234","1":"post","2":"type-post","3":"status-publish","4":"format-standard","5":"has-post-thumbnail","7":"category-france","8":"tag-actualites","9":"tag-congres","10":"tag-cooperation","11":"tag-fr","12":"tag-france","13":"tag-news","14":"tag-olivier-brochet","15":"tag-republique-francaise"},"share_on_mastodon":{"url":"https:\/\/pubeurope.com\/@fr\/115935990799578978","error":""},"_links":{"self":[{"href":"https:\/\/www.europesays.com\/fr\/wp-json\/wp\/v2\/posts\/680234","targetHints":{"allow":["GET"]}}],"collection":[{"href":"https:\/\/www.europesays.com\/fr\/wp-json\/wp\/v2\/posts"}],"about":[{"href":"https:\/\/www.europesays.com\/fr\/wp-json\/wp\/v2\/types\/post"}],"author":[{"embeddable":true,"href":"https:\/\/www.europesays.com\/fr\/wp-json\/wp\/v2\/users\/2"}],"replies":[{"embeddable":true,"href":"https:\/\/www.europesays.com\/fr\/wp-json\/wp\/v2\/comments?post=680234"}],"version-history":[{"count":0,"href":"https:\/\/www.europesays.com\/fr\/wp-json\/wp\/v2\/posts\/680234\/revisions"}],"wp:featuredmedia":[{"embeddable":true,"href":"https:\/\/www.europesays.com\/fr\/wp-json\/wp\/v2\/media\/680235"}],"wp:attachment":[{"href":"https:\/\/www.europesays.com\/fr\/wp-json\/wp\/v2\/media?parent=680234"}],"wp:term":[{"taxonomy":"category","embeddable":true,"href":"https:\/\/www.europesays.com\/fr\/wp-json\/wp\/v2\/categories?post=680234"},{"taxonomy":"post_tag","embeddable":true,"href":"https:\/\/www.europesays.com\/fr\/wp-json\/wp\/v2\/tags?post=680234"}],"curies":[{"name":"wp","href":"https:\/\/api.w.org\/{rel}","templated":true}]}}