{"id":680242,"date":"2026-01-22T00:54:08","date_gmt":"2026-01-22T00:54:08","guid":{"rendered":"https:\/\/www.europesays.com\/fr\/680242\/"},"modified":"2026-01-22T00:54:08","modified_gmt":"2026-01-22T00:54:08","slug":"lille-genesio-et-lobjectif-ligue-europa-maxifoot","status":"publish","type":"post","link":"https:\/\/www.europesays.com\/fr\/680242\/","title":{"rendered":"Lille : Genesio et l&#039;objectif Ligue Europa &#8211; Maxifoot"},"content":{"rendered":"<ol>\n<li><a href=\"https:\/\/news.google.com\/rss\/articles\/CBMihwFBVV95cUxNZzNkQzVUcFZOSlpEN29EMjFZY0RjZS1XbGZlV3Y2Y2ZyQnJVR2ZEUFdhZTlrT1JDNnZ2SEtzX2tObjNZVTJmdFVmVHd5aW5TUHlpemlOVG1EdWNwUktUeTg1WWlCNlNNVGtkWVc0ZWdqWDJvWkNuek4xOXhYZUJYeWpYSlZOWmvSAYcBQVVfeXFMTWlteHcwVE5yX0VleG1hLTlQRVkyZ25NNTZnTTdkc3Rsay1lblR2b1BHWlB2TDBxQXliV0pUTjQ3SVRNU0NQbTZkLWpONHdkMURvdmUzNnhMYkVHWHJQTDA1LWtaX29vZnFTTUtmc1VSUl90clQ2UmR2X2EwdDhDaEpUdjY4U1Q0?oc=5\" target=\"_blank\" rel=\"noopener\">Lille : Genesio et l&rsquo;objectif Ligue Europa<\/a>&nbsp;&nbsp;Maxifoot<\/li>\n<li><a href=\"https:\/\/news.google.com\/rss\/articles\/CBMi3AFBVV95cUxObWwzX2h4Y01NWHlXcG5SWi1Xc0lUSnVjN0xfUEZZQUo2TmFEUDNlYkdZTUNSWUFfSEtLUEdyaGZsU1k0MzFRS09GM0dmV3dWMUtDTEpXMXdwSC1lbzZQZnV1OTVQR2M3Q3lNRGVwOFZVZ0l6Q2JMUWRqNm5iaTdvbXZ0dVc2S05Sam5YTDBMaXBxVTd6YzNMRnRKcTVuRkxXOTBMenZXTXdqNkZMSXdTTWw1SHpENms3UjAxMUo1cFJhaFd0OW1GbWJFNzVPMkxUeVBuMXA3QjkyOE1z?oc=5\" target=\"_blank\" rel=\"noopener\">Ligue Europa : Alexsandro de retour, Lille retire Ethan Mbapp\u00e9 de sa liste des joueurs qualifi\u00e9s<\/a>&nbsp;&nbsp;L&rsquo;\u00c9quipe<\/li>\n<li><a href=\"https:\/\/news.google.com\/rss\/articles\/CBMixgFBVV95cUxPM0Z2OTFzb24xVjJsX2dsLUdkME9NdS1uQmVLVm4ySmlIYzhwNThkdHBiOGphV0dOLVg5eXY3aHZXeUk2dFdYMzJaSEMtWFBDdVYwaWl2ZVRmUVZHWlBzVHVtamQ1Y0s4dmxycDhPSll5ZGgwdklVZ2wxREtSZ0lrcnFTNktzRkJVM0Nzd1FqUVJXZ1EwaF85a3p6QjlTRndzaXNDR3NPcjZOQ1pUc1RWTW95ZXQ3eTRiSERpbGU1N1c4VTR1OXfSAcQBQVVfeXFMTWZGbTRsakJZcmFZOGdWVzh2Q01SRHY0S1JQMXkzMW1iWmZzRG1tdFl1ZjBlTjREd2lidkFiUzhUV1JWcUJSNHZoQjE2RnNXdV8yblNTTGtLVFpoZThYTXFLWGE4VDA3X2dBVHVZVVp4LW04a2VFWnhuWUVNaHdCS3ppWXNaYlRfWXN3WU4yM0t2WW1VVVVLSWFyT2s2ZXd0OFkwR0dSeFBYRmktTkRBWmo5MHpCNEdOTnVISXBOTEVLQzJuRg?oc=5\" target=\"_blank\" rel=\"noopener\">Lille &#8211; Genesio : \u00ab On n&rsquo;est pas l\u00e0 pour faire des calculs \u00bb : Sports &#8211; Orange<\/a>&nbsp;&nbsp;Sports &#8211; Orange<\/li>\n<li><a href=\"https:\/\/news.google.com\/rss\/articles\/CBMiygFBVV95cUxOOG9CTkVLUE16bjRsNVc3ZWh2UUpvRjQyYnQ0dm9QblJqOXVmYWE3aXhBVmtSZDRfVHo4TldnMmxHbnhXSVpDUnR4anRUZ3pGYlpPU0lWbktVdDhXbV9nc0c3YmdnaTctMFJ5T1hxdEtCcHRKM1FOQ1pjU3VFVkRuOExoMWk0aWF6R0JSRHdMT1BPOWt2OFpZS05taG5jRmVyV1RqVloySDFyQUgxTWZHSE5rYlBENjEyYUluOW12YkMxODdfRU5BaWN3?oc=5\" target=\"_blank\" rel=\"noopener\">PRONOS PARIS RMC Les paris sur Celta &#8211; Lille du 22 janvier \u2013 Ligue Europa<\/a>&nbsp;&nbsp;RMC Sport<\/li>\n<li><a href=\"https:\/\/news.google.com\/rss\/articles\/CBMi2AFBVV95cUxPdGw1RllfanNFUmpvZDNXZEZ4OUJRZlFTcm9wNk5wdDlvNmkwZ1c5aFNFeUFWVjZZbXhFaXZzSVJIZ0J1Ykw3a19jbHh1ZE9IeFRnbDBwZUtLZDJ5ZmxlcEVtN2pFNExndWZmZkxrX1pVdzl4RmtaRE5CRmZxUGRHR05YOTRIN0lxVmxXVzZuYlZ5VTc3ejN0a01ZUnZLS2ZuVDhYbmlWYmJ0TFI3M25VNk5PT2VIZDdGVEdmb3Jma3RtVGY5OWY2T1F4WmhJRGt4ME0tUHBWTFE?oc=5\" target=\"_blank\" rel=\"noopener\">LOSC &#8211; Bruno Genesio r\u00e9cup\u00e8re deux \u00e9l\u00e9ments \u00e0 l&rsquo;entra\u00eenement avant le Celta Vigo<\/a>&nbsp;&nbsp;MadeInDogues<\/li>\n<\/ol>\n","protected":false},"excerpt":{"rendered":"Lille : Genesio et l&rsquo;objectif Ligue Europa&nbsp;&nbsp;Maxifoot Ligue Europa : Alexsandro de retour, Lille retire Ethan Mbapp\u00e9 de&hellip;\n","protected":false},"author":2,"featured_media":680243,"comment_status":"","ping_status":"","sticky":false,"template":"","format":"standard","meta":{"footnotes":""},"categories":[1410],"tags":[2266,2262,2261,1981,83,2260,451,2263,462,2269,2257,63,1011,27,2265,1441,453,66,447,2267,955,2268,241,149,70,1817,93,2264,2258,2259,60,969,455],"class_list":{"0":"post-680242","1":"post","2":"type-post","3":"status-publish","4":"format-standard","5":"has-post-thumbnail","7":"category-football","8":"tag-as-monaco","9":"tag-bundesligua","10":"tag-calcio","11":"tag-classement","12":"tag-coupe-de-france","13":"tag-coupe-de-la-ligue","14":"tag-coupe-du-monde","15":"tag-equipe","16":"tag-fc-nantes","17":"tag-fifa","18":"tag-foot","19":"tag-football","20":"tag-fr","21":"tag-france","22":"tag-girondins-bordeaux","23":"tag-joueur","24":"tag-liga","25":"tag-ligue-1","26":"tag-ligue-des-champions","27":"tag-losc","28":"tag-match","29":"tag-ogc-nice","30":"tag-ol","31":"tag-om","32":"tag-premier-league","33":"tag-pronostic","34":"tag-psg","35":"tag-rc-lens","36":"tag-resultat","37":"tag-score","38":"tag-sports","39":"tag-transfert","40":"tag-uefa"},"share_on_mastodon":{"url":"https:\/\/pubeurope.com\/@fr\/115936026110928959","error":""},"_links":{"self":[{"href":"https:\/\/www.europesays.com\/fr\/wp-json\/wp\/v2\/posts\/680242","targetHints":{"allow":["GET"]}}],"collection":[{"href":"https:\/\/www.europesays.com\/fr\/wp-json\/wp\/v2\/posts"}],"about":[{"href":"https:\/\/www.europesays.com\/fr\/wp-json\/wp\/v2\/types\/post"}],"author":[{"embeddable":true,"href":"https:\/\/www.europesays.com\/fr\/wp-json\/wp\/v2\/users\/2"}],"replies":[{"embeddable":true,"href":"https:\/\/www.europesays.com\/fr\/wp-json\/wp\/v2\/comments?post=680242"}],"version-history":[{"count":0,"href":"https:\/\/www.europesays.com\/fr\/wp-json\/wp\/v2\/posts\/680242\/revisions"}],"wp:featuredmedia":[{"embeddable":true,"href":"https:\/\/www.europesays.com\/fr\/wp-json\/wp\/v2\/media\/680243"}],"wp:attachment":[{"href":"https:\/\/www.europesays.com\/fr\/wp-json\/wp\/v2\/media?parent=680242"}],"wp:term":[{"taxonomy":"category","embeddable":true,"href":"https:\/\/www.europesays.com\/fr\/wp-json\/wp\/v2\/categories?post=680242"},{"taxonomy":"post_tag","embeddable":true,"href":"https:\/\/www.europesays.com\/fr\/wp-json\/wp\/v2\/tags?post=680242"}],"curies":[{"name":"wp","href":"https:\/\/api.w.org\/{rel}","templated":true}]}}