{"id":680272,"date":"2026-01-22T01:10:20","date_gmt":"2026-01-22T01:10:20","guid":{"rendered":"https:\/\/www.europesays.com\/fr\/680272\/"},"modified":"2026-01-22T01:10:20","modified_gmt":"2026-01-22T01:10:20","slug":"municipales-2026-francois-paquet-cauet-soutient-juanico-a-saint-etienne","status":"publish","type":"post","link":"https:\/\/www.europesays.com\/fr\/680272\/","title":{"rendered":"Municipales 2026. Fran\u00e7ois Paquet-Cau\u00ebt soutient Juanico \u00e0 Saint-Etienne"},"content":{"rendered":"<p><img loading=\"lazy\" decoding=\"async\" alt=\"\u00a9 DR - Le socialiste R\u00e9gis Juanico f\u00e9d\u00e8re les \u00e9cologistes et communistes dans une liste commune.\" data-zoom-src=\"https:\/\/www.europesays.com\/fr\/wp-content\/uploads\/2026\/01\/initial-regis-juanico-et-francois-paquet-cauet.jpg\" data-zoomable=\"\" height=\"702\" src=\"https:\/\/www.europesays.com\/fr\/wp-content\/uploads\/2026\/01\/initial-regis-juanico-et-francois-paquet-cauet.jpg\" width=\"1248\"\/>  <\/p>\n<p class=\"article-desc\">\u00a9 DR &#8211; Le socialiste R\u00e9gis Juanico f\u00e9d\u00e8re les \u00e9cologistes et communistes dans une liste commune. <\/p>\n<p><a href=\"https:\/\/mesinfos.fr\/42000-saint-etienne\/municipales-2026-le-socialiste-regis-juanico-chef-de-file-de-la-gauche-a-saint-etienne-230378.html\" rel=\"noopener nofollow\" target=\"_blank\">R\u00e9gis Juanico<\/a>, t\u00eate de liste <strong>Rassembler Saint-\u00c9tienne<\/strong>, pour les <strong>\u00e9lections municipales 2026<\/strong>, a annonc\u00e9 l&rsquo;arriv\u00e9e de<strong> Fran\u00e7ois Paquet-Cau\u00ebt<\/strong>, ancien b\u00e2tonnier du barreau de Saint-\u00c9tienne, \u00e0 la pr\u00e9sidence de son <strong>comit\u00e9 de soutien<\/strong>. <\/p>\n<p>R\u00e9gis Juanico f\u00e9d\u00e8re les <strong>\u00e9cologistes <\/strong>et <strong>communistes <\/strong><a href=\"https:\/\/mesinfos.fr\/42000-saint-etienne\/municipales-2026-regis-juanico-rassemble-les-communistes-et-les-ecologistes-a-saint-etienne-234072.html\" rel=\"noopener nofollow\" target=\"_blank\">dans une liste commune<\/a> dont la composition compl\u00e8te sera pr\u00e9sent\u00e9e le jeudi 5 f\u00e9vrier \u00e0 19 heures au Megarama Jean-Jaur\u00e8s.\u00a0 <\/p>\n<p>L&rsquo;avocat st\u00e9phanois supporte la candidature de R\u00e9gis Juanico aux prochaines municipales <\/p>\n<p>\u00ab\u00a0C\u2019est un grand honneur de pouvoir compter sur Fran\u00e7ois Paquet-Cau\u00ebt \u00e0 nos c\u00f4t\u00e9s. Son parcours, son exigence professionnelle, son attachement profond \u00e0 Saint-\u00c9tienne et aux valeurs de justice et d\u2019\u00e9thique publique seront des atouts pr\u00e9cieux pour notre d\u00e9marche de rassemblement et de renouveau d\u00e9mocratique\u00a0\u00bb, pr\u00e9cise l&rsquo;ancien d\u00e9put\u00e9. <\/p>\n<p>Avocat inscrit au barreau de Saint-\u00c9tienne depuis 2011,<a href=\"https:\/\/mesinfos.fr\/42000-saint-etienne\/francois-paquet-cauet-nouveau-batonnier-de-l-ordre-des-avocats-de-saint-etienne-de-nombreuses-cordes-a-notre-arc-pour-accompagner-les-justiciables-190386.html\" rel=\"noopener nofollow\" target=\"_blank\"> Fran\u00e7ois Paquet-Cau\u00ebt<\/a> a \u00e9t\u00e9 membre du conseil de l\u2019Ordre, pr\u00e9sident de la commission p\u00e9nale du barreau de 2021 \u00e0 2023, puis \u00e9lu b\u00e2tonnier pour le mandat 2024-2025, \u00e0 l&rsquo;\u00e2ge de 39 ans.<\/p>\n","protected":false},"excerpt":{"rendered":"\u00a9 DR &#8211; Le socialiste R\u00e9gis Juanico f\u00e9d\u00e8re les \u00e9cologistes et communistes dans une liste commune. R\u00e9gis Juanico,&hellip;\n","protected":false},"author":2,"featured_media":680273,"comment_status":"","ping_status":"","sticky":false,"template":"","format":"standard","meta":{"footnotes":"","_share_on_mastodon":"0"},"categories":[9653],"tags":[1111,11,2430,1777,674,1011,27,3434,12,25,4001,37919,15880],"class_list":["post-680272","post","type-post","status-publish","format-standard","has-post-thumbnail","category-saint-etienne","tag-actu","tag-actualites","tag-auvergne-rhone-alpes","tag-eu","tag-europe","tag-fr","tag-france","tag-municipales-2026","tag-news","tag-republique-francaise","tag-saint-etienne","tag-u00c9lections","tag-ville-de-saint-etienne"],"share_on_mastodon":{"url":"https:\/\/pubeurope.com\/@fr\/115936088775633559","error":""},"_links":{"self":[{"href":"https:\/\/www.europesays.com\/fr\/wp-json\/wp\/v2\/posts\/680272","targetHints":{"allow":["GET"]}}],"collection":[{"href":"https:\/\/www.europesays.com\/fr\/wp-json\/wp\/v2\/posts"}],"about":[{"href":"https:\/\/www.europesays.com\/fr\/wp-json\/wp\/v2\/types\/post"}],"author":[{"embeddable":true,"href":"https:\/\/www.europesays.com\/fr\/wp-json\/wp\/v2\/users\/2"}],"replies":[{"embeddable":true,"href":"https:\/\/www.europesays.com\/fr\/wp-json\/wp\/v2\/comments?post=680272"}],"version-history":[{"count":0,"href":"https:\/\/www.europesays.com\/fr\/wp-json\/wp\/v2\/posts\/680272\/revisions"}],"wp:featuredmedia":[{"embeddable":true,"href":"https:\/\/www.europesays.com\/fr\/wp-json\/wp\/v2\/media\/680273"}],"wp:attachment":[{"href":"https:\/\/www.europesays.com\/fr\/wp-json\/wp\/v2\/media?parent=680272"}],"wp:term":[{"taxonomy":"category","embeddable":true,"href":"https:\/\/www.europesays.com\/fr\/wp-json\/wp\/v2\/categories?post=680272"},{"taxonomy":"post_tag","embeddable":true,"href":"https:\/\/www.europesays.com\/fr\/wp-json\/wp\/v2\/tags?post=680272"}],"curies":[{"name":"wp","href":"https:\/\/api.w.org\/{rel}","templated":true}]}}